{"id":305435,"date":"2025-12-24T20:25:45","date_gmt":"2025-12-24T20:25:45","guid":{"rendered":"https:\/\/www.europesays.com\/es\/305435\/"},"modified":"2025-12-24T20:25:45","modified_gmt":"2025-12-24T20:25:45","slug":"programacion-cine-goya-del-26-al-28-de-diciembre-caspe-es","status":"publish","type":"post","link":"https:\/\/www.europesays.com\/es\/305435\/","title":{"rendered":"PROGRAMACI\u00d3N CINE GOYA del 26 al 28 de diciembre &#8211; caspe.es"},"content":{"rendered":"<ol>\n<li><a href=\"https:\/\/news.google.com\/rss\/articles\/CBMiekFVX3lxTE02UmFETW9WbE9EWVU3ejdrXy1Ob1lWdnVoNVBEM3BLV0Rad3h6eU1JdjRVVHdVNmxITHhlNjR3Z3owNU1IMWdJbHpnR2pQLThmQnBQTlNCR21vZDdZOElZX1ZXSzVxUm9NMGZNLTlzNG1JakZPT0VpdGF3?oc=5\" target=\"_blank\" rel=\"nofollow noopener\">PROGRAMACI\u00d3N CINE GOYA del 26 al 28 de diciembre<\/a>&nbsp;&nbsp;caspe.es<\/li>\n<li><a href=\"https:\/\/news.google.com\/rss\/articles\/CBMiVEFVX3lxTE5taFNmOXFQNEp2NFYySTRDc0VKMGFfQ1pMaU9XY2RqQTN0dFNkR2MyRS10SWNVWWdWeVdWUlhlOVc1TUkyV1N4V2N5bnB0RklxM2l5TQ?oc=5\" target=\"_blank\" rel=\"nofollow noopener\">Wicked en el Nuevo Teatro Alcal\u00e1: la historia jam\u00e1s contada de las brujas de Oz<\/a>&nbsp;&nbsp;Cadena SER<\/li>\n<li><a href=\"https:\/\/news.google.com\/rss\/articles\/CBMiiwFBVV95cUxPYnhweXU4b09BdU9fOEdFWGs0VXFyV29oRkJNa0I1N0FkUm1nRW1jMkhpZHVpbnVUcXRSMUFyU2FnLXpWdmZkc1dXRzdlVWszcWFaclF5YjdxbWVidERiMjl3blhnaHM2YTNVbFBfNFV3MWNFZVNzakFtQ1BGMVgtODAzZWgwVlhZbm440gGfAUFVX3lxTE5mWlU5eWlDYTVoc3BYZzJPOHptRWF0bE9Id05xNFg2V2w4UEttMzctT0ZhLW5Za1RVcDNWUVJmYVRhODFoX0NiYkM5MC1NbVBhUDBZdDNsWl9vcklBSVg2ZUlLNVpLYnUxNVQ0Yzh6VTBYbjlvXzhhMGF1V3l0Mkt2SXh6aENUVGQ5WnJudnBiSXNVODNpaFlGQkV2RERBdw?oc=5\" target=\"_blank\" rel=\"nofollow noopener\">&#8216;Wicked&#8217;, nunca al rosa le sent\u00f3 tan bien el verde<\/a>&nbsp;&nbsp;El HuffPost<\/li>\n<li><a href=\"https:\/\/news.google.com\/rss\/articles\/CBMi5gFBVV95cUxOUGhxbllHcFJQb2VVV2g0M2t4R0Nmay05SGNvV0poakwxekh6M1FjLU90YVVKVzRwSDd5SXVUZ3hydkJwelltRXotMHBINjJ2UjVxUmxjeG1VQzNQQXY3d3Y1NE42dGlqTmt0dE1xQjFjNVBVeXVJSlZlajYzTkJvQ2t3N1lzSTNYYlBlSllBaGZiX1hHdWpIUVlEUXlzMXloYnptaGxmbllyOFZXYUgwcm1temV2Mnp4UXpZSE9qa2pYQnZMZ09tY19WeTBEcFA5c1dHejBucUlhem9CeVJuMjhRekc1Zw?oc=5\" target=\"_blank\" rel=\"nofollow noopener\">Videos\/Fotos: Ariana Grande, Cynthia Erivo, Baz Luhrmann y m\u00e1s en la celebraci\u00f3n de WICKED: FOR GOOD en Hollywood.<\/a>&nbsp;&nbsp;BroadwayWorld.com<\/li>\n<li><a href=\"https:\/\/news.google.com\/rss\/articles\/CBMiqwFBVV95cUxOMkNGMW9VS3RWZTBkVVBpLUFyOElhUk1fekt3UC1Wc09Ma0RKX0ZJcHJFTjA4azZXVkFnaXdLUjZnWmtGUWdEYVhnUU5GRGxISVJlUVNiREdDX01fVXFNUTNrYXZkclB3RTEzcU9JV3R5TTYtdEZ2ZHlvd1psQzJwZl9uMTEtRGlKZ0JMSWgwR2wtT0stelktemROTExxU3ZCRjBVaTd6TjVRaUU?oc=5\" target=\"_blank\" rel=\"nofollow noopener\">WICKED: LA REALIDAD DE LA VIDA\u2026 LA SUERTE DE LA BRUJA, LA PRINCESA LA DESEA<\/a>&nbsp;&nbsp;Tomatazos<\/li>\n<\/ol>\n","protected":false},"excerpt":{"rendered":"PROGRAMACI\u00d3N CINE GOYA del 26 al 28 de diciembre&nbsp;&nbsp;caspe.es Wicked en el Nuevo Teatro Alcal\u00e1: la historia jam\u00e1s&hellip;\n","protected":false},"author":2,"featured_media":305436,"comment_status":"","ping_status":"","sticky":false,"template":"","format":"standard","meta":{"footnotes":""},"categories":[91],"tags":[146,147,25,24,23],"class_list":{"0":"post-305435","1":"post","2":"type-post","3":"status-publish","4":"format-standard","5":"has-post-thumbnail","7":"category-entretenimiento","8":"tag-entertainment","9":"tag-entretenimiento","10":"tag-es","11":"tag-espana","12":"tag-spain"},"share_on_mastodon":{"url":"https:\/\/pubeurope.com\/@es\/115776423589660691","error":""},"_links":{"self":[{"href":"https:\/\/www.europesays.com\/es\/wp-json\/wp\/v2\/posts\/305435","targetHints":{"allow":["GET"]}}],"collection":[{"href":"https:\/\/www.europesays.com\/es\/wp-json\/wp\/v2\/posts"}],"about":[{"href":"https:\/\/www.europesays.com\/es\/wp-json\/wp\/v2\/types\/post"}],"author":[{"embeddable":true,"href":"https:\/\/www.europesays.com\/es\/wp-json\/wp\/v2\/users\/2"}],"replies":[{"embeddable":true,"href":"https:\/\/www.europesays.com\/es\/wp-json\/wp\/v2\/comments?post=305435"}],"version-history":[{"count":0,"href":"https:\/\/www.europesays.com\/es\/wp-json\/wp\/v2\/posts\/305435\/revisions"}],"wp:featuredmedia":[{"embeddable":true,"href":"https:\/\/www.europesays.com\/es\/wp-json\/wp\/v2\/media\/305436"}],"wp:attachment":[{"href":"https:\/\/www.europesays.com\/es\/wp-json\/wp\/v2\/media?parent=305435"}],"wp:term":[{"taxonomy":"category","embeddable":true,"href":"https:\/\/www.europesays.com\/es\/wp-json\/wp\/v2\/categories?post=305435"},{"taxonomy":"post_tag","embeddable":true,"href":"https:\/\/www.europesays.com\/es\/wp-json\/wp\/v2\/tags?post=305435"}],"curies":[{"name":"wp","href":"https:\/\/api.w.org\/{rel}","templated":true}]}}