{"id":305453,"date":"2025-12-24T20:40:14","date_gmt":"2025-12-24T20:40:14","guid":{"rendered":"https:\/\/www.europesays.com\/es\/305453\/"},"modified":"2025-12-24T20:40:14","modified_gmt":"2025-12-24T20:40:14","slug":"david-bisbal-sorprende-con-su-visita-a-los-pacientes-de-un-hospital-en-madrid-a-pocas-horas-de-navidad","status":"publish","type":"post","link":"https:\/\/www.europesays.com\/es\/305453\/","title":{"rendered":"David Bisbal sorprende con su visita a los pacientes de un hospital en Madrid a pocas horas de Navidad"},"content":{"rendered":"<p>                        El cantante ofreci\u00f3 su \u00faltimo gran concierto en el Palau Sant Jordi\n<\/p>\n<p>                <img decoding=\"async\" class=\"nolazy\" alt=\"David Bisbal sorprende con su visita a los pacientes de un hospital en Madrid a pocas horas de Navidad\" src=\"https:\/\/www.europesays.com\/es\/wp-content\/uploads\/2025\/12\/694bfdaec05e6.jpeg\" heigth=\"465\" width=\"948\"\/><\/p>\n<p>\n                     Video\n                <\/p>\n<p data-gtm-element-container=\"modulo-texto-link\" class=\"paragraph\">Con una visita sorpresa a los pacientes ingresados en el Hospital HM Madrid R\u00edo, el cantante <strong>David Bisbal <\/strong>ha puesto punto final a su gira navide\u00f1a, una iniciativa con la que ha querido acercar la m\u00fasica y la emoci\u00f3n tanto a los pacientes como a los profesionales sanitarios a pocas horas de la <strong>Nochebuena<\/strong>.<\/p>\n<p>    Lee tambi\u00e9n<\/p>\n<p data-gtm-element-container=\"modulo-texto-link\" class=\"paragraph\">El cantante almeriense cerr\u00f3 con esta actuaci\u00f3n en el Hospital HM Madrid R\u00edo su gira navide\u00f1a, con la que ha actuado por toda Espa\u00f1a, <strong>despu\u00e9s de ofrecer su \u00faltimo gran concierto el pasado 23 de diciembre en el Palau Sant Jordi <\/strong>de Barcelona.<\/p>\n<p>\n        Mostrar comentarios\n    <\/p>\n<p>{\u00aballowComment\u00bb:\u00bballowed\u00bb,\u00bbarticleId\u00bb:\u00bbarticle-1002591873&#8243;,\u00bburl\u00bb:\u00bbhttps:\\\/\\\/www.mundodeportivo.com\\\/elotromundo\\\/gente\\\/20251224\\\/1002591873\\\/david-bisbal-sorprende-visita-pacientes-hospital-madrid-pocas-horas-navidad-dct.html\u00bb,\u00bblivefyre-url\u00bb:\u00bbarticle-1002591873&#8243;}<\/p>\n<p>Cargando siguiente contenido&#8230;\n                <\/p>\n","protected":false},"excerpt":{"rendered":"El cantante ofreci\u00f3 su \u00faltimo gran concierto en el Palau Sant Jordi Video Con una visita sorpresa a&hellip;\n","protected":false},"author":2,"featured_media":305454,"comment_status":"","ping_status":"","sticky":false,"template":"","format":"standard","meta":{"footnotes":""},"categories":[174],"tags":[255,146,147,25,24,256,23],"class_list":{"0":"post-305453","1":"post","2":"type-post","3":"status-publish","4":"format-standard","5":"has-post-thumbnail","7":"category-famosos","8":"tag-celebrities","9":"tag-entertainment","10":"tag-entretenimiento","11":"tag-es","12":"tag-espana","13":"tag-famosos","14":"tag-spain"},"share_on_mastodon":{"url":"https:\/\/pubeurope.com\/@es\/115776482834377287","error":""},"_links":{"self":[{"href":"https:\/\/www.europesays.com\/es\/wp-json\/wp\/v2\/posts\/305453","targetHints":{"allow":["GET"]}}],"collection":[{"href":"https:\/\/www.europesays.com\/es\/wp-json\/wp\/v2\/posts"}],"about":[{"href":"https:\/\/www.europesays.com\/es\/wp-json\/wp\/v2\/types\/post"}],"author":[{"embeddable":true,"href":"https:\/\/www.europesays.com\/es\/wp-json\/wp\/v2\/users\/2"}],"replies":[{"embeddable":true,"href":"https:\/\/www.europesays.com\/es\/wp-json\/wp\/v2\/comments?post=305453"}],"version-history":[{"count":0,"href":"https:\/\/www.europesays.com\/es\/wp-json\/wp\/v2\/posts\/305453\/revisions"}],"wp:featuredmedia":[{"embeddable":true,"href":"https:\/\/www.europesays.com\/es\/wp-json\/wp\/v2\/media\/305454"}],"wp:attachment":[{"href":"https:\/\/www.europesays.com\/es\/wp-json\/wp\/v2\/media?parent=305453"}],"wp:term":[{"taxonomy":"category","embeddable":true,"href":"https:\/\/www.europesays.com\/es\/wp-json\/wp\/v2\/categories?post=305453"},{"taxonomy":"post_tag","embeddable":true,"href":"https:\/\/www.europesays.com\/es\/wp-json\/wp\/v2\/tags?post=305453"}],"curies":[{"name":"wp","href":"https:\/\/api.w.org\/{rel}","templated":true}]}}