{"id":305455,"date":"2025-12-24T20:43:15","date_gmt":"2025-12-24T20:43:15","guid":{"rendered":"https:\/\/www.europesays.com\/es\/305455\/"},"modified":"2025-12-24T20:43:15","modified_gmt":"2025-12-24T20:43:15","slug":"masashi-kishimoto-ha-encontrado-una-forma-de-enmendar-un-gran-error-de-boruto-pero-despues-de-ocho-anos-no-es-lo-que-esperaba","status":"publish","type":"post","link":"https:\/\/www.europesays.com\/es\/305455\/","title":{"rendered":"Masashi Kishimoto ha encontrado una forma de enmendar un gran error de Boruto, pero despu\u00e9s de ocho a\u00f1os, no es lo que esperaba"},"content":{"rendered":"<p>Cuando Naruto: Shippuden termin\u00f3 y Masashi Kishimoto tom\u00f3 la decisi\u00f3n de mostrar<strong> la descendencia<\/strong> de los protagonistas, todos ten\u00edamos curiosidad sobre <strong>qu\u00e9 tipo de habilidades<\/strong> iban a tener los hijos de <a class=\"text-outboundlink\" href=\"https:\/\/www.3djuegos.com\/manga-anime\/noticias\/naruto-orden-todas-sagas-arcos-relleno-anime-para-vivir-lleno-primeros-pasos-talentoso-ninja-konoha\" data-vars-post-title=\"Naruto: Orden de todas las sagas y arcos de relleno en el anime para vivir de lleno los primeros pasos del talentoso ninja de Konoha\" data-vars-post-url=\"https:\/\/www.3djuegos.com\/manga-anime\/noticias\/naruto-orden-todas-sagas-arcos-relleno-anime-para-vivir-lleno-primeros-pasos-talentoso-ninja-konoha\" rel=\"nofollow noopener\" target=\"_blank\">Naruto<\/a>. Parec\u00eda dif\u00edcil que alguno de ellos (al igual que la hija de Sasuke) pudiera igualar el poder de sus progenitores, m\u00e1s a\u00fan si en uno de ellos se hab\u00eda perdido una de las t\u00e9cnicas de sangre m\u00e1s poderosas de la historia: <strong>el byakugan<\/strong>. Ikemoto se marc\u00f3 un \u00absuj\u00e9tame el cubata\u00bb con respecto a la escala de poder, pero nunca pudo arreglar el error garrafal de Kishimoto cuando este olvid\u00f3 dibujar la t\u00e9cnica de los Hyuga en Boruto. Hasta ahora. El cap\u00edtulo 29 de <strong>Boruto: Two Blue Vortex<\/strong> ha puesto soluci\u00f3n al problema, pero lo cierto es que es un remedio bastante amargo.\u00a0<\/p>\n<p>El problema del byakugan en Boruto<\/p>\n<p>Naruto tiene dos hijos con Hinata: <strong>Boruto y Himawari<\/strong>. Mientras que el primero parece un clon de su padre, la segunda cuenta con muchos rasgos de los Hyuga, incluyendo el byakugan. Desde casi el primer momento, vemos como la peque\u00f1a Uzumaki es capaz de relegar al Kyubi y, de hecho, m\u00e1s tarde se convertir\u00e1 en su portadora.\u00a0<\/p>\n<p>Por el contrario, Boruto parece ser una mezcla de todo menos de la rama de su madre: velocidad como Minato, ense\u00f1anzas Uchiha, t\u00e9cnicas Uzumaki&#8230; Lo \u00fanico que delata su linaje es la manifestaci\u00f3n de un nuevo tipo de ojo, <strong>el jogan<\/strong>, similar al byakugan, pero m\u00e1s enfocado en temas dimensionales.\u00a0<\/p>\n<p>Esta t\u00e9cnica es el resultado de mezclar la l\u00ednea de Naruto con la de Hinata, pero tambi\u00e9n es<strong> un error de Kishimoto<\/strong>, quien se tuvo que inventar algo nuevo al olvidarse de dibujar a Boruto con el byakugan. Tambi\u00e9n cambi\u00f3 un poco las reglas del mismo, ya que al contrario que el resto de Hyugas, el byakugan de Himawari se activa y desactiva sin crear un ojo blanco constante en su portadora.<\/p>\n<p>                   <img class=\"centro_sinmarco\" height=\"615\" width=\"927\" loading=\"lazy\" decoding=\"async\"  fetchpriority=\"high\"  src=\"https:\/\/www.europesays.com\/es\/wp-content\/uploads\/2025\/12\/1766608995_947_450_1000.jpeg\" alt=\"Boruto\"\/><\/p>\n<p>Ahora bien, debido a que hubo<strong> mucho misterio<\/strong> en torno al ojo de Boruto, el p\u00fablico siempre se qued\u00f3 con las ganas de ver a una especie de Naruto con el byakugan. Han tenido que pasar ocho a\u00f1os para que esta petici\u00f3n se cumpla.\u00a0<\/p>\n<p>El <strong>cap\u00edtulo 29 de Boruto: Two Blue Vortex<\/strong> por fin nos ha dejado ver al hijo de Naruto con el byakugan. Tan solo lo ha manifestado en uno de sus ojos (el del jogan), pero esta aparici\u00f3n esconde mucho m\u00e1s de lo que parece, ya que no es tan \u00e9pica como deber\u00eda haber sido. No hay que retroceder mucho para saber que el peque\u00f1o Uzumaki ha hecho un pacto con <strong>Momoshiki Otsutsuki<\/strong>: le entregar\u00e1 su cuerpo a cambio de poder para derrotar a Jura. Justo despu\u00e9s, este manifiesta el byakugan por primera vez.\u00a0<\/p>\n<p>    <a href=\"https:\/\/www.3djuegos.com\/manga-anime\/noticias\/han-pasado-8-anos-que-termino-naruto-todavia-sigue-habiendo-debate-activo-que-ojos-eran-poderosos\" class=\"pivot-outboundlink\" data-vars-post-title=\"Han pasado 8 a\u00f1os desde que termin\u00f3 Naruto, pero todav\u00eda sigue habiendo un debate activo: \u00bfqu\u00e9 ojos eran los m\u00e1s poderosos?  \" rel=\"nofollow noopener\" target=\"_blank\"><br \/>\n     <img loading=\"lazy\" decoding=\"async\" alt=\"Han pasado 8 a\u00f1os desde que termin\u00f3 Naruto, pero todav\u00eda sigue habiendo un debate activo: \u00bfqu\u00e9 ojos eran los m\u00e1s poderosos?  \" width=\"375\" height=\"142\" src=\"https:\/\/www.europesays.com\/es\/wp-content\/uploads\/2025\/12\/1766608995_839_375_142.jpeg\"\/><br \/>\n    <\/a><\/p>\n<p>No hay que ser muy avispado para saber que esta habilidad es fruto del pacto que ha hecho y que, en realidad, el byakugan <strong>no forma parte<\/strong> de sus habilidades propias, sino que es algo \u00abprestado\u00bb. Tras ocho a\u00f1os de espera, ya me hab\u00eda resignado a no ver a Boruto con una de las t\u00e9cnicas oculares m\u00e1s poderosas, pero verlo de esta forma casi que es un recordatorio del error de Kishimoto.\u00a0<\/p>\n<p>En 3Djuegos |\u00a0<a class=\"text-outboundlink\" href=\"https:\/\/www.3djuegos.com\/manga-anime\/noticias\/a-masashi-kishimoto-se-le-ha-ido-cabeza-sharingan-era-tecnica-anticipacion-ahora-capaz-hacer-agujeros-negros-adios-a-escala-poder\" data-vars-post-title=\"A Masashi Kishimoto se le ha ido la cabeza con el sharingan. Era una t\u00e9cnica de anticipaci\u00f3n y ahora es capaz de hacer agujeros negros: &quot;Adi\u00f3s a la escala de poder&quot;  \" data-vars-post-url=\"https:\/\/www.3djuegos.com\/manga-anime\/noticias\/a-masashi-kishimoto-se-le-ha-ido-cabeza-sharingan-era-tecnica-anticipacion-ahora-capaz-hacer-agujeros-negros-adios-a-escala-poder\" rel=\"nofollow noopener\" target=\"_blank\">A Masashi Kishimoto se le ha ido la cabeza con el sharingan. Era una t\u00e9cnica de anticipaci\u00f3n y ahora es capaz de hacer agujeros negros: \u00abAdi\u00f3s a la escala de poder\u00bb<\/a><\/p>\n<p>En 3Djuegos |\u00a0<a class=\"text-outboundlink\" href=\"https:\/\/www.3djuegos.com\/manga-anime\/noticias\/te-gusta-ataque-a-titanes-tienes-que-ver-este-anime-ciencia-ficcion-distopico-que-esta-disponible-crunchyroll-deca-dence\" data-vars-post-title=\"Si te gusta Ataque a los Titanes, tienes que ver este anime de ciencia ficci\u00f3n dist\u00f3pico que est\u00e1 disponible en Crunchyroll, Deca-Dence \" data-vars-post-url=\"https:\/\/www.3djuegos.com\/manga-anime\/noticias\/te-gusta-ataque-a-titanes-tienes-que-ver-este-anime-ciencia-ficcion-distopico-que-esta-disponible-crunchyroll-deca-dence\" rel=\"nofollow noopener\" target=\"_blank\">Si te gusta Ataque a los Titanes, tienes que ver este anime de ciencia ficci\u00f3n dist\u00f3pico que est\u00e1 disponible en Crunchyroll, Deca-Dence<\/a><\/p>\n","protected":false},"excerpt":{"rendered":"Cuando Naruto: Shippuden termin\u00f3 y Masashi Kishimoto tom\u00f3 la decisi\u00f3n de mostrar la descendencia de los protagonistas, todos&hellip;\n","protected":false},"author":2,"featured_media":305456,"comment_status":"","ping_status":"","sticky":false,"template":"","format":"standard","meta":{"footnotes":""},"categories":[171],"tags":[146,147,25,24,23,214],"class_list":{"0":"post-305455","1":"post","2":"type-post","3":"status-publish","4":"format-standard","5":"has-post-thumbnail","7":"category-tv","8":"tag-entertainment","9":"tag-entretenimiento","10":"tag-es","11":"tag-espana","12":"tag-spain","13":"tag-tv"},"share_on_mastodon":{"url":"https:\/\/pubeurope.com\/@es\/115776494996065543","error":""},"_links":{"self":[{"href":"https:\/\/www.europesays.com\/es\/wp-json\/wp\/v2\/posts\/305455","targetHints":{"allow":["GET"]}}],"collection":[{"href":"https:\/\/www.europesays.com\/es\/wp-json\/wp\/v2\/posts"}],"about":[{"href":"https:\/\/www.europesays.com\/es\/wp-json\/wp\/v2\/types\/post"}],"author":[{"embeddable":true,"href":"https:\/\/www.europesays.com\/es\/wp-json\/wp\/v2\/users\/2"}],"replies":[{"embeddable":true,"href":"https:\/\/www.europesays.com\/es\/wp-json\/wp\/v2\/comments?post=305455"}],"version-history":[{"count":0,"href":"https:\/\/www.europesays.com\/es\/wp-json\/wp\/v2\/posts\/305455\/revisions"}],"wp:featuredmedia":[{"embeddable":true,"href":"https:\/\/www.europesays.com\/es\/wp-json\/wp\/v2\/media\/305456"}],"wp:attachment":[{"href":"https:\/\/www.europesays.com\/es\/wp-json\/wp\/v2\/media?parent=305455"}],"wp:term":[{"taxonomy":"category","embeddable":true,"href":"https:\/\/www.europesays.com\/es\/wp-json\/wp\/v2\/categories?post=305455"},{"taxonomy":"post_tag","embeddable":true,"href":"https:\/\/www.europesays.com\/es\/wp-json\/wp\/v2\/tags?post=305455"}],"curies":[{"name":"wp","href":"https:\/\/api.w.org\/{rel}","templated":true}]}}