{"id":305502,"date":"2025-12-24T21:39:16","date_gmt":"2025-12-24T21:39:16","guid":{"rendered":"https:\/\/www.europesays.com\/es\/305502\/"},"modified":"2025-12-24T21:39:16","modified_gmt":"2025-12-24T21:39:16","slug":"lo-que-bernard-hinault-entendia-por-ciclismo-dista-de-lo-actual","status":"publish","type":"post","link":"https:\/\/www.europesays.com\/es\/305502\/","title":{"rendered":"Lo que Bernard Hinault entend\u00eda por ciclismo dista de lo actual\u00a0"},"content":{"rendered":"<p><img fetchpriority=\"high\" decoding=\"async\" class=\"aligncenter size-full wp-image-67398\" src=\"data:image\/svg+xml,%3Csvg%20xmlns=\" http:=\"\" alt=\"\" width=\"1025\" height=\"400\" data-lazy- data-lazy- data-lazy-src=\"https:\/\/www.europesays.com\/es\/wp-content\/uploads\/2025\/11\/anunci-generic-bla-1-1024x120-px-v3-02.jpg\"\/><\/p>\n<p>Lo que Bernard Hinault entend\u00eda por ciclismo dista mucho del actual<\/p>\n<p>Si el ciclismo actual nos acostumbra a l\u00edderes de sonrisa f\u00e1cil y vatios calculados, la figura de Bernard Hinault emerge desde el pasado como un perfil dantesco, casi mitol\u00f3gico.<\/p>\n<p>El \u201cTej\u00f3n\u201d no corr\u00eda para ganar; corr\u00eda para someter.<\/p>\n<p><a class=\"wppaslink\" href=\"https:\/\/joanseguidor.com\/pas\/ccmm-valenciana\/44016\/0\" target=\"_blank\" rel=\"nofollow noopener\"><img decoding=\"async\" src=\"data:image\/svg+xml,%3Csvg%20xmlns=\" http:=\"\" alt=\"CCMM Valenciana\" border=\"0\" data-lazy-src=\"https:\/\/www.europesays.com\/es\/wp-content\/uploads\/2025\/12\/1766612356_79_aralleida-hivern-970x250-crea2-es.jpg\"\/><\/a><\/p>\n<p>Su figura representa el fin de una estirpe: <strong>la del patr\u00f3n que decid\u00eda cu\u00e1ndo se atacaba<\/strong>, qui\u00e9n pod\u00eda entrar en la escapada y cu\u00e1ndo se echaba el pie a tierra en una huelga bajo la lluvia.<\/p>\n<p>Hinault fue el ciclista que convirti\u00f3 el Tour de 1985 en una agon\u00eda personal tras romperse la nariz en Saint-\u00c9tienne, cruzando la meta con el rostro ensangrentado, la mirada perdida pero el orgullo intacto. Esa imagen define su carrera: la resistencia llevada al l\u00edmite del sadismo.<\/p>\n<p>Era el hombre que, en el Giro de Italia, se colaba entre la rivalidad nacionalista de Saronni y Moser para recordarles que, por encima de sus cuitas italianas, mandaba un bret\u00f3n que no entend\u00eda de protocolos ajenos.<\/p>\n<p><strong>Su relaci\u00f3n con Greg LeMond marc\u00f3 el ocaso de su era<\/strong>.<\/p>\n<p>En el Tour de 1986, bajo la promesa de devolver el favor al americano, Hinault firm\u00f3 una de las mayores torturas psicol\u00f3gicas que se recuerdan en el deporte.<\/p>\n<p>Atac\u00f3 cuando no deb\u00eda, tens\u00f3 la cuerda hasta casi romperla y mantuvo a su propio compa\u00f1ero en un estado de paranoia constante.<\/p>\n<p>Aquella etapa de Pau, <strong>donde Perico Delgado se exhibi\u00f3<\/strong>, fue el escenario de un Hinault que, incluso sinti\u00e9ndose inferior f\u00edsicamente, utilizaba su aura para sembrar el p\u00e1nico.<\/p>\n<p>Incapaz de ser un segundo de nadie, su retirada a los 32 a\u00f1os fue el \u00faltimo acto de autoridad: se fue porque quiso, no porque le echaran.<\/p>\n<p>Hinault no buscaba el cari\u00f1o del p\u00fablico, buscaba el respeto del asfalto.<\/p>\n<p>Hoy, al mirar sus m\u00e1s de 70 a\u00f1os y su legado, vemos a un ciclista que entend\u00eda la competici\u00f3n como una guerra de guerrillas.<\/p>\n<p>Fue el hombre que baj\u00f3 de la bici para dar un pu\u00f1etazo a un manifestante y el mismo que, en la nieve de la Lieja-Bastogne-Lieja de 1980, pedale\u00f3 hacia la leyenda mientras sus rivales se refugiaban en los coches.<\/p>\n<p>Dantesco, feroz y, por encima de todo, irrepetible.<\/p>\n","protected":false},"excerpt":{"rendered":"Lo que Bernard Hinault entend\u00eda por ciclismo dista mucho del actual Si el ciclismo actual nos acostumbra a&hellip;\n","protected":false},"author":2,"featured_media":305503,"comment_status":"","ping_status":"","sticky":false,"template":"","format":"standard","meta":{"footnotes":""},"categories":[273],"tags":[72190,313,312,168,25,24,2548,23,167],"class_list":{"0":"post-305502","1":"post","2":"type-post","3":"status-publish","4":"format-standard","5":"has-post-thumbnail","7":"category-ciclismo","8":"tag-bernard-hinault","9":"tag-ciclismo","10":"tag-cycling","11":"tag-deportes","12":"tag-es","13":"tag-espana","14":"tag-featured","15":"tag-spain","16":"tag-sports"},"share_on_mastodon":{"url":"https:\/\/pubeurope.com\/@es\/115776714361181087","error":""},"_links":{"self":[{"href":"https:\/\/www.europesays.com\/es\/wp-json\/wp\/v2\/posts\/305502","targetHints":{"allow":["GET"]}}],"collection":[{"href":"https:\/\/www.europesays.com\/es\/wp-json\/wp\/v2\/posts"}],"about":[{"href":"https:\/\/www.europesays.com\/es\/wp-json\/wp\/v2\/types\/post"}],"author":[{"embeddable":true,"href":"https:\/\/www.europesays.com\/es\/wp-json\/wp\/v2\/users\/2"}],"replies":[{"embeddable":true,"href":"https:\/\/www.europesays.com\/es\/wp-json\/wp\/v2\/comments?post=305502"}],"version-history":[{"count":0,"href":"https:\/\/www.europesays.com\/es\/wp-json\/wp\/v2\/posts\/305502\/revisions"}],"wp:featuredmedia":[{"embeddable":true,"href":"https:\/\/www.europesays.com\/es\/wp-json\/wp\/v2\/media\/305503"}],"wp:attachment":[{"href":"https:\/\/www.europesays.com\/es\/wp-json\/wp\/v2\/media?parent=305502"}],"wp:term":[{"taxonomy":"category","embeddable":true,"href":"https:\/\/www.europesays.com\/es\/wp-json\/wp\/v2\/categories?post=305502"},{"taxonomy":"post_tag","embeddable":true,"href":"https:\/\/www.europesays.com\/es\/wp-json\/wp\/v2\/tags?post=305502"}],"curies":[{"name":"wp","href":"https:\/\/api.w.org\/{rel}","templated":true}]}}