{"id":305516,"date":"2025-12-24T21:50:19","date_gmt":"2025-12-24T21:50:19","guid":{"rendered":"https:\/\/www.europesays.com\/es\/305516\/"},"modified":"2025-12-24T21:50:19","modified_gmt":"2025-12-24T21:50:19","slug":"como-saber-si-estoy-deshidratado-las-senales-que-despiertan-el-alerta","status":"publish","type":"post","link":"https:\/\/www.europesays.com\/es\/305516\/","title":{"rendered":"C\u00f3mo saber si estoy deshidratado: las se\u00f1ales que despiertan el alerta"},"content":{"rendered":"<p><img alt=\"La deshidrataci\u00f3n afecta la salud\" class=\"global-image\" decoding=\"async\" fetchpriority=\"high\" height=\"816\" loading=\"eager\" src=\"https:\/\/www.europesays.com\/es\/wp-content\/uploads\/2025\/12\/3NYEHOIH6NB6NG3J3QPFYD5TTI.jpg\" width=\"1456\"\/>La deshidrataci\u00f3n afecta la salud f\u00edsica y mental, aumentando el riesgo de complicaciones en ni\u00f1os, adultos mayores y embarazadas (Imagen Ilustrativa Infobae)<\/p>\n<p class=\"paragraph\">La <a href=\"https:\/\/www.infobae.com\/tendencias\/2025\/01\/02\/6-senales-menos-conocidas-de-deshidratacion\/\" target=\"_blank\" rel=\"noreferrer nofollow noopener\" title=\"https:\/\/www.infobae.com\/tendencias\/2025\/01\/02\/6-senales-menos-conocidas-de-deshidratacion\/\"><b>deshidrataci\u00f3n<\/b><\/a> es un problema frecuente que <b>puede afectar a personas de cualquier edad y condici\u00f3n<\/b>, con consecuencias que van desde molestias leves hasta emergencias m\u00e9dicas.<b> Reconocer sus s\u00edntomas y entender c\u00f3mo prevenirla resulta esencial para proteger la salud.<\/b><\/p>\n<p class=\"paragraph\">Seg\u00fan especialistas consultados por <b>Infobae<\/b>, la detecci\u00f3n temprana de las se\u00f1ales f\u00edsicas y cognitivas asociadas a la falta de l\u00edquidos puede marcar la diferencia entre mantener el bienestar y enfrentar complicaciones. Esta condici\u00f3n afecta tanto el rendimiento f\u00edsico como mental y representa un mayor riesgo para <b>ni\u00f1os, embarazadas y adultos mayores<\/b>.<\/p>\n<p class=\"paragraph\">Los s\u00edntomas iniciales de la deshidrataci\u00f3n abarcan manifestaciones f\u00edsicas y cognitivas. El neur\u00f3logo <b>Alejandro Andersson<\/b>, director del Instituto de Neurolog\u00eda Buenos Aires (INBA), explic\u00f3: <b>\u201cLa deshidrataci\u00f3n ocurre cuando una persona pierde m\u00e1s l\u00edquido del que ingiere<\/b>, y su cuerpo no tiene suficiente agua y otros fluidos para cumplir sus funciones normales\u201d. <\/p>\n<p><img alt=\"Los s\u00edntomas iniciales de deshidrataci\u00f3n\" class=\"global-image\" decoding=\"async\" fetchpriority=\"low\" height=\"816\" loading=\"lazy\" src=\"https:\/\/www.europesays.com\/es\/wp-content\/uploads\/2025\/12\/BXQPDU2CXVBXXB26MOYOL6SVYU.jpg\" width=\"1456\"\/>Los s\u00edntomas iniciales de deshidrataci\u00f3n incluyen sed intensa, sequedad en la boca, fatiga, dolores de cabeza y confusi\u00f3n mental (Imagen Ilustrativa Infobae)<\/p>\n<p class=\"paragraph\">Harvard Health<b> <\/b>se\u00f1ala que los primeros signos incluyen <b>sed intensa, sequedad en la boca y la piel, orina oscura y escasa, <\/b><a href=\"https:\/\/www.infobae.com\/salud\/2025\/08\/31\/fatiga-diaria-8-habitos-comunes-que-roban-energia-y-como-revertirlos\/\" target=\"_blank\" rel=\"noreferrer nofollow noopener\" title=\"https:\/\/www.infobae.com\/salud\/2025\/08\/31\/fatiga-diaria-8-habitos-comunes-que-roban-energia-y-como-revertirlos\/\"><b>fatiga<\/b><\/a><b>, debilidad y dolor de cabeza<\/b>. A nivel neurol\u00f3gico, pueden presentarse<b> confusi\u00f3n, dificultad para concentrarse y sensaci\u00f3n de lentitud mental.<\/b> <\/p>\n<p class=\"paragraph\">Si la falta de agua progresa, se suman <b>mareos, v\u00e9rtigo, palpitaciones, calambres musculares y cambios en el \u00e1nimo, como irritabilidad. <\/b>Andersson destac\u00f3 que la presencia de s\u00edntomas graves, como desmayos, confusi\u00f3n extrema o shock, requiere atenci\u00f3n m\u00e9dica inmediata. <\/p>\n<p><img alt=\"Una leve disminuci\u00f3n en la\" class=\"global-image\" decoding=\"async\" fetchpriority=\"low\" height=\"816\" loading=\"lazy\" src=\"https:\/\/www.europesays.com\/es\/wp-content\/uploads\/2025\/12\/RZU5LCVREJA5XMX57I5AJWYFOQ.jpg\" width=\"1456\"\/>Una leve disminuci\u00f3n en la hidrataci\u00f3n puede disminuir la concentraci\u00f3n, la memoria y la capacidad de realizar c\u00e1lculos sencillos (Imagen Ilustrativa Infobae)<\/p>\n<p class=\"paragraph\">Adem\u00e1s, <a href=\"https:\/\/www.mdpi.com\/2072-6643\/17\/3\/371\" target=\"_blank\" rel=\"noreferrer nofollow noopener\" title=\"https:\/\/www.mdpi.com\/2072-6643\/17\/3\/371\">estudios<\/a> recientes se\u00f1alan que aun una disminuci\u00f3n leve (del 2%) en la hidrataci\u00f3n puede afectar la concentraci\u00f3n, la memoria y la capacidad para realizar c\u00e1lculos simples.<\/p>\n<p class=\"paragraph\">Frente a los primeros indicios de deshidrataci\u00f3n, es fundamental reponer l\u00edquidos y electrolitos.<b> La ingesta de agua debe ser prioritaria,<\/b> pero ante situaciones de p\u00e9rdidas importantes \u2014como v\u00f3mitos, fiebre, diarrea o ejercicio f\u00edsico prolongado\u2014 puede ser necesario r<b>ecurrir a bebidas con sales minerales o alimentos que contengan agua y minerales. <\/b><\/p>\n<p><img alt=\"Los especialistas recomiendan anticiparse a\" class=\"global-image\" decoding=\"async\" fetchpriority=\"low\" height=\"1080\" loading=\"lazy\" src=\"https:\/\/www.europesays.com\/es\/wp-content\/uploads\/2025\/12\/JTC5JQ7GBVGWDLB54GDCQHUSRE.jpg\" width=\"1920\"\/>Los especialistas recomiendan anticiparse a la sed y repartir el consumo de agua a lo largo del d\u00eda para evitar la deshidrataci\u00f3n (Freepik)<\/p>\n<p class=\"paragraph\">Las autoridades recomiendan <b>no esperar a sentir sed<\/b> para beber l\u00edquidos, ya que la sed indica que la deshidrataci\u00f3n ya comenz\u00f3. Es preferible repartir el consumo de l\u00edquidos a lo largo del d\u00eda, <b>sumando un vaso de agua en cada comida y en actividades sociales o m\u00e9dicas. <\/b><\/p>\n<p class=\"paragraph\">Una orina clara y la ausencia de sed frecuente son se\u00f1ales de una hidrataci\u00f3n adecuada. En quienes practican actividad f\u00edsica intensa, la cantidad de l\u00edquido recomendada puede llegar a <b>cuatro o seis litros por d\u00eda<\/b>, especialmente si hay sudoraci\u00f3n elevada. Tambi\u00e9n es importante vigilar la hidrataci\u00f3n en personas mayores y ni\u00f1os, quienes pueden no manifestar la sensaci\u00f3n de sed con la misma claridad.<\/p>\n<p class=\"paragraph\">El agua es la principal fuente de hidrataci\u00f3n y la opci\u00f3n m\u00e1s saludable. Sin embargo, otras bebidas y alimentos contribuyen a cubrir los requerimientos diarios de l\u00edquidos. <\/p>\n<p class=\"paragraph\">Harvard Health menciona que<b> Infusiones, jugos naturales, frutas y verduras de alto contenido h\u00eddrico (como sand\u00eda, mel\u00f3n, naranja y pepino)<\/b> pueden integrar una dieta orientada a la hidrataci\u00f3n. La recomendaci\u00f3n general para adultos oscila entre <b>dos y 3,7 litros diarios<\/b>, dependiendo de la edad, el sexo, el clima y el grado de actividad f\u00edsica. <\/p>\n<p><img alt=\"El agua es la mejor\" class=\"global-image\" decoding=\"async\" fetchpriority=\"low\" height=\"768\" loading=\"lazy\" src=\"https:\/\/www.europesays.com\/es\/wp-content\/uploads\/2025\/12\/PNQYNH3SEZHTLGYEIGVTHKSPBM.png\" width=\"1408\"\/>El agua es la mejor opci\u00f3n para hidratarse, pero infusiones, jugos naturales y frutas ricas en agua tambi\u00e9n contribuyen a la hidrataci\u00f3n (Imagen Ilustrativa Infobae)<\/p>\n<p class=\"paragraph\">En ni\u00f1os, es fundamental evitar el reemplazo del agua por bebidas azucaradas, ya que esto aumenta tanto el riesgo de deshidrataci\u00f3n como la incidencia de sobrepeso y enfermedades metab\u00f3licas. Los expertos resaltaron la importancia de <b>inculcar h\u00e1bitos de hidrataci\u00f3n saludables desde la infancia<\/b> y facilitar siempre el acceso a l\u00edquidos seguros.<\/p>\n<p class=\"paragraph\">El consumo de bebidas alcoh\u00f3licas contribuye a la deshidrataci\u00f3n porque<b> el alcohol act\u00faa como diur\u00e9tico, acelerando la eliminaci\u00f3n de agua y electrolitos a trav\u00e9s de la orina. <\/b><\/p>\n<p><img alt=\"El alcohol favorece la deshidrataci\u00f3n\" class=\"global-image\" decoding=\"async\" fetchpriority=\"low\" height=\"1080\" loading=\"lazy\" src=\"https:\/\/www.europesays.com\/es\/wp-content\/uploads\/2025\/12\/FTQS6CEETVGCNGAUJC62ZZZNNU.png\" width=\"1920\"\/>El alcohol favorece la deshidrataci\u00f3n al actuar como diur\u00e9tico; alternar agua entre copas ayuda a reducir sus efectos negativos (Visuales Infobae)<\/p>\n<p class=\"paragraph\">Para los nutricionistas, <b>olvidar hidratarse al beber alcohol es el error m\u00e1s com\u00fan durante celebraciones<\/b>. <\/p>\n<p class=\"paragraph\">Harvard Health recomienda <b>alternar cada bebida alcoh\u00f3lica con un vaso de agua<\/b> para atenuar estos efectos. Iniciar los d\u00edas de festejo bien hidratado, seguir la llamada <b>\u201cregla del s\u00e1ndwich de agua\u201d <\/b>\u2014beber agua antes y despu\u00e9s de cada copa\u2014 y mantener siempre agua disponible son estrategias efectivas. <\/p>\n<p class=\"paragraph\">Incorporar frutas ricas en agua y fibra, como <b>sand\u00eda, pepino, mel\u00f3n o apio, <\/b>junto con caldos y yogur, <b>favorece la prevenci\u00f3n de la deshidrataci\u00f3n<\/b>. Adem\u00e1s, reducir el consumo de bebidas azucaradas y mantener una alimentaci\u00f3n equilibrada contribuye de manera significativa al bienestar general.<\/p>\n<p><img alt=\"Consumir sand\u00eda, mel\u00f3n y pepino\" class=\"global-image\" decoding=\"async\" fetchpriority=\"low\" height=\"1080\" loading=\"lazy\" src=\"https:\/\/www.europesays.com\/es\/wp-content\/uploads\/2025\/12\/BCOSNY6RWVEQLPUVSKOKQ2DO2I.png\" width=\"1920\"\/>Consumir sand\u00eda, mel\u00f3n y pepino garantiza una dieta rica en agua y fibra esencial para la hidrataci\u00f3n (Composici\u00f3n Infobae)<\/p>\n<p class=\"paragraph\">Incorporar <b>peque\u00f1os cambios en la rutina<\/b>, como priorizar el agua, estar atentos a las se\u00f1ales del cuerpo y evitar el consumo excesivo de alcohol o bebidas azucaradas, fortalece la salud y previene complicaciones asociadas a la deshidrataci\u00f3n. <\/p>\n<p class=\"paragraph\">Mantener una hidrataci\u00f3n adecuada permite conservar la <b>energ\u00eda, el rendimiento f\u00edsico y mental, y el bienestar en cualquier circunstancia.<\/b><\/p>\n","protected":false},"excerpt":{"rendered":"La deshidrataci\u00f3n afecta la salud f\u00edsica y mental, aumentando el riesgo de complicaciones en ni\u00f1os, adultos mayores y&hellip;\n","protected":false},"author":2,"featured_media":305517,"comment_status":"","ping_status":"","sticky":false,"template":"","format":"standard","meta":{"footnotes":""},"categories":[92],"tags":[21247,72192,72194,25,24,165,72193,72191,2461,166,23,1793],"class_list":{"0":"post-305516","1":"post","2":"type-post","3":"status-publish","4":"format-standard","5":"has-post-thumbnail","7":"category-salud","8":"tag-alimentacion-saludable","9":"tag-bebida-refrescante","10":"tag-dia-soleado","11":"tag-es","12":"tag-espana","13":"tag-health","14":"tag-hidratacion","15":"tag-jugo-de-naranja","16":"tag-mujer","17":"tag-salud","18":"tag-spain","19":"tag-verano"},"share_on_mastodon":{"url":"https:\/\/pubeurope.com\/@es\/115776758510384598","error":""},"_links":{"self":[{"href":"https:\/\/www.europesays.com\/es\/wp-json\/wp\/v2\/posts\/305516","targetHints":{"allow":["GET"]}}],"collection":[{"href":"https:\/\/www.europesays.com\/es\/wp-json\/wp\/v2\/posts"}],"about":[{"href":"https:\/\/www.europesays.com\/es\/wp-json\/wp\/v2\/types\/post"}],"author":[{"embeddable":true,"href":"https:\/\/www.europesays.com\/es\/wp-json\/wp\/v2\/users\/2"}],"replies":[{"embeddable":true,"href":"https:\/\/www.europesays.com\/es\/wp-json\/wp\/v2\/comments?post=305516"}],"version-history":[{"count":0,"href":"https:\/\/www.europesays.com\/es\/wp-json\/wp\/v2\/posts\/305516\/revisions"}],"wp:featuredmedia":[{"embeddable":true,"href":"https:\/\/www.europesays.com\/es\/wp-json\/wp\/v2\/media\/305517"}],"wp:attachment":[{"href":"https:\/\/www.europesays.com\/es\/wp-json\/wp\/v2\/media?parent=305516"}],"wp:term":[{"taxonomy":"category","embeddable":true,"href":"https:\/\/www.europesays.com\/es\/wp-json\/wp\/v2\/categories?post=305516"},{"taxonomy":"post_tag","embeddable":true,"href":"https:\/\/www.europesays.com\/es\/wp-json\/wp\/v2\/tags?post=305516"}],"curies":[{"name":"wp","href":"https:\/\/api.w.org\/{rel}","templated":true}]}}