{"id":305551,"date":"2025-12-24T22:17:12","date_gmt":"2025-12-24T22:17:12","guid":{"rendered":"https:\/\/www.europesays.com\/es\/305551\/"},"modified":"2025-12-24T22:17:12","modified_gmt":"2025-12-24T22:17:12","slug":"caf-cierra-el-2025-con-aprobaciones-record-de-usd-18-560-millones","status":"publish","type":"post","link":"https:\/\/www.europesays.com\/es\/305551\/","title":{"rendered":"CAF cierra el 2025 con aprobaciones r\u00e9cord de USD 18.560 millones"},"content":{"rendered":"<p>CAF -banco de desarrollo de Am\u00e9rica Latina y el Caribe- cerr\u00f3 el 2025 con resultados hist\u00f3ricos. La instituci\u00f3n <strong>aprob\u00f3\u00a0USD 18.560 millones\u00a0en financiamiento para el desarrollo sostenible -el monto m\u00e1s alto en sus 56 a\u00f1os de vida-, y estableci\u00f3 un nuevo r\u00e9cord de USD 8.300 millones en emisiones de bonos internacionales<\/strong>.\u00a0<\/p>\n<p>Adicionalmente, consolid\u00f3 su liderazgo en la acci\u00f3n clim\u00e1tica con el anuncio de inversi\u00f3n de USD 40.000 millones, ampli\u00f3 su membres\u00eda a 24 pa\u00edses, fortaleci\u00f3 su solidez financiera con calificaciones sin precedentes, articul\u00f3 la voz de Am\u00e9rica Latina y el Caribe en grandes foros globales y garantiz\u00f3 su proyecci\u00f3n al 2031 con la reelecci\u00f3n de Sergio D\u00edaz-Granados como presidente ejecutivo.<\/p>\n<p>La financiaci\u00f3n aprobada por CAF en 2025 se destinar\u00e1 a sectores estrat\u00e9gicos como el\u00a0transporte, movilidad sostenible, transici\u00f3n energ\u00e9tica, resiliencia clim\u00e1tica, seguridad h\u00eddrica, pymes, sector agr\u00edcola, educaci\u00f3n y salud, infraestructura, inclusi\u00f3n social y desarrollo urbano, incluyendo la transformaci\u00f3n de barrios vulnerables y la modernizaci\u00f3n de sistemas penitenciarios.<\/p>\n<p>\u201cLos resultados del 2025 son el fruto de una estrategia clara y del compromiso de todo nuestro equipo. Hemos cumplido nuestras metas verdes antes de lo previsto, logramos la mejor calificaci\u00f3n de riesgo en nuestra historia y movilizamos recursos sin precedentes para beneficio de todos los latinoamericanos y caribe\u00f1os. Todo esto es una buena noticia para Am\u00e9rica Latina y el Caribe, que hoy cuenta con el apoyo estrat\u00e9gico, financiero y de conocimiento de CAF, uno de los bienes m\u00e1s preciados de la regi\u00f3n\u201d, dijo Sergio D\u00edaz-Granados, presidente ejecutivo de CAF, recientemente reelecto para el periodo 2026-2031.<\/p>\n<p>Bajo el liderazgo de D\u00edaz-Granados, la instituci\u00f3n se traz\u00f3 en 2021 el objetivo de que al menos el 40% de sus aprobaciones fueran sostenibles para 2026.\u00a0Este hito se alcanz\u00f3 de manera anticipada en 2024, demostrando una aceleraci\u00f3n excepcional en su compromiso ambiental.<\/p>\n<p>En un anuncio hist\u00f3rico durante la\u00a0COP30 de Bel\u00e9n, CAF elev\u00f3 su ambici\u00f3n al comprometer\u00a0USD 40.000 millones para financiamiento verde en los pr\u00f3ximos cinco a\u00f1os\u00a0y a aumentar el porcentaje de su financiaci\u00f3n verde al\u00a050% para 2030. Estos recursos se canalizar\u00e1n hacia energ\u00edas renovables, movilidad sostenible, econom\u00eda circular, conservaci\u00f3n de la biodiversidad y adaptaci\u00f3n al cambio clim\u00e1tico. Complementando esta visi\u00f3n, CAF anunci\u00f3 una inversi\u00f3n de\u00a0USD 2.500 millones para impulsar la Econom\u00eda Azul\u00a0en la regi\u00f3n y lanz\u00f3 su\u00a0Estrategia de Oc\u00e9anos, adem\u00e1s de un\u00a0compromiso de inversi\u00f3n de USD 18.000 millones en transporte sostenible.<\/p>\n<p>En cuanto a la emisi\u00f3n de bonos, en 2025 CAF diversific\u00f3 sus instrumentos y colocaciones para atraer capital hacia la regi\u00f3n. Destacan la\u00a0primera emisi\u00f3n de Capital H\u00edbrido por USD 500 millones, un instrumento innovador que fortalece su capital base; el\u00a0primer Bono de Resiliencia para Am\u00e9rica Latina; y su\u00a0primer Bono Sostenible en euros por EUR 1.500 millones. Estas operaciones reflejan la confianza de los inversores globales en la solidez institucional y la estrategia de CAF, y le permiten ofrecer recursos a costos competitivos.<\/p>\n<p>Esta fortaleza institucional y su gesti\u00f3n prudente se ven reflejadas en la\u00a0confianza de las agencias calificadoras de riesgo. En 2025, CAF logr\u00f3 un\u00a0nuevo nivel hist\u00f3rico en sus calificaciones\u00a0con S&amp;P Global, Fitch, Moody\u2019s y JCR, alcanzando en todas ellas el grado de inversi\u00f3n, lo que subraya su solvencia, robustez y capacidad para atraer y movilizar recursos a escala global.<\/p>\n<p>Otro de los hitos del a\u00f1o fue la\u00a0expansi\u00f3n geogr\u00e1fica, que bajo la actual gesti\u00f3n ha incorporado nuevos pa\u00edses accionistas, fortaleciendo su vocaci\u00f3n integracionista. Con el\u00a0reingreso de Chile\u00a0como miembro pleno, la incorporaci\u00f3n de\u00a0Costa Rica, El Salvador, Honduras, Rep\u00fablica Dominicana y Guatemala\u00a0en Centroam\u00e9rica, y la llegada de\u00a0Barbados, Antigua y Barbuda, Bahamas y Granada\u00a0en el Caribe, CAF se consolida como el banco multilateral con\u00a0mayor presencia geogr\u00e1fica en la regi\u00f3n. Esta ampliaci\u00f3n multiplica su capacidad para impulsar la integraci\u00f3n, el comercio y proyectos de impacto transfronterizo.<\/p>\n<p>Para consolidar una voz unificada de la regi\u00f3n, CAF impuls\u00f3 en 2025 el\u00a0primer Foro Econ\u00f3mico Internacional Am\u00e9rica Latina y el Caribe, un espacio de di\u00e1logo de alto nivel que se convertir\u00e1 en una cita permanente para debatir y proponer soluciones a los retos regionales. Adem\u00e1s, CAF llev\u00f3 la voz de la regi\u00f3n a foros como la\u00a0Cuarta Conferencia de Financiamiento para el Desarrollo (FFd4) en Sevilla, firm\u00f3 acuerdos con el\u00a0Grupo de Coordinaci\u00f3n \u00c1rabe\u00a0para promover inversiones sostenibles, apoy\u00f3 activamente la Cumbre CELAC-UE, impuls\u00f3 la\u00a0reactivaci\u00f3n ferroviaria\u00a0como motor de desarrollo y organiz\u00f3 la\u00a0Conferencia CAF sobre Ciudades Sostenibles e Innovaci\u00f3n.<\/p>\n<p>El liderazgo de CAF en el escenario global ha recibido reconocimientos destacados. El presidente ejecutivo de la instituci\u00f3n,\u00a0Sergio D\u00edaz-Granados, fue reelegido para un segundo per\u00edodo, del 2026 al 2031 y, en un hecho sin precedentes, fue incluido en la prestigiosa lista de\u00a0las 100 personas m\u00e1s influyentes del mundo de la revista TIME en 2025. Este reconocimiento valora la labor al frente de una instituci\u00f3n que se ha posicionado como actor clave en la discusi\u00f3n de los grandes desaf\u00edos globales.<\/p>\n<p>\u00a0<\/p>\n","protected":false},"excerpt":{"rendered":"CAF -banco de desarrollo de Am\u00e9rica Latina y el Caribe- cerr\u00f3 el 2025 con resultados hist\u00f3ricos. La instituci\u00f3n&hellip;\n","protected":false},"author":2,"featured_media":305552,"comment_status":"","ping_status":"","sticky":false,"template":"","format":"standard","meta":{"footnotes":""},"categories":[42],"tags":[17,18,13,14,11,61,62,63,64,19,20,9,10,15,16,12,21,22,65,66,67],"class_list":{"0":"post-305551","1":"post","2":"type-post","3":"status-publish","4":"format-standard","5":"has-post-thumbnail","7":"category-internacional","8":"tag-breaking-news","9":"tag-breakingnews","10":"tag-featured-news","11":"tag-featurednews","12":"tag-headlines","13":"tag-internacional","14":"tag-international","15":"tag-international-news","16":"tag-internationalnews","17":"tag-latest-news","18":"tag-latestnews","19":"tag-news","20":"tag-noticias","21":"tag-noticias-destacadas","22":"tag-noticiasdestacadas","23":"tag-titulares","24":"tag-ultimas-noticias","25":"tag-ultimasnoticias","26":"tag-world","27":"tag-world-news","28":"tag-worldnews"},"share_on_mastodon":{"url":"https:\/\/pubeurope.com\/@es\/115776863958773239","error":""},"_links":{"self":[{"href":"https:\/\/www.europesays.com\/es\/wp-json\/wp\/v2\/posts\/305551","targetHints":{"allow":["GET"]}}],"collection":[{"href":"https:\/\/www.europesays.com\/es\/wp-json\/wp\/v2\/posts"}],"about":[{"href":"https:\/\/www.europesays.com\/es\/wp-json\/wp\/v2\/types\/post"}],"author":[{"embeddable":true,"href":"https:\/\/www.europesays.com\/es\/wp-json\/wp\/v2\/users\/2"}],"replies":[{"embeddable":true,"href":"https:\/\/www.europesays.com\/es\/wp-json\/wp\/v2\/comments?post=305551"}],"version-history":[{"count":0,"href":"https:\/\/www.europesays.com\/es\/wp-json\/wp\/v2\/posts\/305551\/revisions"}],"wp:featuredmedia":[{"embeddable":true,"href":"https:\/\/www.europesays.com\/es\/wp-json\/wp\/v2\/media\/305552"}],"wp:attachment":[{"href":"https:\/\/www.europesays.com\/es\/wp-json\/wp\/v2\/media?parent=305551"}],"wp:term":[{"taxonomy":"category","embeddable":true,"href":"https:\/\/www.europesays.com\/es\/wp-json\/wp\/v2\/categories?post=305551"},{"taxonomy":"post_tag","embeddable":true,"href":"https:\/\/www.europesays.com\/es\/wp-json\/wp\/v2\/tags?post=305551"}],"curies":[{"name":"wp","href":"https:\/\/api.w.org\/{rel}","templated":true}]}}