{"id":305567,"date":"2025-12-24T22:32:13","date_gmt":"2025-12-24T22:32:13","guid":{"rendered":"https:\/\/www.europesays.com\/es\/305567\/"},"modified":"2025-12-24T22:32:13","modified_gmt":"2025-12-24T22:32:13","slug":"termine-tan-harta-de-barcelona","status":"publish","type":"post","link":"https:\/\/www.europesays.com\/es\/305567\/","title":{"rendered":"\u00bbTermin\u00e9 tan harta de Barcelona\u00bb"},"content":{"rendered":"<p class=\"paragraph\">La Navidad ha llegado a First Dates, el programa de citas m\u00e1s famoso de la peque\u00f1a pantalla. Este mi\u00e9rcoles, 24 de diciembre, el espacio de Cuatro emiti\u00f3 su especial de Nochebuena, una entrega cargada de sorpresas en la que el amor volvi\u00f3 a ser el gran protagonista de la noche.\u00a0<\/p>\n<p class=\"paragraph\">Una de las solteras que quiso probar suerte fue Pilar, una ama de casa afincada en Burriana (Castell\u00f3n) que llevaba seis a\u00f1os haciendo frente a la soledad tras el fallecimiento de su marido. \u00bbEstuvimos casados 55 a\u00f1os. En este tiempo, he tenido alg\u00fan amigo, pero nada ha cuadrado\u00bb, confes\u00f3. Su nieta fue el principal motivo que la llev\u00f3 a presentarse al programa. \u00bbTodos se han ido fuera a trabajar y estoy sola\u00bb, cont\u00f3.\u00a0\u00a0<\/p>\n<p><img decoding=\"async\" class=\"w-full\"   alt=\"Amancio en 'First Dates'\" data-full-src=\"https:\/\/www.lavanguardia.com\/uploads\/2025\/12\/24\/694bedcf0a5d6.png\" src=\"https:\/\/www.europesays.com\/es\/wp-content\/uploads\/2025\/12\/694bedcf0a5d6.png\" width=\"449\" height=\"247\" loading=\"lazy\"\/>Amancio en &#8216;First Dates&#8217;Mediaset<\/p>\n<p class=\"paragraph\">Su objetivo en el programa era conocer a un hombre educado, limpio y respetuoso. El elegido para cenar con ella fue Amancio (85),\u00a0 un soldador jubilado de Barcelona que se defini\u00f3 como un hombre detallista. \u00bbMe gusta regalar flores de mi huerto\u00bb, declar\u00f3, y prueba de ello fue la flor de Pascua con la que lleg\u00f3 al restaurante. \u00bbQuiero conocer a una mujer que le guste el campo y los animales\u00bb, a\u00f1adi\u00f3.\u00a0<\/p>\n<p class=\"paragraph\">La soltera se llev\u00f3 una grata sorpresa al ver que Amancio le hab\u00eda tra\u00eddo un detalle. \u00bbNo es una gran cosa, pero es un gesto muy bonito\u00bb, coment\u00f3. Sin embargo, su actitud cambi\u00f3 de forma radical cuando descubri\u00f3 el lugar de residencia del soltero. \u00bbNo me gusta Barcelona. Soy andaluza, pero he vivido muchos a\u00f1os all\u00ed. Me cas\u00e9 en Barcelona y mis hijos son de all\u00ed, pero he estado tantos a\u00f1os que termin\u00e9 tan harta de Barcelona\u00bb, explic\u00f3.\u00a0<\/p>\n<p><img decoding=\"async\" class=\"w-full\"   alt=\"Pilar y Amancio en 'First Dates'\" data-full-src=\"https:\/\/www.lavanguardia.com\/uploads\/2025\/12\/24\/694bf4fe40679.png\" src=\"https:\/\/www.europesays.com\/es\/wp-content\/uploads\/2025\/12\/694bf4fe40679.png\" width=\"449\" height=\"244\" loading=\"lazy\"\/>Pilar y Amancio en &#8216;First Dates&#8217;Mediaset<\/p>\n<p class=\"paragraph\">Pese a todo, la soltera decidi\u00f3 continuar con la velada para conocer mejor al catal\u00e1n. Los solteros comenzaron la cita poni\u00e9ndose al d\u00eda sobre sus vidas. \u00bbEs un nombre normal y corriente\u00bb, apunt\u00f3 la andaluza. \u00bbTengo las puertas abiertas para que vengas a mi casa cuando quieras\u00bb, propuso el soltero tras conocer la historia de Pilar.\u00a0<\/p>\n<p class=\"paragraph\">La complicidad entre ambos fue creciendo con el paso de los minutos, ya que ambos confesaron estar cansados de vivir en soledad. \u00bbYo me ir\u00eda de mi casa porque es muy grande y no soy capaz de adaptarme\u00bb, confes\u00f3 ella. \u00bbYo tengo tambi\u00e9n una casa en Huesca. La monta\u00f1a me gusta\u00bb, cont\u00f3 el catal\u00e1n. \u00bbTiene un buen sueldo. No me voy a ir con uno que tenga menos que yo, para eso me quedo en mi casa\u00bb, brome\u00f3 la soltera. \u00bbPuede ser una buena compa\u00f1era\u00bb, afirm\u00f3 Amancio.\u00a0<\/p>\n<p><img decoding=\"async\" class=\"w-full\"   alt=\"Pilar y Amancio en 'First Dates'\" data-full-src=\"https:\/\/www.lavanguardia.com\/uploads\/2025\/12\/24\/694bf69654357.png\" src=\"https:\/\/www.europesays.com\/es\/wp-content\/uploads\/2025\/12\/694bf69654357.png\" width=\"449\" height=\"247\" loading=\"lazy\"\/>Pilar y Amancio en &#8216;First Dates&#8217;Mediaset<\/p>\n<p class=\"paragraph\">Tras protagonizar un divertido momento en el reservado del programa, los solteros se volvieron a ver las caras en la decisi\u00f3n final. All\u00ed, Amancio confes\u00f3 sus ganas de seguir conociendo a Pilar. \u00bbEs muy guapa y maravillosa\u00bb, apunt\u00f3. Por su parte, la soltera andaluza desvel\u00f3 que tambi\u00e9n estaba decidida a darle otra oportunidad. \u00bbIremos hablando y veremos qu\u00e9 pasa\u00bb, concluy\u00f3.\u00a0\u00a0<\/p>\n","protected":false},"excerpt":{"rendered":"La Navidad ha llegado a First Dates, el programa de citas m\u00e1s famoso de la peque\u00f1a pantalla. Este&hellip;\n","protected":false},"author":2,"featured_media":305568,"comment_status":"","ping_status":"","sticky":false,"template":"","format":"standard","meta":{"footnotes":""},"categories":[171],"tags":[146,147,25,24,23,214],"class_list":{"0":"post-305567","1":"post","2":"type-post","3":"status-publish","4":"format-standard","5":"has-post-thumbnail","7":"category-tv","8":"tag-entertainment","9":"tag-entretenimiento","10":"tag-es","11":"tag-espana","12":"tag-spain","13":"tag-tv"},"share_on_mastodon":{"url":"https:\/\/pubeurope.com\/@es\/115776923278798480","error":""},"_links":{"self":[{"href":"https:\/\/www.europesays.com\/es\/wp-json\/wp\/v2\/posts\/305567","targetHints":{"allow":["GET"]}}],"collection":[{"href":"https:\/\/www.europesays.com\/es\/wp-json\/wp\/v2\/posts"}],"about":[{"href":"https:\/\/www.europesays.com\/es\/wp-json\/wp\/v2\/types\/post"}],"author":[{"embeddable":true,"href":"https:\/\/www.europesays.com\/es\/wp-json\/wp\/v2\/users\/2"}],"replies":[{"embeddable":true,"href":"https:\/\/www.europesays.com\/es\/wp-json\/wp\/v2\/comments?post=305567"}],"version-history":[{"count":0,"href":"https:\/\/www.europesays.com\/es\/wp-json\/wp\/v2\/posts\/305567\/revisions"}],"wp:featuredmedia":[{"embeddable":true,"href":"https:\/\/www.europesays.com\/es\/wp-json\/wp\/v2\/media\/305568"}],"wp:attachment":[{"href":"https:\/\/www.europesays.com\/es\/wp-json\/wp\/v2\/media?parent=305567"}],"wp:term":[{"taxonomy":"category","embeddable":true,"href":"https:\/\/www.europesays.com\/es\/wp-json\/wp\/v2\/categories?post=305567"},{"taxonomy":"post_tag","embeddable":true,"href":"https:\/\/www.europesays.com\/es\/wp-json\/wp\/v2\/tags?post=305567"}],"curies":[{"name":"wp","href":"https:\/\/api.w.org\/{rel}","templated":true}]}}