{"id":305575,"date":"2025-12-24T22:37:25","date_gmt":"2025-12-24T22:37:25","guid":{"rendered":"https:\/\/www.europesays.com\/es\/305575\/"},"modified":"2025-12-24T22:37:25","modified_gmt":"2025-12-24T22:37:25","slug":"menu-para-cinco-y-sin-demasiadas-sorpresas","status":"publish","type":"post","link":"https:\/\/www.europesays.com\/es\/305575\/","title":{"rendered":"men\u00fa para cinco y sin demasiadas sorpresas"},"content":{"rendered":"<p>El que fuese chef del palacio de Buckingham aseguraba que las Navidades en la Familia Real brit\u00e1nica eran aburridas. Se refer\u00eda a que segu\u00edan las tradiciones, los men\u00fas propios de la \u00e9poca y que no hab\u00eda demasiadas innovaciones ni sorpresas. Esto es algo que podr\u00eda tambi\u00e9n aplicarse a la Familia Real espa\u00f1ola.<\/p>\n<p>Tras la llegada al trono del rey Felipe, se acabaron las fiestas y celebraciones multitudinarias que sol\u00edan organizar Juan Carlos y Sof\u00eda. Los nuevos reyes acortaron gastos y apostaron por la austeridad. Desde entonces, las celebraciones navide\u00f1as en Zarzuela han sido \u00edntimas. Pocos invitados y un men\u00fa propiamente navide\u00f1o pero sin demasiado trabajo.<\/p>\n<p><img loading=\"lazy\" decoding=\"async\"   src=\"https:\/\/www.europesays.com\/es\/wp-content\/uploads\/2025\/12\/la-zona-de-zarzuela-mas-fotografiada_00000000_ad9dd7b9_251224143252_1200x1800.webp.webp\" alt=\"La zona de Zarzuela m\u00e1s fotografiada\" class=\"lazyload\" width=\"1200\" height=\"1800\" data-aspectratio=\"1200\/1800\"\/>&#13;<\/p>\n<p>Este a\u00f1o no ser\u00e1 distinto. A los reyes Felipe y Letizia se unir\u00e1n sus hijas, Leonor y Sof\u00eda, ambas ya residentes fuera de Zarzuela. Se espera que tambi\u00e9n acuda Paloma Rocasolano, madre de la reina. Su presencia es habitual en estas fechas y suele acudir junto a su pareja. En alguna ocasi\u00f3n se sabe que se ha sumado tambi\u00e9n Telma Ortiz.<\/p>\n<p>Ni la reina Sof\u00eda, ni Jes\u00fas Ortiz, padre de la reina Letizia, acuden a esta cena. Tampoco lo hace, evidentemente, el rey Juan Carlos. El em\u00e9rito permanece en Abu Dabi con su nieto Froil\u00e1n. En la Familia del rey Felipe hay tres grupos diferenciados para Navidad.<\/p>\n<p>Los invitados de Zarzuela<\/p>\n<p>Cuando los reyes Juan Carlos y Sof\u00eda se encargaban de las celebraciones en Zarzuela, la Navidad era una fiesta para todos. No solo acud\u00edan los hijos de los reyes, sino tambi\u00e9n sus respectivas familias. Constantino y Ana Mar\u00eda de Grecia eran habituales en estas celebraciones. Tambi\u00e9n algunos de sus hijos.<\/p>\n<p><img loading=\"lazy\" decoding=\"async\"   src=\"https:\/\/www.europesays.com\/es\/wp-content\/uploads\/2025\/12\/felipe-letizia_7a076724_251224143311_1200x1538.webp.webp\" alt=\"FELIPE LETIZIA\" class=\"lazyload\" width=\"1200\" height=\"1538\" data-aspectratio=\"1200\/1538\"\/>&#13;GTRES<\/p>\n<p>Todos juntos ve\u00edan el mensaje del rey y luego proced\u00edan a cenar y celebrar. La reina Sof\u00eda se encargaba del momento de los regalos para los m\u00e1s peque\u00f1os. No faltaba nadie en una ocasi\u00f3n muy especial. No obstante, con el paso del tiempo, poco a poco todo fue cambiando. Los \u00faltimos a\u00f1os de reinado de Juan Carlos no fueron as\u00ed. El em\u00e9rito dejaba Zarzuela para ir a encontrarse con Corinna Larsen, tal y como ha explicado Pilar Eyre.<\/p>\n<p>La llegada de Felipe y Letizia supuso un gran cambio. La cena de Nochebuena es una ocasi\u00f3n para la familia m\u00e1s estricta. Los reyes, sus hijas y la abuela materna de las j\u00f3venes. Como mucho, la hermana de la reina pero ya en el momento de los caf\u00e9s. Son dispendios que actualmente ya no se toleran.<\/p>\n<p><img loading=\"lazy\" decoding=\"async\"   src=\"https:\/\/www.europesays.com\/es\/wp-content\/uploads\/2025\/12\/felipe-y-letizia_6feb4c4f_251224143328_1200x2058.webp.webp\" alt=\"Felipe y Letizia\" class=\"lazyload\" width=\"1200\" height=\"2058\" data-aspectratio=\"1200\/2058\"\/>&#13;Casa Real<\/p>\n<p>\u201cDesde la pandemia ha pasado las Navidades sola en el inmenso caser\u00f3n de Zarzuela, junto a su hermana. Nada hace pensar que eso pueda cambiar este a\u00f1o\u201d, explica Eyre sobre la reina Sof\u00eda. \u201cAunque le gusta acostarse temprano, esa noche esperar\u00e1 a que sean las doce para acudir a la Misa del Gallo y coincidir con su hijo\u201d.<\/p>\n<p>Celebraci\u00f3n \u00edntima<\/p>\n<p>Se desconoce, en realidad, c\u00f3mo pasan los reyes estas fiestas. Hace a\u00f1os, Casa Real decidi\u00f3 editar un v\u00eddeo de c\u00f3mo se preparaba la grabaci\u00f3n del discurso del rey Felipe y all\u00ed pudimos ver a sus hijas, entonces todav\u00eda peque\u00f1as. Un instante de cierta intimidad pero muy pensado para las c\u00e1maras.<\/p>\n<p><img loading=\"lazy\" decoding=\"async\"   src=\"https:\/\/www.europesays.com\/es\/wp-content\/uploads\/2025\/12\/felipe-y-letizia_5d65839a_18_251224143350_1200x1554.webp.webp\" alt=\"Felipe y Letizia\" class=\"lazyload\" width=\"1200\" height=\"1554\" data-aspectratio=\"1200\/1554\"\/>&#13;GTRES<\/p>\n<p>Ahora desconocemos si Leonor y Sof\u00eda acuden en solitario a la cena o si luego salen con amigos como suelen hacer muchos j\u00f3venes. Tampoco sabemos c\u00f3mo es la relaci\u00f3n del rey Felipe con su suegra, Paloma Rocasolano, o con su cu\u00f1ada Telma. Esta ha acudido en ocasiones junto al que era su pareja. Este a\u00f1o, tras la ruptura, ser\u00eda un buen momento para refugiarse en la familia.<\/p>\n<p>Como ocurre en verano, las celebraciones de la Familia Real son siempre \u00edntimas y privadas. Una Navidad sin agenda oficial -hasta la Pascua militar- y en la que lo principal es volver a sentirse una familia unida. La marcha de Leonor y Sof\u00eda lejos de sus padres fue un trance complicado. Como para todas las familias.<\/p>\n","protected":false},"excerpt":{"rendered":"El que fuese chef del palacio de Buckingham aseguraba que las Navidades en la Familia Real brit\u00e1nica eran&hellip;\n","protected":false},"author":2,"featured_media":305576,"comment_status":"","ping_status":"","sticky":false,"template":"","format":"standard","meta":{"footnotes":""},"categories":[91],"tags":[146,147,25,24,23],"class_list":{"0":"post-305575","1":"post","2":"type-post","3":"status-publish","4":"format-standard","5":"has-post-thumbnail","7":"category-entretenimiento","8":"tag-entertainment","9":"tag-entretenimiento","10":"tag-es","11":"tag-espana","12":"tag-spain"},"share_on_mastodon":{"url":"https:\/\/pubeurope.com\/@es\/115776943076658125","error":""},"_links":{"self":[{"href":"https:\/\/www.europesays.com\/es\/wp-json\/wp\/v2\/posts\/305575","targetHints":{"allow":["GET"]}}],"collection":[{"href":"https:\/\/www.europesays.com\/es\/wp-json\/wp\/v2\/posts"}],"about":[{"href":"https:\/\/www.europesays.com\/es\/wp-json\/wp\/v2\/types\/post"}],"author":[{"embeddable":true,"href":"https:\/\/www.europesays.com\/es\/wp-json\/wp\/v2\/users\/2"}],"replies":[{"embeddable":true,"href":"https:\/\/www.europesays.com\/es\/wp-json\/wp\/v2\/comments?post=305575"}],"version-history":[{"count":0,"href":"https:\/\/www.europesays.com\/es\/wp-json\/wp\/v2\/posts\/305575\/revisions"}],"wp:featuredmedia":[{"embeddable":true,"href":"https:\/\/www.europesays.com\/es\/wp-json\/wp\/v2\/media\/305576"}],"wp:attachment":[{"href":"https:\/\/www.europesays.com\/es\/wp-json\/wp\/v2\/media?parent=305575"}],"wp:term":[{"taxonomy":"category","embeddable":true,"href":"https:\/\/www.europesays.com\/es\/wp-json\/wp\/v2\/categories?post=305575"},{"taxonomy":"post_tag","embeddable":true,"href":"https:\/\/www.europesays.com\/es\/wp-json\/wp\/v2\/tags?post=305575"}],"curies":[{"name":"wp","href":"https:\/\/api.w.org\/{rel}","templated":true}]}}