{"id":305581,"date":"2025-12-24T22:40:11","date_gmt":"2025-12-24T22:40:11","guid":{"rendered":"https:\/\/www.europesays.com\/es\/305581\/"},"modified":"2025-12-24T22:40:11","modified_gmt":"2025-12-24T22:40:11","slug":"comunicado-conjunto-sobre-las-elecciones-en-honduras-ministerio-de-relaciones-exteriores-de-la-republica-del-paraguay","status":"publish","type":"post","link":"https:\/\/www.europesays.com\/es\/305581\/","title":{"rendered":"Comunicado conjunto sobre las elecciones en Honduras \u2013 Ministerio de Relaciones Exteriores de la Rep\u00fablica del Paraguay"},"content":{"rendered":"\n<p style=\"text-align: justify;\">Argentina, Bolivia, Costa Rica, Ecuador, Panam\u00e1, Paraguay, Per\u00fa y Rep\u00fablica Dominicana felicitan al presidente electo de Honduras, Nasry \u201cTito\u201d Asfura, y expresan su disposici\u00f3n a trabajar conjuntamente en \u00e1reas como comercio, seguridad, migraci\u00f3n y democracia.<\/p>\n<p style=\"text-align: justify;\">Asimismo, reconocen el compromiso c\u00edvico de la ciudadan\u00eda hondure\u00f1a, la labor de los organismos de observaci\u00f3n electoral nacionales e internacionales, reafirmando su solidaridad con el pueblo hondure\u00f1o y su deseo de una transici\u00f3n pac\u00edfica y ordenada.<\/p>\n<p>El comunicado conjunto se encuentra disponible en el siguiente <strong><a href=\"https:\/\/www.mre.gov.py\/wp-content\/uploads\/2025\/12\/Comunicado-conjunto-sobre-las-elecciones-en-Honduras-1-1.pdf\" target=\"_blank\" rel=\"noopener nofollow\">enlace<\/a><\/strong><\/p>\n<p>                        <img loading=\"lazy\" width=\"700\" height=\"450\" src=\"https:\/\/www.europesays.com\/es\/wp-content\/uploads\/2025\/12\/LOGOwebnuevaAdentro-700x450.jpg\" class=\"attachment-post-tumbnail size-post-tumbnail wp-post-image\" alt=\"\" decoding=\"async\"\/>                        <\/p>\n","protected":false},"excerpt":{"rendered":"Argentina, Bolivia, Costa Rica, Ecuador, Panam\u00e1, Paraguay, Per\u00fa y Rep\u00fablica Dominicana felicitan al presidente electo de Honduras, Nasry&hellip;\n","protected":false},"author":2,"featured_media":305582,"comment_status":"","ping_status":"","sticky":false,"template":"","format":"standard","meta":{"footnotes":""},"categories":[42],"tags":[17,18,13,14,11,61,62,63,64,19,20,9,10,15,16,12,21,22,65,66,67],"class_list":{"0":"post-305581","1":"post","2":"type-post","3":"status-publish","4":"format-standard","5":"has-post-thumbnail","7":"category-internacional","8":"tag-breaking-news","9":"tag-breakingnews","10":"tag-featured-news","11":"tag-featurednews","12":"tag-headlines","13":"tag-internacional","14":"tag-international","15":"tag-international-news","16":"tag-internationalnews","17":"tag-latest-news","18":"tag-latestnews","19":"tag-news","20":"tag-noticias","21":"tag-noticias-destacadas","22":"tag-noticiasdestacadas","23":"tag-titulares","24":"tag-ultimas-noticias","25":"tag-ultimasnoticias","26":"tag-world","27":"tag-world-news","28":"tag-worldnews"},"share_on_mastodon":{"url":"https:\/\/pubeurope.com\/@es\/115776954542085702","error":""},"_links":{"self":[{"href":"https:\/\/www.europesays.com\/es\/wp-json\/wp\/v2\/posts\/305581","targetHints":{"allow":["GET"]}}],"collection":[{"href":"https:\/\/www.europesays.com\/es\/wp-json\/wp\/v2\/posts"}],"about":[{"href":"https:\/\/www.europesays.com\/es\/wp-json\/wp\/v2\/types\/post"}],"author":[{"embeddable":true,"href":"https:\/\/www.europesays.com\/es\/wp-json\/wp\/v2\/users\/2"}],"replies":[{"embeddable":true,"href":"https:\/\/www.europesays.com\/es\/wp-json\/wp\/v2\/comments?post=305581"}],"version-history":[{"count":0,"href":"https:\/\/www.europesays.com\/es\/wp-json\/wp\/v2\/posts\/305581\/revisions"}],"wp:featuredmedia":[{"embeddable":true,"href":"https:\/\/www.europesays.com\/es\/wp-json\/wp\/v2\/media\/305582"}],"wp:attachment":[{"href":"https:\/\/www.europesays.com\/es\/wp-json\/wp\/v2\/media?parent=305581"}],"wp:term":[{"taxonomy":"category","embeddable":true,"href":"https:\/\/www.europesays.com\/es\/wp-json\/wp\/v2\/categories?post=305581"},{"taxonomy":"post_tag","embeddable":true,"href":"https:\/\/www.europesays.com\/es\/wp-json\/wp\/v2\/tags?post=305581"}],"curies":[{"name":"wp","href":"https:\/\/api.w.org\/{rel}","templated":true}]}}