{"id":305603,"date":"2025-12-24T23:00:46","date_gmt":"2025-12-24T23:00:46","guid":{"rendered":"https:\/\/www.europesays.com\/es\/305603\/"},"modified":"2025-12-24T23:00:46","modified_gmt":"2025-12-24T23:00:46","slug":"que-comen-los-cocineros-en-navidad-de-la-pularda-de-joan-roca-al-capon-de-elena-arzak-pasando-por-el-caviar-de-los-hermanos-adria-el-pais","status":"publish","type":"post","link":"https:\/\/www.europesays.com\/es\/305603\/","title":{"rendered":"Qu\u00e9 comen los cocineros en Navidad: de la pularda de Joan Roca al cap\u00f3n de Elena Arzak, pasando por el caviar de los hermanos Adri\u00e0 &#8211; EL PA\u00cdS"},"content":{"rendered":"<ol>\n<li><a href=\"https:\/\/news.google.com\/rss\/articles\/CBMi-wFBVV95cUxOVHNWOWQ5SG50QUZFTG1laXBrUS10b2dXMG94U2w1dVRSYW1ubE5FT2R5YnpXa0hPSENRWnFQRGdsVmpoTWJtQk1oMFVpaC1OUF9yTlhNMWRUaFFVUDJpVU55T1dxYjMzUWFPaC1JNTFyYWFqQ3VYdmVfSDhuSUNqNmg1X05aaVFqZ2Q3V29jUzc0eG8xSGxfNVEzWDNzZ3l6WEk0el93dTc1SzNnZTcybE82U0pMNXY3Y2gzX29IQ3FKc2ZBR012czZqRWticmprWDRuTEU2LUxkeW1hZzNpcVliaDV6MEtRQy1YQThJX1NPYVk5aUdJYUdZWQ?oc=5\" target=\"_blank\" rel=\"nofollow noopener\">Qu\u00e9 comen los cocineros en Navidad: de la pularda de Joan Roca al cap\u00f3n de Elena Arzak, pasando por el caviar de los hermanos Adri\u00e0<\/a>&nbsp;&nbsp;EL PA\u00cdS<\/li>\n<li><a href=\"https:\/\/news.google.com\/rss\/articles\/CBMihwFBVV95cUxOTHFhYW9yZ1ZQMk1nTDVaUVRwcmhfMGZTN196TVVBRC0ybHhjeWdhM1dmYldJb1BBNWZRSnhtYW5aUllYbzF5QTJrXzZGWm5NdzZtQ254LVpwUF9jRUFGa193VDhKYndDQTJFdzJZcTlBNFZIMVkzQUZiNjExakMxVmhNUUtMaEE?oc=5\" target=\"_blank\" rel=\"nofollow noopener\">Los chefs se ponen de acuerdo: \u201cEn Nochebuena, el error m\u00e1s habitual es no calcular bien las cantidades. Lo mejor es planificar el men\u00fa y calcular las raciones por invitado\u201d<\/a>&nbsp;&nbsp;Revista CLARA<\/li>\n<li><a href=\"https:\/\/news.google.com\/rss\/articles\/CBMixwFBVV95cUxQMWk5ZFI3YlYtbFg1aWViS2FKQUtUYm53cVJHZHVscUxFV19rVF9SQm5YUklEdzQ1NVhlSU8xUUU3NDBIdTB4V1phVVJGX19QekRuVTQxVGhVTG1wMjY3dmZqanBwdmFiZTJkQk93cVNtbGdZNGo5S1JZT2R4d3ZBVG12RHU4ZjlLZEtvdWNmeGpienNYZ2Zpek5VYmYzbmVfelZuRmxiWXYxaFBURWtkekJqZWxnRjJ1N3BMU2lrQ0lRaWpha1g40gHMAUFVX3lxTE5IMDV2cWpqR1B6SG5LR3plYzBqcXpXZm1iMGJZMnFDVm10T1dBMFBpbVY5YkQ4QVNVVG40aVJtY1hFU0c5S3NZcmo2SGpxQndwLVhZVWZJeFdDelhWMHp2VTRzQzJPNzFnX3hpRmIxRXI5em5TcDU2akd3RFFCcXA4V05aTzZwU28tejMxaUxpbUFMczR3Rk94TDI2c3NoNHRTRjVQZnNrU0U5VVVLcDBGWU9SNzVZOTRIdmJLOE1waWFTSWY2enVLeEtKNQ?oc=5\" target=\"_blank\" rel=\"nofollow noopener\">Qu\u00e9 comen los j\u00f3venes chefs espa\u00f1oles en Navidad: tradici\u00f3n antes que vanguardia<\/a>&nbsp;&nbsp;Hule y Mantel<\/li>\n<\/ol>\n","protected":false},"excerpt":{"rendered":"Qu\u00e9 comen los cocineros en Navidad: de la pularda de Joan Roca al cap\u00f3n de Elena Arzak, pasando&hellip;\n","protected":false},"author":2,"featured_media":297172,"comment_status":"","ping_status":"","sticky":false,"template":"","format":"standard","meta":{"footnotes":""},"categories":[91],"tags":[146,147,25,24,23],"class_list":{"0":"post-305603","1":"post","2":"type-post","3":"status-publish","4":"format-standard","5":"has-post-thumbnail","7":"category-entretenimiento","8":"tag-entertainment","9":"tag-entretenimiento","10":"tag-es","11":"tag-espana","12":"tag-spain"},"share_on_mastodon":{"url":"https:\/\/pubeurope.com\/@es\/115777036773934039","error":""},"_links":{"self":[{"href":"https:\/\/www.europesays.com\/es\/wp-json\/wp\/v2\/posts\/305603","targetHints":{"allow":["GET"]}}],"collection":[{"href":"https:\/\/www.europesays.com\/es\/wp-json\/wp\/v2\/posts"}],"about":[{"href":"https:\/\/www.europesays.com\/es\/wp-json\/wp\/v2\/types\/post"}],"author":[{"embeddable":true,"href":"https:\/\/www.europesays.com\/es\/wp-json\/wp\/v2\/users\/2"}],"replies":[{"embeddable":true,"href":"https:\/\/www.europesays.com\/es\/wp-json\/wp\/v2\/comments?post=305603"}],"version-history":[{"count":0,"href":"https:\/\/www.europesays.com\/es\/wp-json\/wp\/v2\/posts\/305603\/revisions"}],"wp:featuredmedia":[{"embeddable":true,"href":"https:\/\/www.europesays.com\/es\/wp-json\/wp\/v2\/media\/297172"}],"wp:attachment":[{"href":"https:\/\/www.europesays.com\/es\/wp-json\/wp\/v2\/media?parent=305603"}],"wp:term":[{"taxonomy":"category","embeddable":true,"href":"https:\/\/www.europesays.com\/es\/wp-json\/wp\/v2\/categories?post=305603"},{"taxonomy":"post_tag","embeddable":true,"href":"https:\/\/www.europesays.com\/es\/wp-json\/wp\/v2\/tags?post=305603"}],"curies":[{"name":"wp","href":"https:\/\/api.w.org\/{rel}","templated":true}]}}