{"id":305614,"date":"2025-12-24T23:15:22","date_gmt":"2025-12-24T23:15:22","guid":{"rendered":"https:\/\/www.europesays.com\/es\/305614\/"},"modified":"2025-12-24T23:15:22","modified_gmt":"2025-12-24T23:15:22","slug":"el-palmer-basket-sube-el-nivel-con-el-fichaje-de-philip-scrubb","status":"publish","type":"post","link":"https:\/\/www.europesays.com\/es\/305614\/","title":{"rendered":"El Palmer Basket sube el nivel con el fichaje de Philip Scrubb"},"content":{"rendered":"<p class=\"ft-text\">El <a class=\"ft-link ft-link--decoration\" href=\"https:\/\/www.diariodemallorca.es\/tags\/palmer-basket\/\" rel=\"nofollow noopener\" target=\"_blank\">Palmer Basket Mallorca<\/a> busca subir el nivel con el fichaje de<strong> Philip Alexander Scrubb<\/strong>. El <strong>veterano escolta canadiense, de 33 a\u00f1os y de 1,94 metros<\/strong>, llega para reforzar el per\u00edmetro del bloque turquesa y aportar su experiencia en la \u00e9lite del baloncesto internacional para dar un salto de calidad en el actual colista de la Primera FEB.\u00a0Llega procedente del <strong>Aliaga Petkim Spor, equipo de la m\u00e1xima categor\u00eda de Turqu\u00eda<\/strong> y con con el que ha competido en la FIBA Europe Cup. En la primera divisi\u00f3n de Turqu\u00eda, Scrubb ha convertido <strong>7,2 puntos por enfrentamiento, ha repartido 3,6 asistencias y ha blindado 3,4 rebotes.<\/strong> En el campeonato europeo, el norteamericano ha anotado 8,2 puntos y se ha apoderado de 4,3 capturas.\u00a0<\/p>\n<p class=\"ft-text\">Eso s\u00ed, este jugador <strong>no llegar\u00e1 a tiempo para el derbi de este domingo<\/strong> en el Palau de Son Moix ante el Fibwi Mallorca (12 horas) y se espera que vista su nueva camiseta a partir de enero.<\/p>\n<p class=\"ft-text\">El fichaje del Palmer Basket posee una <strong>trayectoria destacada en la ACB<\/strong>. Phil Scrubb ha jugado 99 partidos en la competici\u00f3n de oro en Espa\u00f1a. El baloncestista ha militado en el<strong> Movistar Estudiantes (2019\/20), Monbus Obradoiro (de 2021 a 2023) y Leyma Coru\u00f1a (el curso pasado)<\/strong>. En esos cerca de 100 compromisos, Scrubb ha alcanzado los 8,8 puntos por cita y ha sobrepasado los 9 cr\u00e9ditos de valoraci\u00f3n.<\/p>\n<p><img decoding=\"async\" src=\"https:\/\/www.europesays.com\/es\/wp-content\/uploads\/2025\/12\/2391ccdc-6736-4389-a2c0-81f7148af758_alta-libre-aspect-ratio_default_0.jpg\" width=\"1200\" height=\"1500\" alt=\"Imagen del fichaje compartida por el Palmer.\" class=\"ft-helper-img-rd\" loading=\"lazy\"\/><\/p>\n<p class=\"ft-helper-fontColor-quaternary ft-helper-fontSize-body-S ft-helper-spacer-t-xxs\">Imagen del fichaje compartida por el Palmer.  \/ Palmer Basket<\/p>\n<p class=\"ft-text\">Phil Scrubb molde\u00f3 sus condiciones como jugador en los Carleton Ravens de su pa\u00eds natal. La incorporaci\u00f3n del elenco mallorqu\u00edn comenz\u00f3 su aventura profesional en Grecia junto al AEK de Atenas. El vers\u00e1til refuerzo del equipo ha luchado en las mejores ligas del Viejo Continente <strong>(Alemania, Rusia, Francia y Turqu\u00eda)<\/strong>, adem\u00e1s de las mencionadas en territorio espa\u00f1ol y heleno.\u00a0<\/p>\n<p class=\"ft-text\">El \u2018dos\u2019 cuenta con un <strong>curr\u00edculum brillante con el combinado absoluto canadiense.<\/strong> Scrubb ha representado a su naci\u00f3n en los Mundiales del 2019 y del 2023; en el \u00faltimo de ellos se colg\u00f3 la medalla de bronce para los suyos. El escolta tambi\u00e9n fue internacional en las categor\u00edas de formaci\u00f3n.\u00a0\u00a0<\/p>\n","protected":false},"excerpt":{"rendered":"El Palmer Basket Mallorca busca subir el nivel con el fichaje de Philip Alexander Scrubb. El veterano escolta&hellip;\n","protected":false},"author":2,"featured_media":305615,"comment_status":"","ping_status":"","sticky":false,"template":"","format":"standard","meta":{"footnotes":""},"categories":[269],"tags":[299,1918,298,168,1755,25,24,2612,557,2457,3579,58007,829,23,167,7247,8584],"class_list":{"0":"post-305614","1":"post","2":"type-post","3":"status-publish","4":"format-standard","5":"has-post-thumbnail","7":"category-baloncesto","8":"tag-baloncesto","9":"tag-basket","10":"tag-basketball","11":"tag-deportes","12":"tag-elite","13":"tag-es","14":"tag-espana","15":"tag-feb","16":"tag-fichaje","17":"tag-mallorca","18":"tag-nivel","19":"tag-palmer","20":"tag-palmer-basket-mallorca","21":"tag-spain","22":"tag-sports","23":"tag-sube","24":"tag-turquia"},"share_on_mastodon":{"url":"https:\/\/pubeurope.com\/@es\/115777092606282520","error":""},"_links":{"self":[{"href":"https:\/\/www.europesays.com\/es\/wp-json\/wp\/v2\/posts\/305614","targetHints":{"allow":["GET"]}}],"collection":[{"href":"https:\/\/www.europesays.com\/es\/wp-json\/wp\/v2\/posts"}],"about":[{"href":"https:\/\/www.europesays.com\/es\/wp-json\/wp\/v2\/types\/post"}],"author":[{"embeddable":true,"href":"https:\/\/www.europesays.com\/es\/wp-json\/wp\/v2\/users\/2"}],"replies":[{"embeddable":true,"href":"https:\/\/www.europesays.com\/es\/wp-json\/wp\/v2\/comments?post=305614"}],"version-history":[{"count":0,"href":"https:\/\/www.europesays.com\/es\/wp-json\/wp\/v2\/posts\/305614\/revisions"}],"wp:featuredmedia":[{"embeddable":true,"href":"https:\/\/www.europesays.com\/es\/wp-json\/wp\/v2\/media\/305615"}],"wp:attachment":[{"href":"https:\/\/www.europesays.com\/es\/wp-json\/wp\/v2\/media?parent=305614"}],"wp:term":[{"taxonomy":"category","embeddable":true,"href":"https:\/\/www.europesays.com\/es\/wp-json\/wp\/v2\/categories?post=305614"},{"taxonomy":"post_tag","embeddable":true,"href":"https:\/\/www.europesays.com\/es\/wp-json\/wp\/v2\/tags?post=305614"}],"curies":[{"name":"wp","href":"https:\/\/api.w.org\/{rel}","templated":true}]}}