{"id":305620,"date":"2025-12-24T23:20:28","date_gmt":"2025-12-24T23:20:28","guid":{"rendered":"https:\/\/www.europesays.com\/es\/305620\/"},"modified":"2025-12-24T23:20:28","modified_gmt":"2025-12-24T23:20:28","slug":"la-razon-que-justifica-la-cancelacion-de-la-promesa-valle-salvaje-y-suenos-de-libertad-este-jueves-25-de-diciembre","status":"publish","type":"post","link":"https:\/\/www.europesays.com\/es\/305620\/","title":{"rendered":"La raz\u00f3n que justifica la cancelaci\u00f3n de &#8216;La Promesa&#8217;, &#8216;Valle Salvaje&#8217; y &#8216;Sue\u00f1os de libertad&#8217; este jueves 25 de diciembre"},"content":{"rendered":"<p data-journey-content=\"true\" data-node-id=\"4\" class=\"css-6wxqfj emevuu60\">A lo largo de un a\u00f1o, <strong data-node-id=\"4.1\">son m\u00faltiples las ocasiones en las que las cadenas que emiten en abierto alteran su programaci\u00f3n.<\/strong> Estrenos de programas o series suelen ser el motivo principal, ya que intentan darles el mejor hueco posible para llegar a su audiencia. Pero tambi\u00e9n hay otros motivos, como ocurre en el caso de TVE ya que, como ente p\u00fablico, da un gran protagonismo a los eventos de actualidad. Eso nos ha llevado a ver, en numerosas ocasiones, alteraciones en el horario o incluso cancelaciones en varios de sus formatos,  especialmente las series diarias. Los fans de  &#8216;<a href=\"https:\/\/www.diezminutos.es\/telenovela-la-promesa\/\" target=\"_blank\" data-vars-ga-outbound-link=\"https:\/\/www.diezminutos.es\/telenovela-la-promesa\/\" data-vars-ga-ux-element=\"Hyperlink\" data-vars-ga-call-to-action=\"La Promesa\" data-node-id=\"4.3\" data-mrf-link=\"https:\/\/www.diezminutos.es\/telenovela-la-promesa\/\" data-mrf-recirculation-id=\"[Article] In Text Link_0\" class=\"body-link css-177bzfx emevuu60\" rel=\"nofollow noopener\">La Promesa<\/a>&#8216; y &#8216;<a href=\"https:\/\/www.diezminutos.es\/valle-salvaje\/\" target=\"_blank\" data-vars-ga-outbound-link=\"https:\/\/www.diezminutos.es\/valle-salvaje\/\" data-vars-ga-ux-element=\"Hyperlink\" data-vars-ga-call-to-action=\"Valle Salvaje\" data-node-id=\"4.5\" data-mrf-link=\"https:\/\/www.diezminutos.es\/valle-salvaje\/\" data-mrf-recirculation-id=\"[Article] In Text Link_1\" class=\"body-link css-177bzfx emevuu60\" rel=\"nofollow noopener\">Valle Salvaje<\/a>&#8216; est\u00e1n m\u00e1s que acostumbrados a los cambios de \u00faltima hora en las emisiones. Sin embargo, esta eventualidad no es tan habitual en el caso de &#8216;<a href=\"https:\/\/www.diezminutos.es\/suenos-de-libertad\/\" target=\"_blank\" data-vars-ga-outbound-link=\"https:\/\/www.diezminutos.es\/suenos-de-libertad\/\" data-vars-ga-ux-element=\"Hyperlink\" data-vars-ga-call-to-action=\"Sue\u00f1os de Libertad\" data-node-id=\"4.7\" data-mrf-link=\"https:\/\/www.diezminutos.es\/suenos-de-libertad\/\" data-mrf-recirculation-id=\"[Article] In Text Link_2\" class=\"body-link css-177bzfx emevuu60\" rel=\"nofollow noopener\">Sue\u00f1os de libertad<\/a>&#8216;. Pero en esta ocasi\u00f3n <strong data-node-id=\"4.9\">las tres telenovelas estrella en nuestro pa\u00eds sufren una cancelaci\u00f3n<\/strong> y curiosamente ocurre el mismo d\u00eda. Por eso os explicamos <strong data-node-id=\"4.11\">el \u00fanico motivo por el cual las telenovelas nacionales no se ofrecen el jueves 25 de diciembre.<\/strong><\/p>\n<p><img draggable=\"true\" alt=\"la promesa, valle salvaje y suenos de libertad cancelan su capitulo del 25 de diciembre\" title=\"La Promesa, Valle Salvaje y Suenos de libertad cancelan su capitulo del 25 de diciembre\" loading=\"lazy\" width=\"5000\" height=\"3000\" decoding=\"async\" data-nimg=\"1\" style=\"color:transparent;width:100%;height:auto;\"   src=\"https:\/\/www.europesays.com\/es\/wp-content\/uploads\/2025\/12\/navidad-cancelaciones-la-promesa-valle-salvaje-suenos-de-libertad-694ab9120e8ae.jpg\" class=\"css-0 e1g79fud0\"\/><\/p>\n<p>RTVE \/ Antena 3<\/p>\n<p>La \u00fanica raz\u00f3n por la que &#8216;La Promesa&#8217;, &#8216;Valle Salvaje&#8217; y &#8216;Sue\u00f1os de libertad&#8217; sufren la cancelaci\u00f3n de sus cap\u00edtulos a la vez<\/p>\n<p data-journey-content=\"true\" data-node-id=\"10\" class=\"css-6wxqfj emevuu60\">Parec\u00eda que el momento no iba a llegar y un a\u00f1o m\u00e1s estamos inmersos en las Navidades. Estas fechas son muy especiales, en las que reinan las celebraciones en familia y con amigos. Y <strong data-node-id=\"10.1\">en esa suerte de rutinas anuales se incluyen emisiones muy especiales en los canales en abierto<\/strong>, empezando por cine familiar y formatos tan \u00fanicos como <a href=\"https:\/\/www.diezminutos.es\/telenovela\/espanolas\/a69804963\/la-promesa-valle-salvaje-protagonistas-telepasion\/\" target=\"_blank\" data-vars-ga-outbound-link=\"https:\/\/www.diezminutos.es\/telenovela\/espanolas\/a69804963\/la-promesa-valle-salvaje-protagonistas-telepasion\/\" data-vars-ga-ux-element=\"Hyperlink\" data-vars-ga-call-to-action=\"&#039;Telepasi\u00f3n&#039;\" data-node-id=\"10.3\" class=\"body-link css-177bzfx emevuu60\" rel=\"nofollow noopener\">&#8216;Telepasi\u00f3n&#8217;<\/a>. Pero para que todo esto tenga cabida, los grupos medi\u00e1ticos deben adaptar su programaci\u00f3n y <strong data-node-id=\"10.5\">eso implica algunas cancelaciones. <\/strong><\/p>\n<p><img draggable=\"true\" alt=\"valle salvaje y la promesa\" title=\"Valle Salvaje y La Promesa\" loading=\"lazy\" width=\"5000\" height=\"3000\" decoding=\"async\" data-nimg=\"1\" style=\"color:transparent;width:100%;height:auto;\"   src=\"https:\/\/www.europesays.com\/es\/wp-content\/uploads\/2025\/12\/valle-salvaje-y-la-promesa-audiencias-692d9c770eb54.jpg\" class=\"css-0 e1g79fud0\"\/><\/p>\n<p>RTVE<\/p>\n<p data-journey-content=\"true\" data-node-id=\"14\" class=\"css-6wxqfj emevuu60\">Como es l\u00f3gico, esas alteraciones se alinean con los d\u00edas festivos. De modo que, <strong data-node-id=\"14.1\">trat\u00e1ndose el 25 de diciembre del d\u00eda de Navidad, las cadenas principales modifican sus planes de un jueves normal<\/strong> para dedicarlo a la tem\u00e1tica navide\u00f1a. As\u00ed, como festivo nacional que es, esta es la primera jornada de las Navidades de 2025 en las que formatos tan estables como las series diarias sufren cancelaciones inmediatas. <\/p>\n<p><img draggable=\"true\" alt=\"mary poppins\" title=\"mary poppins\" loading=\"lazy\" width=\"2027\" height=\"1061\" decoding=\"async\" data-nimg=\"1\" style=\"color:transparent;width:100%;height:auto;\"   src=\"https:\/\/www.europesays.com\/es\/wp-content\/uploads\/2025\/12\/mary-poppins-1667910709.png\" class=\"css-0 e1g79fud0\"\/><\/p>\n<p>Disney<\/p>\n<p data-journey-content=\"true\" data-node-id=\"21\" class=\"css-6wxqfj emevuu60\">Y s\u00ed, por sorprendente que parezca, por poco habitual, del mismo modo que se aplica a &#8216;La Promesa&#8217; y &#8216;Valle Salvaje&#8217;, en TVE,<strong data-node-id=\"21.1\"> en esta ocasi\u00f3n Antena 3 tambi\u00e9n celebra el festivo dando descanso a &#8216;Sue\u00f1os de libertad&#8217; para sustituirlo por una tarde de cine.<\/strong> En el caso de la tarde de La 1, ambas series de Bamb\u00fa quedar\u00e1n reemplazadas por Sesiones de Navidad con Julie Andrews, encabezada por <a href=\"https:\/\/www.diezminutos.es\/teleprograma\/series-tv\/a46982466\/mary-poppins-pelicula-polemica-lenguaje-discriminatorio\/\" target=\"_blank\" data-vars-ga-outbound-link=\"https:\/\/www.diezminutos.es\/teleprograma\/series-tv\/a46982466\/mary-poppins-pelicula-polemica-lenguaje-discriminatorio\/\" data-vars-ga-ux-element=\"Hyperlink\" data-vars-ga-call-to-action=\"&#039;Mary Poppins&#039;\" data-node-id=\"21.3\" class=\"body-link css-177bzfx emevuu60\" rel=\"nofollow noopener\">&#8216;Mary Poppins&#8217;<\/a> a las 15.55 y seguida por <a href=\"https:\/\/www.diezminutos.es\/estilo-de-vida\/ocio\/news\/g7903\/50-anos-de-sonrisas-y-lagrimas\/\" target=\"_blank\" data-vars-ga-outbound-link=\"https:\/\/www.diezminutos.es\/estilo-de-vida\/ocio\/news\/g7903\/50-anos-de-sonrisas-y-lagrimas\/\" data-vars-ga-ux-element=\"Hyperlink\" data-vars-ga-call-to-action=\"&#039;Sonrisas y l\u00e1grimas&#039;\" data-node-id=\"21.5\" class=\"body-link css-177bzfx emevuu60\" rel=\"nofollow noopener\">&#8216;Sonrisas y l\u00e1grimas&#8217;<\/a> a las 18.10, consideradas dos grandes cl\u00e1sicos del cine familiar. Por su parte, la oferta de Antena 3 ser\u00e1 mucho m\u00e1s moderna, puesto que el Multicine incluir\u00e1 <a href=\"https:\/\/www.diezminutos.es\/teleprograma\/programacion-tv\/a34403436\/wonder-pelicula-antena3-julia-roberts-jacob-tremblay\/\" target=\"_blank\" data-vars-ga-outbound-link=\"https:\/\/www.diezminutos.es\/teleprograma\/programacion-tv\/a34403436\/wonder-pelicula-antena3-julia-roberts-jacob-tremblay\/\" data-vars-ga-ux-element=\"Hyperlink\" data-vars-ga-call-to-action=\"&#039;Wonder&#039;\" data-node-id=\"21.7\" class=\"body-link css-177bzfx emevuu60\" rel=\"nofollow noopener\">&#8216;Wonder&#8217;<\/a>, con Jacob Tremblay y Julia Roberts, a las 16.00 y, a continuaci\u00f3n, dos comedias rom\u00e1nticas como &#8216;S\u00ed quiero&#8230; o no&#8217;, con Emma Roberts y Luke Bracey (quienes ya coincidieron en <a href=\"https:\/\/www.diezminutos.es\/teleprograma\/series-tv\/a69564201\/peliculas-de-navidad-netflix-ver-diciembre\/\" target=\"_blank\" data-vars-ga-outbound-link=\"https:\/\/www.diezminutos.es\/teleprograma\/series-tv\/a69564201\/peliculas-de-navidad-netflix-ver-diciembre\/\" data-vars-ga-ux-element=\"Hyperlink\" data-vars-ga-call-to-action=\"&#039;Amor de calendario&#039;, una de las pel\u00edculas de Navidad m\u00e1s entretenidas de Netflix\" data-node-id=\"21.9\" class=\"body-link css-177bzfx emevuu60\" rel=\"nofollow noopener\">&#8216;Amor de calendario&#8217;, una de las pel\u00edculas de Navidad m\u00e1s entretenidas de Netflix<\/a>) a las 18.05 y la propuesta de la factor\u00eda Hallmark &#8216;Un pincel enamorado&#8217; a las 19.50.<\/p>\n<p><img draggable=\"true\" alt=\"sue\u00f1os de libertad\" title=\"Sue\u00f1os de libertad\" loading=\"lazy\" width=\"3500\" height=\"2333\" decoding=\"async\" data-nimg=\"1\" style=\"color:transparent;width:100%;height:auto;\"   src=\"https:\/\/www.europesays.com\/es\/wp-content\/uploads\/2025\/12\/1766080875_670_alta-sdl-t03-e452-03-3-6-25-cmanuelfiestas-3466-693170a502871.jpg\" class=\"css-0 e1g79fud0\"\/><\/p>\n<p>Manuel Fiestas Moreno<\/p>\n<p data-journey-content=\"true\" data-node-id=\"24\" class=\"css-6wxqfj emevuu60\">De modo que, si queremos reencontrarnos con Manuel, P\u00eda o Lorenzo, Adriana, Luisa y Jos\u00e9 Luis, o Gabriel, Bego\u00f1a y Andr\u00e9s, <strong data-node-id=\"24.1\">tendremos que esperar al viernes 26 de diciembre cuando, en su horario habitual, las tres telenovelas espa\u00f1olas regresen a sus respectivas franjas en La 1 y Antena 3 con nuevos episodios.<\/strong><strong data-node-id=\"24.2\"><br data-node-id=\"24.2.0\"\/><\/strong><\/p>\n<p><img src=\"https:\/\/www.europesays.com\/es\/wp-content\/uploads\/2025\/12\/1766618428_840_c846bc45-0529-47f5-9c7d-b54f2b3afed7_1682587735.file\" alt=\"Headshot of Nora C\u00e1mara\" title=\"Headshot of Nora C\u00e1mara\" width=\"100%\" height=\"100%\" decoding=\"async\" loading=\"lazy\" class=\"css-o0wq4v ev8dhu53\"\/><\/p>\n<p>Nora es experta en contenidos de cine y televisi\u00f3n en la web de Diez Minutos. Sus intereses personales y profesionales se cruzan en su labor en esta revista, pues dedica su tiempo a estar al d\u00eda en los \u00faltimos estrenos en salas y plataformas, tanto para no perd\u00e9rselos como para recomendarlos. Pero que nadie sufra, tambi\u00e9n desconecta con la m\u00fasica en directo, la lectura y los viajes. \u00a0<\/p>\n<p>Prescriptora audiovisual por verdadera afici\u00f3n, siempre est\u00e1 dispuesta a arrastrarte con ella al apasionante mundo de las sagas como Harry Potter, Star Wars o Marvel, as\u00ed como a sugerirte la \u00faltima serie adictiva que no debes perderte de Netflix, HBO Max, Disney+, Movistar+ y Amazon Prime Video. Eso s\u00ed, si tienes un arrebato de nostalgia, tambi\u00e9n te recordar\u00e1 el cl\u00e1sico perfecto para cualquier estado de \u00e1nimo o tem\u00e1tica que te interese, desde el musical o la ciencia ficci\u00f3n a las adaptaciones literarias.\u00a0<\/p>\n<p>Nora C\u00e1mara se gradu\u00f3 en Periodismo y Comunicaci\u00f3n Audiovisual en la Universidad Carlos III de Madrid en 2015, donde defini\u00f3 su pasi\u00f3n por los contenidos de cine y televisi\u00f3n. Continu\u00f3 su especializaci\u00f3n en estas materias con diversas formaciones de Guion de televisi\u00f3n y Cr\u00edtica cinematogr\u00e1fica, llev\u00e1ndole a mejorar su experiencia en las revistas del grupo HEARST Teleprograma, Supertele y Telenovela, antes de su llegada a Diez Minutos, hace dos a\u00f1os. \u00a0<\/p>\n","protected":false},"excerpt":{"rendered":"A lo largo de un a\u00f1o, son m\u00faltiples las ocasiones en las que las cadenas que emiten en&hellip;\n","protected":false},"author":2,"featured_media":305621,"comment_status":"","ping_status":"","sticky":false,"template":"","format":"standard","meta":{"footnotes":""},"categories":[171],"tags":[253,146,147,25,24,23,214],"class_list":{"0":"post-305620","1":"post","2":"type-post","3":"status-publish","4":"format-standard","5":"has-post-thumbnail","7":"category-tv","8":"tag-discover","9":"tag-entertainment","10":"tag-entretenimiento","11":"tag-es","12":"tag-espana","13":"tag-spain","14":"tag-tv"},"share_on_mastodon":{"url":"https:\/\/pubeurope.com\/@es\/115777112299352868","error":""},"_links":{"self":[{"href":"https:\/\/www.europesays.com\/es\/wp-json\/wp\/v2\/posts\/305620","targetHints":{"allow":["GET"]}}],"collection":[{"href":"https:\/\/www.europesays.com\/es\/wp-json\/wp\/v2\/posts"}],"about":[{"href":"https:\/\/www.europesays.com\/es\/wp-json\/wp\/v2\/types\/post"}],"author":[{"embeddable":true,"href":"https:\/\/www.europesays.com\/es\/wp-json\/wp\/v2\/users\/2"}],"replies":[{"embeddable":true,"href":"https:\/\/www.europesays.com\/es\/wp-json\/wp\/v2\/comments?post=305620"}],"version-history":[{"count":0,"href":"https:\/\/www.europesays.com\/es\/wp-json\/wp\/v2\/posts\/305620\/revisions"}],"wp:featuredmedia":[{"embeddable":true,"href":"https:\/\/www.europesays.com\/es\/wp-json\/wp\/v2\/media\/305621"}],"wp:attachment":[{"href":"https:\/\/www.europesays.com\/es\/wp-json\/wp\/v2\/media?parent=305620"}],"wp:term":[{"taxonomy":"category","embeddable":true,"href":"https:\/\/www.europesays.com\/es\/wp-json\/wp\/v2\/categories?post=305620"},{"taxonomy":"post_tag","embeddable":true,"href":"https:\/\/www.europesays.com\/es\/wp-json\/wp\/v2\/tags?post=305620"}],"curies":[{"name":"wp","href":"https:\/\/api.w.org\/{rel}","templated":true}]}}