{"id":305626,"date":"2025-12-24T23:24:08","date_gmt":"2025-12-24T23:24:08","guid":{"rendered":"https:\/\/www.europesays.com\/es\/305626\/"},"modified":"2025-12-24T23:24:08","modified_gmt":"2025-12-24T23:24:08","slug":"podria-propagarse-la-gripe-aviar-entre-los-humanos-los-cientificos-muestran-como-podria-ocurrir","status":"publish","type":"post","link":"https:\/\/www.europesays.com\/es\/305626\/","title":{"rendered":"\u00bfPodr\u00eda propagarse la gripe aviar entre los humanos? Los cient\u00edficos muestran c\u00f3mo podr\u00eda ocurrir"},"content":{"rendered":"<p>Un grupo de cient\u00edficos ha creado una simulaci\u00f3n para mostrar <a href=\"https:\/\/es.euronews.com\/salud\/2025\/10\/29\/virologo-aleman-advierte-virus-gripe-aviar-pandemia\" rel=\"nofollow noopener\" target=\"_blank\"><strong>c\u00f3mo la gripe aviar podr\u00eda contagiar a los humanos<\/strong><\/a> si no se toman las medidas correctas de vacunaci\u00f3n y confinamiento. Los investigadores han advertido ampliamente de <strong>una posible pandemia<\/strong> futura causada por lo que denominan \u00abEnfermedad X\u00bb, una infecci\u00f3n que se origina en los animales y salta despu\u00e9s a los humanos. <\/p>\n<p>Una candidata a tal enfermedad es la <a href=\"https:\/\/es.euronews.com\/salud\/2025\/12\/04\/europa-debe-reforzar-medidas-contra-gripe-aviar-brotes-segun-autoridades-sanitarias\" rel=\"nofollow noopener\" target=\"_blank\"><strong>gripe aviar altamente pat\u00f3gena<\/strong><\/a> (IAAP), com\u00fanmente llamada gripe aviar, seg\u00fan han advertido expertos de la Organizaci\u00f3n Mundial de la Salud (OMS).<\/p>\n<p>La investigaci\u00f3n, realizada por la Universidad de Ashoka y publicada en &#8216;BMC Public Health&#8217;, examina la rapidez con que un brote podr\u00eda intensificarse <a href=\"https:\/\/es.euronews.com\/salud\/2025\/11\/22\/la-gripe-aviar-h5n5-ha-infectado-por-primera-vez-a-seres-humanos-primera-muerte-en-el-mund\" rel=\"nofollow noopener\" target=\"_blank\"><strong>una vez iniciada la transmisi\u00f3n entre humanos<\/strong><\/a>. Hasta ahora, no se han registrado casos de este tipo, seg\u00fan el Centro Europeo para la Prevenci\u00f3n y el Control de las Enfermedades (ECDC).<\/p>\n<p>La transmisi\u00f3n a los humanos<\/p>\n<p>La agencia sanitaria se\u00f1al\u00f3 en su \u00faltimo informe de este mes que la magnitud y el alcance geogr\u00e1fico de estas detecciones no ten\u00edan precedentes para esta \u00e9poca del a\u00f1o, <strong>sobre todo en aves silvestres<\/strong>.<\/p>\n<p>La gripe aviar se ha extendido a niveles elevados en todo el mundo durante los \u00faltimos cinco a\u00f1os, incluso en aves silvestres y de granja en la Uni\u00f3n Europea. En los \u00faltimos a\u00f1os tambi\u00e9n <strong>se ha propagado a visones, gatos, un oso cautivo y otros mam\u00edferos<\/strong>, lo que aumenta el riesgo de que el virus acabe llegando a las personas.<\/p>\n<p>La simulaci\u00f3n recrea un peque\u00f1o pueblo del estado de Tamil Nadu, en el sur de la India, una regi\u00f3n que alberga m\u00e1s de 1.600 granjas av\u00edcolas que cr\u00edan m\u00e1s de <strong>70 millones de pollos<\/strong>.<\/p>\n<p>Recreaci\u00f3n de un brote en una granja av\u00edcola<\/p>\n<p>Los cient\u00edficos empezaron con un peque\u00f1o n\u00famero de aves infectadas y ning\u00fan ser humano infectado. <a href=\"https:\/\/es.euronews.com\/business\/2025\/11\/12\/gripe-aviar-dispara-precio-huevos-espana-tres-veces-mayor-ue\" rel=\"nofollow noopener\" target=\"_blank\"><strong>Recrearon un brote en una granja av\u00edcola<\/strong><\/a> donde se muestran dos escenarios: cuando las aves infectadas se contienen r\u00e1pidamente, no se infecta ning\u00fan humano; sin embargo, si no hay sacrificio o este llega demasiado tarde, <strong>se infectan varios trabajadores<\/strong>.<\/p>\n<p>En muchos escenarios de la simulaci\u00f3n no ocurre nada: el virus nunca llega a las personas, sobre todo cuando las aves infectadas se sacrifican pronto, de modo que la manada se elimina antes de que las infecciones alcancen su punto m\u00e1ximo y <strong>el riesgo para los humanos cae a cero<\/strong>.<\/p>\n<p>Pero en otros, uno o dos trabajadores de la granja, tras un periodo de latencia de tres d\u00edas, se convierten en infecciosos durante unos siete d\u00edas, dirigi\u00e9ndose a casa cada noche para <strong>infectar a los miembros de la familia<\/strong>.<\/p>\n<p>La simulaci\u00f3n muestra que hay una peque\u00f1a ventana, entre unos dos y diez casos detectados, en la que todav\u00eda es posible el control antes de que el virus se escape a la comunidad en general. Si al principio de las infecciones se pone a los hogares en cuarentena, es probable que se contenga el virus.<\/p>\n<p>Cadenas de transmisi\u00f3n e intervenci\u00f3n temprana<\/p>\n<p>Sin embargo, si el n\u00famero de casos llega a 10, las simulaciones muestran que algunos <strong>miembros infectados de los hogares<\/strong> ya han acudido a sus lugares de trabajo y escuelas, transmitiendo el virus a otras personas.<\/p>\n<p>Llegados a este punto, el virus ha entrado en la poblaci\u00f3n y <strong>ha creado nuevas cadenas de transmisi\u00f3n<\/strong> independientes que la cuarentena de los hogares originales ya no puede detener por completo.<\/p>\n<p>Matem\u00e1ticamente, cuando la cuarentena se retrasa hasta los 10 casos, la proporci\u00f3n reproductiva estimada y las curvas epid\u00e9micas son muy similares a las del escenario \u00ab<strong>sin intervenci\u00f3n temprana<\/strong>\u00ab, porque gran parte de la propagaci\u00f3n ya se ha producido.<\/p>\n<p>Con estos resultados, los investigadores subrayan la necesidad de actuar antes de que se produzca la <strong>transmisi\u00f3n comunitaria<\/strong>; despu\u00e9s, s\u00f3lo siguen siendo eficaces herramientas amplias como los <a href=\"https:\/\/es.euronews.com\/salud\/2025\/11\/10\/medidas-para-detener-la-gripe-aviar\" rel=\"nofollow noopener\" target=\"_blank\"><strong>encierros y la vacunaci\u00f3n masiva<\/strong><\/a>.<\/p>\n<p>La simulaci\u00f3n tiene algunas limitaciones, principalmente que no incluye m\u00faltiples focos simult\u00e1neos, cambios de comportamiento como el uso de <strong>equipos de protecci\u00f3n personal<\/strong> tras detectarse brotes en aves, ni mam\u00edferos hu\u00e9spedes intermedios.<\/p>\n","protected":false},"excerpt":{"rendered":"Un grupo de cient\u00edficos ha creado una simulaci\u00f3n para mostrar c\u00f3mo la gripe aviar podr\u00eda contagiar a los&hellip;\n","protected":false},"author":2,"featured_media":305627,"comment_status":"","ping_status":"","sticky":false,"template":"","format":"standard","meta":{"footnotes":""},"categories":[92],"tags":[119,18606,25,24,7749,12949,165,681,166,23],"class_list":{"0":"post-305626","1":"post","2":"type-post","3":"status-publish","4":"format-standard","5":"has-post-thumbnail","7":"category-salud","8":"tag-ciencia","9":"tag-epidemias","10":"tag-es","11":"tag-espana","12":"tag-gripe","13":"tag-gripe-aviar","14":"tag-health","15":"tag-medicina","16":"tag-salud","17":"tag-spain"},"share_on_mastodon":{"url":"https:\/\/pubeurope.com\/@es\/115777127318218991","error":""},"_links":{"self":[{"href":"https:\/\/www.europesays.com\/es\/wp-json\/wp\/v2\/posts\/305626","targetHints":{"allow":["GET"]}}],"collection":[{"href":"https:\/\/www.europesays.com\/es\/wp-json\/wp\/v2\/posts"}],"about":[{"href":"https:\/\/www.europesays.com\/es\/wp-json\/wp\/v2\/types\/post"}],"author":[{"embeddable":true,"href":"https:\/\/www.europesays.com\/es\/wp-json\/wp\/v2\/users\/2"}],"replies":[{"embeddable":true,"href":"https:\/\/www.europesays.com\/es\/wp-json\/wp\/v2\/comments?post=305626"}],"version-history":[{"count":0,"href":"https:\/\/www.europesays.com\/es\/wp-json\/wp\/v2\/posts\/305626\/revisions"}],"wp:featuredmedia":[{"embeddable":true,"href":"https:\/\/www.europesays.com\/es\/wp-json\/wp\/v2\/media\/305627"}],"wp:attachment":[{"href":"https:\/\/www.europesays.com\/es\/wp-json\/wp\/v2\/media?parent=305626"}],"wp:term":[{"taxonomy":"category","embeddable":true,"href":"https:\/\/www.europesays.com\/es\/wp-json\/wp\/v2\/categories?post=305626"},{"taxonomy":"post_tag","embeddable":true,"href":"https:\/\/www.europesays.com\/es\/wp-json\/wp\/v2\/tags?post=305626"}],"curies":[{"name":"wp","href":"https:\/\/api.w.org\/{rel}","templated":true}]}}