{"id":305651,"date":"2025-12-25T00:00:35","date_gmt":"2025-12-25T00:00:35","guid":{"rendered":"https:\/\/www.europesays.com\/es\/305651\/"},"modified":"2025-12-25T00:00:35","modified_gmt":"2025-12-25T00:00:35","slug":"futbol-inclusivo-en-europa-con-el-proyecto-eacl","status":"publish","type":"post","link":"https:\/\/www.europesays.com\/es\/305651\/","title":{"rendered":"F\u00fatbol inclusivo en Europa con el proyecto EACL"},"content":{"rendered":"<p>La Fundaci\u00f3n FC Barcelona es uno de los socios clave del proyecto europeo European All Are Champions League (EACL), una iniciativa financiada por el programa Erasmus+ Sport de la Uni\u00f3n Europea cuyo objetivo es promover la inclusi\u00f3n social de las personas con discapacidad intelectual (PwID) mediante el f\u00fatbol.<\/p>\n<p>A lo largo de 18 meses, el proyecto ha trabajado para crear entornos deportivos seguros, accesibles y motivadores, proporcionando a entrenadores, clubes, educadores y familias herramientas pr\u00e1cticas para desarrollar actividades de f\u00fatbol inclusivas. En este contexto, la Fundaci\u00f3n Bar\u00e7a ha aportado su experiencia y liderazgo en el uso del deporte como herramienta de transformaci\u00f3n social, contribuyendo activamente al dise\u00f1o, desarrollo y validaci\u00f3n de recursos innovadores.<\/p>\n<p>Para conocer m\u00e1s detalles accede a las siguientes Newsletter:<\/p>\n<p><a href=\"https:\/\/www.fcbarcelona.com\/fcbarcelona\/document\/2025\/12\/18\/8bf2c39a-d8f1-4a22-b1bc-20cc2b7b7574\/EACL-Newsletter-1-6-M.pdf\" rel=\"nofollow noopener\" target=\"_blank\"><strong>EACL Project Newsletter \u2013 First 6 Months<\/strong>\u00a0<\/a><\/p>\n<p><a href=\"https:\/\/www.fcbarcelona.com\/fcbarcelona\/document\/2025\/12\/18\/ae4a0909-a908-4389-8081-c21aeb73eedc\/EACLNewsletter6-12M.pdf\" rel=\"nofollow noopener\" target=\"_blank\"><strong>EACL Project Newsletter \u2013 6-12 Month Update<\/strong><\/a><\/p>\n<p><a href=\"https:\/\/www.fcbarcelona.com\/fcbarcelona\/document\/2025\/12\/18\/be976773-d976-4861-ac94-d80b6e24c7a9\/Newsletter3.pdf\" rel=\"nofollow noopener\" target=\"_blank\"><strong>EACL Project Newsletter \u2013 12-18 Month Update<\/strong><\/a><\/p>\n<p><strong><a href=\"https:\/\/www.fcbarcelona.com\/fcbarcelona\/document\/2025\/12\/24\/cf2a3149-4073-44e6-b3d2-52f006e5c61f\/newsletter-18-24.pdf\" rel=\"nofollow noopener\" target=\"_blank\">EACL Project Newsletter \u2013 18-24 Month Update<\/a><\/strong><\/p>\n<p>Uno de los principales resultados del proyecto ha sido la creaci\u00f3n del Manual Internacional de F\u00fatbol para la Inclusi\u00f3n, as\u00ed como su versi\u00f3n Easy-to-Read, desarrollada con la participaci\u00f3n directa de personas con discapacidad intelectual. Estos materiales ofrecen orientaciones claras para adaptar entrenamientos, normas y competiciones, fomentando la participaci\u00f3n activa, el bienestar y el desarrollo personal de los participantes.<\/p>\n<p>Durante la fase piloto, los manuales se han implementado en entornos reales en Espa\u00f1a, Croacia y Grecia, con resultados muy positivos tanto para las personas participantes como para los profesionales implicados. La experiencia acumulada ha servido tambi\u00e9n para iniciar la elaboraci\u00f3n de una estrategia de sostenibilidad y de recomendaciones pol\u00edticas, con el objetivo de consolidar el f\u00fatbol inclusivo como una pr\u00e1ctica habitual en el \u00e1mbito deportivo europeo.<\/p>\n<p>Se puede acceder a los manuales a trav\u00e9s de estos enlaces:<\/p>\n<p><a href=\"https:\/\/www.fcbarcelona.com\/fcbarcelona\/document\/2025\/12\/18\/4b8a3c38-0b57-4221-be0e-da660a06d982\/EACL-IFMI-Spain.pdf\" rel=\"nofollow noopener\" target=\"_blank\"><strong>MANUAL INTERNACIONAL DE FUTBOL PARA LA INCLUSI\u00d3N<\/strong><\/a><\/p>\n<p><a href=\"https:\/\/www.fcbarcelona.com\/fcbarcelona\/document\/2025\/12\/18\/85895074-14d9-49ea-846e-6a69b9f4a0ca\/IFMI-Easy-to-read-kopija_Spanish.pdf\" rel=\"nofollow noopener\" target=\"_blank\"><strong>MANUAL INTERNACIONAL DE FUTBOL PARA LA INCLUSI\u00d3N<\/strong><\/a><strong> (LECTURA F\u00c1CIL)<\/strong><\/p>\n<p>Con su participaci\u00f3n en el proyecto EACL, la Fundaci\u00f3n FC Barcelona reafirma su compromiso con la inclusi\u00f3n, la igualdad de oportunidades y el poder del deporte como motor de cambio social, contribuyendo a construir una Europa m\u00e1s justa e inclusiva a trav\u00e9s del f\u00fatbol.<\/p>\n","protected":false},"excerpt":{"rendered":"La Fundaci\u00f3n FC Barcelona es uno de los socios clave del proyecto europeo European All Are Champions League&hellip;\n","protected":false},"author":2,"featured_media":305652,"comment_status":"","ping_status":"","sticky":false,"template":"","format":"standard","meta":{"footnotes":""},"categories":[93],"tags":[168,25,24,23,167,2288],"class_list":{"0":"post-305651","1":"post","2":"type-post","3":"status-publish","4":"format-standard","5":"has-post-thumbnail","7":"category-deportes","8":"tag-deportes","9":"tag-es","10":"tag-espana","11":"tag-spain","12":"tag-sports","13":"tag-text"},"share_on_mastodon":{"url":"https:\/\/pubeurope.com\/@es\/115777268782438447","error":""},"_links":{"self":[{"href":"https:\/\/www.europesays.com\/es\/wp-json\/wp\/v2\/posts\/305651","targetHints":{"allow":["GET"]}}],"collection":[{"href":"https:\/\/www.europesays.com\/es\/wp-json\/wp\/v2\/posts"}],"about":[{"href":"https:\/\/www.europesays.com\/es\/wp-json\/wp\/v2\/types\/post"}],"author":[{"embeddable":true,"href":"https:\/\/www.europesays.com\/es\/wp-json\/wp\/v2\/users\/2"}],"replies":[{"embeddable":true,"href":"https:\/\/www.europesays.com\/es\/wp-json\/wp\/v2\/comments?post=305651"}],"version-history":[{"count":0,"href":"https:\/\/www.europesays.com\/es\/wp-json\/wp\/v2\/posts\/305651\/revisions"}],"wp:featuredmedia":[{"embeddable":true,"href":"https:\/\/www.europesays.com\/es\/wp-json\/wp\/v2\/media\/305652"}],"wp:attachment":[{"href":"https:\/\/www.europesays.com\/es\/wp-json\/wp\/v2\/media?parent=305651"}],"wp:term":[{"taxonomy":"category","embeddable":true,"href":"https:\/\/www.europesays.com\/es\/wp-json\/wp\/v2\/categories?post=305651"},{"taxonomy":"post_tag","embeddable":true,"href":"https:\/\/www.europesays.com\/es\/wp-json\/wp\/v2\/tags?post=305651"}],"curies":[{"name":"wp","href":"https:\/\/api.w.org\/{rel}","templated":true}]}}