{"id":305659,"date":"2025-12-25T00:06:18","date_gmt":"2025-12-25T00:06:18","guid":{"rendered":"https:\/\/www.europesays.com\/es\/305659\/"},"modified":"2025-12-25T00:06:18","modified_gmt":"2025-12-25T00:06:18","slug":"potencial-del-50-y-dividendo-en-enero-para-un-valor-del-ibex-35-maltratado-en-2025","status":"publish","type":"post","link":"https:\/\/www.europesays.com\/es\/305659\/","title":{"rendered":"Potencial del 50% y dividendo en enero para un valor del Ibex 35 maltratado en 2025"},"content":{"rendered":"<p>    <img fetchpriority=\"high\" decoding=\"async\" src=\"data:image\/gif;base64,R0lGODlhAQABAIAAAAAAAP\/\/\/ywAAAAAAQABAAACAUwAOw==\" alt=\"Potencial del 50% y dividendo en enero para un valor del Ibex 35 maltratado en 2025\" loading=\"eager\" height=\"300\" width=\"712\" class=\"yf-lglytj loader\"\/> Potencial del 50% y dividendo en enero para un valor del Ibex 35 maltratado en 2025      <\/p>\n<p class=\"yf-7hmkaz\"><a class=\"link \" href=\"https:\/\/www.estrategiasdeinversion.com\/cotizaciones\/indices\/mercado-continuo\/cellnex\" rel=\"nofollow noopener\" target=\"_blank\" data-ylk=\"slk:Cellnex;elm:context_link;itc:0;sec:content-canvas\">Cellnex<\/a>\u00a0es uno de los patitos feos del <a class=\"link \" href=\"https:\/\/www.estrategiasdeinversion.com\/cotizaciones\/indices\/ibex-35\" rel=\"nofollow noopener\" target=\"_blank\" data-ylk=\"slk:IBEX 35;elm:context_link;itc:0;sec:content-canvas\">IBEX 35<\/a> en 2025, con una ca\u00edda de un 12,5% que contrasta con la subida del 48% que se anota el selectivo en el ejercicio. Pero los analistas fundamentales mantienen la confianza en sus acciones, con un <strong>potencial alcista a medio y largo plazo que roza el 50%<\/strong>.<\/p>\n<p class=\"yf-7hmkaz\">Seg\u00fan los datos recopilados por Reuters, <strong>Cellnex es el valor del Ibex 35 que m\u00e1s potencial presenta en Bolsa<\/strong>, con un precio objetivo medio de <strong>40,03 euros<\/strong> que est\u00e1 <strong>un 49,8% por encima<\/strong> de la actual cotizaci\u00f3n. La recomendaci\u00f3n mayoritaria es de \u2018<strong>comprar<\/strong>\u2019. De hecho, de las 21 casas de an\u00e1lisis que cubren al valor, 14 dan una recomendaci\u00f3n de \u2018comprar\u2019 e incluso 7 de \u2018comprar con fuerza\u2019. En contraste, 4 analistas recomiendan \u2018mantener\u2019 y solo 3 aconsejan \u2018vender\u2019.<\/p>\n<p>    <img decoding=\"async\" src=\"data:image\/gif;base64,R0lGODlhAQABAIAAAAAAAP\/\/\/ywAAAAAAQABAAACAUwAOw==\" alt=\"Potencial del 50% y dividendo en enero para un valor del Ibex 35 maltratado en 2025\" loading=\"lazy\" height=\"442\" width=\"960\" class=\"yf-lglytj loader\"\/> Potencial del 50% y dividendo en enero para un valor del Ibex 35 maltratado en 2025      <\/p>\n<p class=\"yf-7hmkaz\">Hay que tener en cuenta adem\u00e1s que <strong>Cellnex pagar\u00e1 dividendo en enero<\/strong>. El d\u00eda 15 del pr\u00f3ximo mes la compa\u00f1\u00eda abonar\u00e1 un dividendo con cargo a la reserva de prima de emisi\u00f3n por un importe de 250 millones de euros, lo que representa <strong>0,37100958 euros<\/strong> por cada acci\u00f3n. La distribuci\u00f3n con cargo a la prima de emisi\u00f3n <strong>no est\u00e1 sujeta a retenci\u00f3n<\/strong>.<\/p>\n<p class=\"yf-7hmkaz\"><strong>La \u00faltima fecha en la que las acciones de la compa\u00f1\u00eda se negociar\u00e1n con derecho a recibir este pago ser\u00e1 el 12 enero 2026<\/strong>, mientras que el 13 los t\u00edtulos cotizar\u00e1n ya ex date.<\/p>\n<p class=\"yf-7hmkaz\">Este dividendo forma parte de los 1.000 millones de euros en retribuci\u00f3n al accionista hasta 2026 anunciados durante la \u00faltima presentaci\u00f3n de resultados, de los que 500 millones ser\u00e1n dividendos y los otros 500, recompras de acciones. En ese sentido, hay que tener en cuenta que, como consecuencia de este dividendo, <strong>Cellnex ha suspendido su programa de recompra de acciones, se\u00f1ala la entidad en su comunicado al regulador. Se reanudar\u00e1 el pr\u00f3ximo 19 de enero<\/strong>, una vez realizado el pago.<\/p>\n<p class=\"yf-7hmkaz\"><a class=\"link \" href=\"https:\/\/www.estrategiasdeinversion.com\/actualidad\/noticias\/bolsa-espana\/cellnex-pierde-263-millones-hasta-septiembre-un-n-861627\" rel=\"nofollow noopener\" target=\"_blank\" data-ylk=\"slk:Cellnex cerr\u00f3 los nueve primeros meses del a\u00f1o con unas p\u00e9rdidas de 263 millones de euros;elm:context_link;itc:0;sec:content-canvas\">Cellnex cerr\u00f3 los nueve primeros meses del a\u00f1o con unas p\u00e9rdidas de 263 millones de euros<\/a>, un 87% m\u00e1s que en el mismo periodo del a\u00f1o anterior, y una facturaci\u00f3n de 2.937 millones, un 5,7% m\u00e1s proforma y (excluyendo Irlanda y Austria).<\/p>\n","protected":false},"excerpt":{"rendered":"Potencial del 50% y dividendo en enero para un valor del Ibex 35 maltratado en 2025 Cellnex\u00a0es uno&hellip;\n","protected":false},"author":2,"featured_media":256282,"comment_status":"","ping_status":"","sticky":false,"template":"","format":"standard","meta":{"footnotes":""},"categories":[80],"tags":[82,95,94,25,24,72213,96,72212,22018,23],"class_list":{"0":"post-305659","1":"post","2":"type-post","3":"status-publish","4":"format-standard","5":"has-post-thumbnail","7":"category-economia","8":"tag-business","9":"tag-economia","10":"tag-economy","11":"tag-es","12":"tag-espana","13":"tag-los-patitos-feos","14":"tag-millones-de-euros","15":"tag-prima-de-emision","16":"tag-recompra-de-acciones","17":"tag-spain"},"share_on_mastodon":{"url":"https:\/\/pubeurope.com\/@es\/115777292497737572","error":""},"_links":{"self":[{"href":"https:\/\/www.europesays.com\/es\/wp-json\/wp\/v2\/posts\/305659","targetHints":{"allow":["GET"]}}],"collection":[{"href":"https:\/\/www.europesays.com\/es\/wp-json\/wp\/v2\/posts"}],"about":[{"href":"https:\/\/www.europesays.com\/es\/wp-json\/wp\/v2\/types\/post"}],"author":[{"embeddable":true,"href":"https:\/\/www.europesays.com\/es\/wp-json\/wp\/v2\/users\/2"}],"replies":[{"embeddable":true,"href":"https:\/\/www.europesays.com\/es\/wp-json\/wp\/v2\/comments?post=305659"}],"version-history":[{"count":0,"href":"https:\/\/www.europesays.com\/es\/wp-json\/wp\/v2\/posts\/305659\/revisions"}],"wp:featuredmedia":[{"embeddable":true,"href":"https:\/\/www.europesays.com\/es\/wp-json\/wp\/v2\/media\/256282"}],"wp:attachment":[{"href":"https:\/\/www.europesays.com\/es\/wp-json\/wp\/v2\/media?parent=305659"}],"wp:term":[{"taxonomy":"category","embeddable":true,"href":"https:\/\/www.europesays.com\/es\/wp-json\/wp\/v2\/categories?post=305659"},{"taxonomy":"post_tag","embeddable":true,"href":"https:\/\/www.europesays.com\/es\/wp-json\/wp\/v2\/tags?post=305659"}],"curies":[{"name":"wp","href":"https:\/\/api.w.org\/{rel}","templated":true}]}}