{"id":305662,"date":"2025-12-25T00:08:44","date_gmt":"2025-12-25T00:08:44","guid":{"rendered":"https:\/\/www.europesays.com\/es\/305662\/"},"modified":"2025-12-25T00:08:44","modified_gmt":"2025-12-25T00:08:44","slug":"el-dia-29-de-diciembre-se-abonara-previsiblemente-la-paga-complementaria-con-la-subida-del-25-de-todo-2025","status":"publish","type":"post","link":"https:\/\/www.europesays.com\/es\/305662\/","title":{"rendered":"El d\u00eda 29 de diciembre se abonar\u00e1 previsiblemente la paga complementaria con la subida del 2,5% de todo 2025"},"content":{"rendered":"<p>&#13;<br \/>\n&#13;<\/p>\n<p>Desde la Consejer\u00eda de Educaci\u00f3n nos informan de que <strong>el incremento retributivo del 2,5% al personal p\u00fablico correspondiente a 2025 se abonar\u00e1 previsiblemente, de una sola vez, el d\u00eda 29 de este mes de diciembre.<\/strong><\/p>\n<p>&#13;<br \/>\n&#13;<\/p>\n<p>A partir de la n\u00f3mina del mes de enero se empezar\u00e1 a aplicar, adem\u00e1s, la subida del 1,5% correspondiente a 2026.<\/p>\n<p>&#13;<br \/>\n&#13;<\/p>\n","protected":false},"excerpt":{"rendered":"&#13; &#13; Desde la Consejer\u00eda de Educaci\u00f3n nos informan de que el incremento retributivo del 2,5% al personal&hellip;\n","protected":false},"author":2,"featured_media":77738,"comment_status":"","ping_status":"","sticky":false,"template":"","format":"standard","meta":{"footnotes":""},"categories":[8],"tags":[72215,17,18,72214,25,24,13,14,11,19,20,9,10,15,16,23,12,21,22],"class_list":{"0":"post-305662","1":"post","2":"type-post","3":"status-publish","4":"format-standard","5":"has-post-thumbnail","7":"category-espana","8":"tag-5-de-todo-2025","9":"tag-breaking-news","10":"tag-breakingnews","11":"tag-el-dia-29-de-diciembre-se-abonara-previsiblemente-la-paga-complementaria-con-la-subida-del-2","12":"tag-es","13":"tag-espana","14":"tag-featured-news","15":"tag-featurednews","16":"tag-headlines","17":"tag-latest-news","18":"tag-latestnews","19":"tag-news","20":"tag-noticias","21":"tag-noticias-destacadas","22":"tag-noticiasdestacadas","23":"tag-spain","24":"tag-titulares","25":"tag-ultimas-noticias","26":"tag-ultimasnoticias"},"share_on_mastodon":{"url":"https:\/\/pubeurope.com\/@es\/115777300387808091","error":""},"_links":{"self":[{"href":"https:\/\/www.europesays.com\/es\/wp-json\/wp\/v2\/posts\/305662","targetHints":{"allow":["GET"]}}],"collection":[{"href":"https:\/\/www.europesays.com\/es\/wp-json\/wp\/v2\/posts"}],"about":[{"href":"https:\/\/www.europesays.com\/es\/wp-json\/wp\/v2\/types\/post"}],"author":[{"embeddable":true,"href":"https:\/\/www.europesays.com\/es\/wp-json\/wp\/v2\/users\/2"}],"replies":[{"embeddable":true,"href":"https:\/\/www.europesays.com\/es\/wp-json\/wp\/v2\/comments?post=305662"}],"version-history":[{"count":0,"href":"https:\/\/www.europesays.com\/es\/wp-json\/wp\/v2\/posts\/305662\/revisions"}],"wp:featuredmedia":[{"embeddable":true,"href":"https:\/\/www.europesays.com\/es\/wp-json\/wp\/v2\/media\/77738"}],"wp:attachment":[{"href":"https:\/\/www.europesays.com\/es\/wp-json\/wp\/v2\/media?parent=305662"}],"wp:term":[{"taxonomy":"category","embeddable":true,"href":"https:\/\/www.europesays.com\/es\/wp-json\/wp\/v2\/categories?post=305662"},{"taxonomy":"post_tag","embeddable":true,"href":"https:\/\/www.europesays.com\/es\/wp-json\/wp\/v2\/tags?post=305662"}],"curies":[{"name":"wp","href":"https:\/\/api.w.org\/{rel}","templated":true}]}}