{"id":305687,"date":"2025-12-25T00:37:16","date_gmt":"2025-12-25T00:37:16","guid":{"rendered":"https:\/\/www.europesays.com\/es\/305687\/"},"modified":"2025-12-25T00:37:16","modified_gmt":"2025-12-25T00:37:16","slug":"asi-vienen-las-hipotecas-en-2026-rtve-es","status":"publish","type":"post","link":"https:\/\/www.europesays.com\/es\/305687\/","title":{"rendered":"As\u00ed vienen las hipotecas en 2026 &#8211; RTVE.es"},"content":{"rendered":"<ol>\n<li><a href=\"https:\/\/news.google.com\/rss\/articles\/CBMigAFBVV95cUxOYzhyam1XblB2XzdWdm1NSlBQS2ktcnV6cmxTMDVyMmluY0VWUmE1eTVsZlZhWFpFb1A4LUZoWnBaWFlubnlEWi04bTAtcXdSUDNxdTBOcjVRZU5IdVVUS1FJb2xUUURIN0J4ODdjb2NKYmVhdjZwRUdQc0hVcVBTSA?oc=5\" target=\"_blank\" rel=\"nofollow noopener\">As\u00ed vienen las hipotecas en 2026<\/a>&nbsp;&nbsp;RTVE.es<\/li>\n<li><a href=\"https:\/\/news.google.com\/rss\/articles\/CBMi5AFBVV95cUxNN0VKLVBjUE1rQk9pNkhYSnNQdTEzT0JtLUluSFV4UmFPVkJRRUpzYzgtNDE3ZmFvNmkyVkVfNkRiRkdONDFNSjZwcGQzeDZDSTBIRWNPWVFueDFlaVZvODhGQUZ2Unk0dUhOUVNCMjRsbDlMV2g2Ukp3WG1JWDhKNE0wUjUwSm1fWGNtWVI5emM3bHItc3dKLVFCeDZkU3FNQzBrLVhxaWtnOGtPSC1xNVhfQ2M3bl8tanVUQjZJbWU1TXRxS1UwZnhCWEM1RVF3QXU2Yzhvb3Q1QmFqdDJZZUc1NHrSAeoBQVVfeXFMTkU1UkFoOVBhd2o3VVowNENMMlBpT25PWTA4elNySWd6ZWFrRjBoVkplczVKTmxBMW5DN1laem5raW1EcEFsMGtkNjM3eVhpZlZ4cHQta0xvZW5LRFhTVjdrSHJOLWlNNDRJeHQyb2VUcEd1Yi1COWhsQ3h4V3RUMDN6V0FvVXlld2RtekowN1I3RjV3cmhyd2tvWmlIZjk5WTNid0ZmTTJFSEJRSkdQVDNTN3lGYmZoZGJ1WXVCSV84VU1uSXkxS3lTYXpqb09GSm1FNEpjcUZNMVhveEN0a0tVT3dCcVpDay1n?oc=5\" target=\"_blank\" rel=\"nofollow noopener\">Bankinter avisa: el precio de la vivienda seguir\u00e1 subiendo al menos dos a\u00f1os m\u00e1s<\/a>&nbsp;&nbsp;Idealista<\/li>\n<li><a href=\"https:\/\/news.google.com\/rss\/articles\/CBMipwFBVV95cUxOc2Fwb2dHZzB6b1k0ci1jV3NWZG9fM19aYzNzbVF2RVNmTVJpbmc1eUt3RTNRNHR0UjBBLXF3LUNlQTAxQjJEM0tUYWM5UDJ5V2ZPUFhuZkdaUk5wSEhDbWwtYTF3d19iR0RQQzc1TzVhaEYwSVFDVlZ1UGhQYXFtcnpwbEFnYkRVbWpPZ1p6a0xWbEx2cjR0YmJ3WDBMem5STkdaVzhLVQ?oc=5\" target=\"_blank\" rel=\"nofollow noopener\">El director de pisos.com lo tiene claro: esto es lo que pasar\u00e1 con el precio de la vivienda en Espa\u00f1a en 2026<\/a>&nbsp;&nbsp;ABC<\/li>\n<li><a href=\"https:\/\/news.google.com\/rss\/articles\/CBMinwFBVV95cUxPVmpyMGZlT3FaRko1TU1mVHp3Z2JkWVZZVmc4alVtOGJBclZhZ0ZqbWdGVnIzN3FDei1ETUtsZk91alVld0dWWXFxV3hFd0pFNThoSzhvSHN0dTVjNjRrVkxJLU1XcjAtYmVUaVNnZmdYeFhjTVM5WnB3Wl9FTGQ4Sk1YbXhuc2NrSGdiaWMzSVZHX25TWnBpTTJSMjhNU0U?oc=5\" target=\"_blank\" rel=\"nofollow noopener\">Esto es lo que debes saber si vas a comprar una casa en 2026<\/a>&nbsp;&nbsp;Vanitatis<\/li>\n<li><a href=\"https:\/\/news.google.com\/rss\/articles\/CBMi-AFBVV95cUxQX3VZTjJCT1hTajhQaXFfc3k5NHZZY2lvQnVfcVkwb3ZBTmE5OE03WUJZSGVVaElkUW0xM3BlMHBqc0dUX3BBbnlOc3ZjQWNEUHJkTEI2ajgyN1M5TlFzaFlWR3hfa0lldVBpdUhRYS1LeHFLVk5HTzdDcngtNVNjcThkcEsxMDhmTWFVNjNSQXM1UVp4UHJJWXhhbm9Ud2lWN3FCSFBfUldfQmhYdWx6NE5JNHFfOEZ5UlJPMUwxTWdFV3ExRHRDVmttYmFoTmxuMnF2djJuQl83YjNZMzA1QUFtcUNkbEhXWkpBLUF3eGh5WmNuZ0JQYdIBkwJBVV95cUxQQWpSRTBZRWlLbzdZOVZFdTNXMUNGdnpmdXFSU2R0QkZoVkxJY2RoWFBwX2hCVUFwS3JHS0FoLVhudFA3dy1KNGNPWkZramR5MDBrWW9EMm5oUUp0MVluUTNLRjRZM18zX0txYkpXTDFJeExRMEpmWmVMNDA2Q1lkeWJPUkdhM3YwLUJvSnd2ejJfT2N1U09HNEJiRFRlbTZmRXk1aDN5OEhiNmd6MnIzUThpRGhxOWdad0MtazZ0U2lTWEFlNUFUMXRUbzRuNGtBZkUxbW5Ud3RQaGJKczB0bTFyNXF3RUl1ai1pUWs1RGhQdlY3QnV2eDdVLWxuZ1B5VjJGZENKT1pfaUFxT3pVMWRpNA?oc=5\" target=\"_blank\" rel=\"nofollow noopener\">Ni la ca\u00edda del eur\u00edbor ni hipotecas m\u00e1s baratas han abierto este a\u00f1o la puerta de acceso a la vivienda: \u00bfqu\u00e9 pasar\u00e1 en 2026?<\/a>&nbsp;&nbsp;Infobae<\/li>\n<\/ol>\n","protected":false},"excerpt":{"rendered":"As\u00ed vienen las hipotecas en 2026&nbsp;&nbsp;RTVE.es Bankinter avisa: el precio de la vivienda seguir\u00e1 subiendo al menos dos&hellip;\n","protected":false},"author":2,"featured_media":305688,"comment_status":"","ping_status":"","sticky":false,"template":"","format":"standard","meta":{"footnotes":""},"categories":[80],"tags":[72217,82,95,94,25,24,8651,133,1448,1986,1987,23],"class_list":{"0":"post-305687","1":"post","2":"type-post","3":"status-publish","4":"format-standard","5":"has-post-thumbnail","7":"category-economia","8":"tag-asi-vienen-las-hipotecas-en-2026","9":"tag-business","10":"tag-economia","11":"tag-economy","12":"tag-es","13":"tag-espana","14":"tag-fin-de-mes","15":"tag-online","16":"tag-radio","17":"tag-rne","18":"tag-rtve-play","19":"tag-spain"},"share_on_mastodon":{"url":"https:\/\/pubeurope.com\/@es\/115777414351714912","error":""},"_links":{"self":[{"href":"https:\/\/www.europesays.com\/es\/wp-json\/wp\/v2\/posts\/305687","targetHints":{"allow":["GET"]}}],"collection":[{"href":"https:\/\/www.europesays.com\/es\/wp-json\/wp\/v2\/posts"}],"about":[{"href":"https:\/\/www.europesays.com\/es\/wp-json\/wp\/v2\/types\/post"}],"author":[{"embeddable":true,"href":"https:\/\/www.europesays.com\/es\/wp-json\/wp\/v2\/users\/2"}],"replies":[{"embeddable":true,"href":"https:\/\/www.europesays.com\/es\/wp-json\/wp\/v2\/comments?post=305687"}],"version-history":[{"count":0,"href":"https:\/\/www.europesays.com\/es\/wp-json\/wp\/v2\/posts\/305687\/revisions"}],"wp:featuredmedia":[{"embeddable":true,"href":"https:\/\/www.europesays.com\/es\/wp-json\/wp\/v2\/media\/305688"}],"wp:attachment":[{"href":"https:\/\/www.europesays.com\/es\/wp-json\/wp\/v2\/media?parent=305687"}],"wp:term":[{"taxonomy":"category","embeddable":true,"href":"https:\/\/www.europesays.com\/es\/wp-json\/wp\/v2\/categories?post=305687"},{"taxonomy":"post_tag","embeddable":true,"href":"https:\/\/www.europesays.com\/es\/wp-json\/wp\/v2\/tags?post=305687"}],"curies":[{"name":"wp","href":"https:\/\/api.w.org\/{rel}","templated":true}]}}