{"id":305695,"date":"2025-12-25T00:46:16","date_gmt":"2025-12-25T00:46:16","guid":{"rendered":"https:\/\/www.europesays.com\/es\/305695\/"},"modified":"2025-12-25T00:46:16","modified_gmt":"2025-12-25T00:46:16","slug":"inadmitida-la-denuncia-contra-el-delegado-del-gobierno-en-madrid-por-el-dispositivo-de-la-etapa-final-de-la-vuelta-ciclista-a-espana","status":"publish","type":"post","link":"https:\/\/www.europesays.com\/es\/305695\/","title":{"rendered":"Inadmitida la denuncia contra el delegado del Gobierno en Madrid por el dispositivo de la etapa final de la Vuelta Ciclista a Espa\u00f1a"},"content":{"rendered":"<p style=\"\">El Juzgado de Instrucci\u00f3n n\u00famero 45 <strong>ha inadmitido la denuncia de Manos Limpias<\/strong> contra el delegado del Gobierno en Madrid, Francisco Mart\u00edn, por los incidentes en la etapa final de la Vuelta Ciclista a Espa\u00f1a.<\/p>\n<p style=\"\">La magistrada, seg\u00fan consta en el auto al que  &#8230; ha tenido acceso Europa Press, ha rechazado la denuncia al estimarse que los hechos, relativos a la gesti\u00f3n del operativo policial desplegado en la capital el pasado 14 de septiembre, <strong>no son constitutivos de infracci\u00f3n penal<\/strong>.<\/p>\n<p class=\"voc-p\" style=\"\">\u00abNo ha lugar a admitir a tr\u00e1mite la presente denuncia por estimar que los hechos no son constitutivos de infracci\u00f3n penal, por lo que procede decretar el archivo de lo actuado\u00bb, ha firmado la magistrada Luisa Mar\u00eda Prieto en su parte dispositiva. \u00abEn el presente caso, el delito que se dice cometido, desordenes p\u00fablicos y desobediencia a la autoridad con imprudencia grave, no existe\u00bb, ha sostenido el auto que, a su vez, ha subrayado que no se ha descrito en la denuncia ninguna conducta voluntaria, imprudencia o car\u00e1cter doloso que pueda tener encaje en este tipo penal.<\/p>\n<p class=\"voc-p\" style=\"\">Adem\u00e1s, la jueza ha indicado que la denuncia pretende atribuir sobre el delegado del Gobierno <strong>una responsabilidad penal <\/strong>en cuanto a actos cometidos por terceros y que provocaron lesiones en los agentes de la autoridad.<\/p>\n<p class=\"voc-p\" style=\"\">\u00abSe est\u00e1 en realidad, en presencia de una queja de un tercero, el denunciante [&#8230;] que tiene su cauce al margen del derecho penal\u00bb, ha aseverado a este respecto.<\/p>\n<p class=\"voc-p\" style=\"\">Manos Limpias interpuso una denuncia contra Mart\u00edn <strong>bajo la premisa de que gestion\u00f3 un dispositivo policial <\/strong>que, \u00aba juicio de todos los sindicatos policiales, result\u00f3 insuficiente\u00bb. As\u00ed, el escrito de denuncia argument\u00f3 que las \u00f3rdenes recibidas por parte de la Delegaci\u00f3n del Gobierno estaban \u00ab\u00fanicamente ce\u00f1idas a un plan de propaganda y de actuar con guante blanco para no molestar a los manifestantes\u00bb.<\/p>\n<p class=\"voc-p\" style=\"\">Seg\u00fan apunt\u00f3 entonces Manos Limpias, \u00ablos mandos policiales denuncian que Interior les envi\u00f3 con las manos atadas\u00bb. \u00abLos agentes se quejan de que el dispositivo se dise\u00f1\u00f3 para fracasar y que no recibieron ninguna orden, por lo que estaban imposibilitados para actuar\u00bb, a\u00f1adi\u00f3 la denuncia.<\/p>\n<p class=\"voc-p\" style=\"\">\u00abEs evidente que hubo 25 polic\u00edas heridos y \u00fanicamente dos detenidos. Sorprende enormemente que en una manifestaci\u00f3n tremendamente violenta \u00fanicamente pudiera haber dos detenidos. Esta es la prueba evidente de que las \u00f3rdenes emitidas por el denunciado consist\u00edan en guante blanco con respecto a los violentos\u00bb, <strong>concluyeron los denunciantes en su escrito<\/strong>, ahora desestimado.<\/p>\n<p class=\"voc-p\" style=\"\">Tras esta desestimaci\u00f3n, el delegado del Gobierno en Madrid, Francisco Mart\u00edn,<strong> ha reclamado el fin de<\/strong> la \u00abpol\u00edtica de cotill\u00f3n y querella\u00bb.<\/p>\n<p class=\"voc-p\" style=\"\">Desde su cuenta de &#8216;X&#8217;, Mart\u00edn ha remarcado las palabras de la decisi\u00f3n judicial sobre que &#8216;el delito no existe&#8217;. \u00abLo que existe es el continuo af\u00e1n de embarrar y despistar de lo importante. No lo lograr\u00e1n. Basta de pol\u00edtica de cotill\u00f3n y querella\u00bb, ha zanjado.<\/p>\n","protected":false},"excerpt":{"rendered":"El Juzgado de Instrucci\u00f3n n\u00famero 45 ha inadmitido la denuncia de Manos Limpias contra el delegado del Gobierno&hellip;\n","protected":false},"author":2,"featured_media":305696,"comment_status":"","ping_status":"","sticky":false,"template":"","format":"standard","meta":{"footnotes":""},"categories":[273],"tags":[313,312,13294,6775,168,25436,25,24,314,1058,582,72218,205,23,167,1357],"class_list":{"0":"post-305695","1":"post","2":"type-post","3":"status-publish","4":"format-standard","5":"has-post-thumbnail","7":"category-ciclismo","8":"tag-ciclismo","9":"tag-cycling","10":"tag-delegado","11":"tag-denuncia","12":"tag-deportes","13":"tag-dispositivo","14":"tag-es","15":"tag-espana","16":"tag-etapa","17":"tag-final","18":"tag-gobierno","19":"tag-inadmitida","20":"tag-madrid","21":"tag-spain","22":"tag-sports","23":"tag-vuelta"},"share_on_mastodon":{"url":"https:\/\/pubeurope.com\/@es\/115777449680250308","error":""},"_links":{"self":[{"href":"https:\/\/www.europesays.com\/es\/wp-json\/wp\/v2\/posts\/305695","targetHints":{"allow":["GET"]}}],"collection":[{"href":"https:\/\/www.europesays.com\/es\/wp-json\/wp\/v2\/posts"}],"about":[{"href":"https:\/\/www.europesays.com\/es\/wp-json\/wp\/v2\/types\/post"}],"author":[{"embeddable":true,"href":"https:\/\/www.europesays.com\/es\/wp-json\/wp\/v2\/users\/2"}],"replies":[{"embeddable":true,"href":"https:\/\/www.europesays.com\/es\/wp-json\/wp\/v2\/comments?post=305695"}],"version-history":[{"count":0,"href":"https:\/\/www.europesays.com\/es\/wp-json\/wp\/v2\/posts\/305695\/revisions"}],"wp:featuredmedia":[{"embeddable":true,"href":"https:\/\/www.europesays.com\/es\/wp-json\/wp\/v2\/media\/305696"}],"wp:attachment":[{"href":"https:\/\/www.europesays.com\/es\/wp-json\/wp\/v2\/media?parent=305695"}],"wp:term":[{"taxonomy":"category","embeddable":true,"href":"https:\/\/www.europesays.com\/es\/wp-json\/wp\/v2\/categories?post=305695"},{"taxonomy":"post_tag","embeddable":true,"href":"https:\/\/www.europesays.com\/es\/wp-json\/wp\/v2\/tags?post=305695"}],"curies":[{"name":"wp","href":"https:\/\/api.w.org\/{rel}","templated":true}]}}