{"id":305699,"date":"2025-12-25T00:49:13","date_gmt":"2025-12-25T00:49:13","guid":{"rendered":"https:\/\/www.europesays.com\/es\/305699\/"},"modified":"2025-12-25T00:49:13","modified_gmt":"2025-12-25T00:49:13","slug":"el-atletico-de-madrid-traspasa-al-defensa-javi-galan-a-osasuna","status":"publish","type":"post","link":"https:\/\/www.europesays.com\/es\/305699\/","title":{"rendered":"El Atl\u00e9tico de Madrid traspasa al defensa Javi Gal\u00e1n a Osasuna"},"content":{"rendered":"<p style=\"\">El <a href=\"https:\/\/www.abc.es\/noticias\/atletico-de-madrid\/\" data-voc-vtm-id=\"in-text-traffic\" title=\"Atl\u00e9tico de Madrid\" data-mrf-link=\"www.abc.es\" rel=\"nofollow noopener\" target=\"_blank\">Atl\u00e9tico de Madrid<\/a> y el CA Osasuna han anunciado este mi\u00e9rcoles <strong>un acuerdo para el traspaso al conjunto navarro <\/strong>del lateral espa\u00f1ol Javi Gal\u00e1n. De este modo pone el punto y final a su etapa en el equipo rojiblanco, al que lleg\u00f3 en  &#8230; el verano de 2023.<\/p>\n<p class=\"voc-p\" style=\"\">\u00abEl Atl\u00e9tico de Madrid y el Club Atl\u00e9tico Osasuna han alcanzado un acuerdo para el traspaso de Javi Gal\u00e1n al conjunto navarro. El lateral extreme\u00f1o afronta as\u00ed un nuevo reto en su carrera deportiva, despu\u00e9s de haber militado en nuestra entidad la \u00faltima temporada y media y anteriormente, la primera mitad del curso 2023-2024\u00bb, ha indicado el Atl\u00e9tico.<\/p>\n<p class=\"voc-p\" style=\"\">Gal\u00e1n lleg\u00f3 a la entidad colchonera en verano de 2023 <strong>procedente del RC Celta<\/strong>, pero ante la falta de minutos fue cedido en el mercado invernal de esa campa\u00f1a 23-24 a la Real Sociedad. Tras el final de esta cesi\u00f3n tuvo algo m\u00e1s de continuidad y jug\u00f3 47 de los 56 partidos oficiales con los que se marcha.<\/p>\n<p class=\"voc-p\" style=\"\">En esta temporada, el futbolista de Badajoz, de 31 a\u00f1os, <strong>no ha contado demasiado<\/strong> para el t\u00e9cnico Diego Pablo Simeone, que optaba en su posici\u00f3n por el eslovaco David Hancko o el italiano Mateo Ruggeri. Solo ha participado en siete encuentros (cinco de LaLiga EA Sports, uno de Liga de Campeones y uno de Copa del Rey) para un total de 313 minutos. \u00abDesde nuestro club le deseamos mucha suerte en todos sus futuros proyectos profesionales y personales\u00bb, sentenci\u00f3 el Atl\u00e9tico.<\/p>\n<p class=\"voc-p\" style=\"\">Por su parte, el CA Osasuna ha informado de que ha pagado <strong>medio mill\u00f3n de euros por este traspaso del futbolista<\/strong>, que ha firmado por lo que resta de temporada, hasta el 30 de junio de 2026. \u00abNo obstante, en el hipot\u00e9tico caso de que la vinculaci\u00f3n entre las partes se prorrogase m\u00e1s all\u00e1 de esa fecha, el club madrile\u00f1o se reserva la opci\u00f3n de percibir 500.000 euros adicionales por cada nueva temporada que dispute en Osasuna y el equipo navarro logre la permanencia en LaLiga EA Sports\u00bb, ha puntualizado el equipo navarro.<\/p>\n<p class=\"voc-p\" style=\"\">\u00abAsimismo, el Atl\u00e9tico de Madrid ha dado su permiso para que el futbolista pueda incorporarse a la disciplina de Alessio Lisci el lunes 29 de diciembre en el regreso del equipo a los entrenamientos y sea presentado como jugador de Osasuna esa misma tarde\u00bb, ha a\u00f1adido.<\/p>\n","protected":false},"excerpt":{"rendered":"El Atl\u00e9tico de Madrid y el CA Osasuna han anunciado este mi\u00e9rcoles un acuerdo para el traspaso al&hellip;\n","protected":false},"author":2,"featured_media":305700,"comment_status":"","ping_status":"","sticky":false,"template":"","format":"standard","meta":{"footnotes":""},"categories":[268],"tags":[1517,1616,168,25,24,280,282,27853,11191,205,621,281,23,167,7819],"class_list":{"0":"post-305699","1":"post","2":"type-post","3":"status-publish","4":"format-standard","5":"has-post-thumbnail","7":"category-futbol","8":"tag-atletico","9":"tag-defensa","10":"tag-deportes","11":"tag-es","12":"tag-espana","13":"tag-football","14":"tag-futbol","15":"tag-galan","16":"tag-javi","17":"tag-madrid","18":"tag-osasuna","19":"tag-soccer","20":"tag-spain","21":"tag-sports","22":"tag-traspasa"},"share_on_mastodon":{"url":"https:\/\/pubeurope.com\/@es\/115777461639549668","error":""},"_links":{"self":[{"href":"https:\/\/www.europesays.com\/es\/wp-json\/wp\/v2\/posts\/305699","targetHints":{"allow":["GET"]}}],"collection":[{"href":"https:\/\/www.europesays.com\/es\/wp-json\/wp\/v2\/posts"}],"about":[{"href":"https:\/\/www.europesays.com\/es\/wp-json\/wp\/v2\/types\/post"}],"author":[{"embeddable":true,"href":"https:\/\/www.europesays.com\/es\/wp-json\/wp\/v2\/users\/2"}],"replies":[{"embeddable":true,"href":"https:\/\/www.europesays.com\/es\/wp-json\/wp\/v2\/comments?post=305699"}],"version-history":[{"count":0,"href":"https:\/\/www.europesays.com\/es\/wp-json\/wp\/v2\/posts\/305699\/revisions"}],"wp:featuredmedia":[{"embeddable":true,"href":"https:\/\/www.europesays.com\/es\/wp-json\/wp\/v2\/media\/305700"}],"wp:attachment":[{"href":"https:\/\/www.europesays.com\/es\/wp-json\/wp\/v2\/media?parent=305699"}],"wp:term":[{"taxonomy":"category","embeddable":true,"href":"https:\/\/www.europesays.com\/es\/wp-json\/wp\/v2\/categories?post=305699"},{"taxonomy":"post_tag","embeddable":true,"href":"https:\/\/www.europesays.com\/es\/wp-json\/wp\/v2\/tags?post=305699"}],"curies":[{"name":"wp","href":"https:\/\/api.w.org\/{rel}","templated":true}]}}