{"id":305701,"date":"2025-12-25T00:50:09","date_gmt":"2025-12-25T00:50:09","guid":{"rendered":"https:\/\/www.europesays.com\/es\/305701\/"},"modified":"2025-12-25T00:50:09","modified_gmt":"2025-12-25T00:50:09","slug":"muere-pat-finn-actor-de-friends-y-the-middle-a-los-60-anos","status":"publish","type":"post","link":"https:\/\/www.europesays.com\/es\/305701\/","title":{"rendered":"Muere Pat Finn, actor de \u00abFriends\u00bb y \u00abThe Middle\u00bb, a los 60 a\u00f1os"},"content":{"rendered":"<p>GENERANDO AUDIO&#8230; <\/p>\n<p><img fetchpriority=\"high\" decoding=\"async\" width=\"1024\" height=\"576\" src=\"https:\/\/www.europesays.com\/es\/wp-content\/uploads\/2025\/12\/luctuoso-pat-130457-1024x576.jpg\" alt=\"\u00bfQui\u00e9n fue Pat Finn, actor de &quot;Friends&quot; y &quot;The Middle&quot;?\" class=\"wp-image-1934578\"  \/>\u00bfQui\u00e9n fue Pat Finn, actor de \u201cFriends\u201d y \u201cThe Middle\u201d? | Foto: Getty Images<\/p>\n<p><strong>Patt Finn<\/strong>, actor estadounidense conocido por sus apariciones en series de comedia como \u201c<strong>Friends<\/strong>\u201d y \u201c<strong>The Middle<\/strong>\u201c, falleci\u00f3 a los 60 a\u00f1os tras luchar contra el c\u00e1ncer, seg\u00fan confirm\u00f3 este mi\u00e9rcoles el medio <a href=\"https:\/\/www.tmz.com\/2025\/12\/24\/pat-finn-dead\/\" rel=\"nofollow noopener\" target=\"_blank\">TMZ<\/a> con base en fuentes cercanas a la familia del histri\u00f3n.<\/p>\n<p>Adem\u00e1s de los m\u00faltiples papeles que hizo para la televisi\u00f3n, es recordado por dar vida al <strong>Dr. Roger<\/strong>, novio de Monica Geller en dos episodios de la serie \u201c<strong>Friends<\/strong>\u201d junto a <strong>Courtney Cox<\/strong> y otros actores como <strong>Matthew Perry<\/strong>, <a href=\"https:\/\/www.unotv.com\/entretenimiento\/matthew-perry-actor-de-friends-fallecio-por-sobredosis-accidental-de-ketamina\/\" rel=\"nofollow noopener\" target=\"_blank\">quien falleci\u00f3 en 2023<\/a>.<\/p>\n<p>A trav\u00e9s de redes sociales, amigos del int\u00e9rprete lamentaron su fallecimiento y compartieron mensajes de despedida, destacando su \u201c<strong>amabilidad y gentileza<\/strong>\u201d como profesional y como ser humano.<\/p>\n<p>\u00bfQu\u00e9 se sabe de la muerte de Patt Finn?<\/p>\n<p><strong>TMZ<\/strong> inform\u00f3 este 24 de diciembre que <strong>Pat Finn <\/strong>falleci\u00f3 \u201ctras una batalla contra el c\u00e1ncer\u201d el pasado lunes 22 de diciembre por la noche.<\/p>\n<blockquote class=\"wp-block-quote is-layout-flow wp-block-quote-is-layout-flow\">\n<p>\u201cFuentes familiares nos informan que Pat falleci\u00f3 el lunes por la noche en su casa de Los \u00c1ngeles, rodeado de su familia\u201d.<\/p>\n<p>TMZ<\/p><\/blockquote>\n<p>Hasta el momento, la familia del actor no ha dado a conocer las <strong>causas de muerte<\/strong>; tampoco confirm\u00f3 el tipo de c\u00e1ncer que padec\u00eda, aunque <strong>TMZ <\/strong>retom\u00f3 que padec\u00eda <strong>c\u00e1ncer de vejiga<\/strong> hace varios a\u00f1os.<\/p>\n<p>Amigos se despiden del actor<\/p>\n<p><strong>Jeff Dye<\/strong>, actor y comediante de \u201cBetter late than never\u201d, public\u00f3 un mensaje en X (antes Twitter) en el que record\u00f3 a Pat Finn como a un amigo m\u00e1s que como una celebridad.<\/p>\n<blockquote class=\"wp-block-quote is-layout-flow wp-block-quote-is-layout-flow\">\n<p>\u201cNo me gusta ser de los que publican fotos con famosos que fallecen. Pero este tipo no era solo una celebridad para m\u00ed. Era un amigo. Uno de los mejores tipos que conoc\u00ed, con un sentido del humor perfecto\u201d.<\/p>\n<p>Jeff Dye<\/p><\/blockquote>\n<p>Dye acompa\u00f1\u00f3 el mensaje con una foto de ambos en lo que parece ser una reuni\u00f3n de amigos, y remat\u00f3: \u201cTe quiero, <strong>Pat Finn<\/strong>, y nos veremos en el m\u00e1s all\u00e1; podemos cantar juntos y sacudir la cabeza por todas las maldades que hab\u00eda antes\u201d.<\/p>\n<p>Por su parte, <strong>Richard Kind<\/strong>, histri\u00f3n conocido por \u201cUn hombre serio\u201d, tambi\u00e9n confirm\u00f3 la muerte del actor de \u201cFriends\u201d e hizo una semblanza describi\u00e9ndolo como una persona amable.<\/p>\n<p>\u201cNo hab\u00eda una persona m\u00e1s <strong>amable<\/strong>, m\u00e1s <strong>gentil<\/strong>, m\u00e1s <strong>divertida<\/strong> y con los pies en la tierra que pudieras encontrar. Siempre positivo, ayud\u00e1ndote a ser m\u00e1s divertido y mejor. Un gran padre, un gran tipo. Talentoso y divertido sin ser sarc\u00e1stico o malo. Un chico que querr\u00edas conocer. Y si lo conoc\u00edas, eras el m\u00e1s afortunado\u201d, escribi\u00f3.<\/p>\n<p>Asimismo, envi\u00f3 sus condolencias a su esposa <strong>Donna <\/strong>y a sus tres hijos.<\/p>\n<p>\u00bfQu\u00e9 personaje interpret\u00f3 en \u201cFriends\u201d y \u201cThe Middle\u201d?<\/p>\n<p><strong>Pat Finn <\/strong>apareci\u00f3 en dos episodios de \u201c<strong>Friends<\/strong>\u201c, en los que interpret\u00f3 al <strong>Dr. Roger<\/strong>, novio de Monica Geller, de acuerdo con la base de datos IMDB:<\/p>\n<ul class=\"wp-block-list\">\n<li>\u201cThe one that could have been: Part 1\u201d (2000) \u2013 T6:E15<\/li>\n<li>\u201cThe one that could have been: Part 2\u201d (2000) \u2013 T6:E16<\/li>\n<\/ul>\n<p>Tuvo una participaci\u00f3n m\u00e1s extensa en \u201c<strong>The Middle<\/strong>\u201c, pues apareci\u00f3 en 23 episodios de 2011 a 2018 entre las temporadas 2 y 9 a excepci\u00f3n de la cuarta, seg\u00fan IMDB.<\/p>\n<p>En dicha serie hizo el papel de<strong> Bill Norwood<\/strong>. La temporada en la que tuvo m\u00e1s participaci\u00f3n fue en la s\u00e9ptima, en la que actu\u00f3 en cinco cap\u00edtulos.<\/p>\n<p class=\"has-vivid-red-color has-text-color has-link-color wp-elements-98b71816e0ca2105568bfaed8504e117\"><strong>\u00bfTienes una denuncia o informaci\u00f3n que quieras compartir? Escr\u00edbenos al WhatsApp de Uno TV: +52 55 8056 9131. Tu mensaje puede hacer la diferencia.<\/strong><\/p>\n<p><a href=\"https:\/\/profile.google.com\/cp\/Cg0vZy8xMWRfODh2N3d3\" target=\"_blank\" rel=\"noreferrer noopener nofollow\"><strong>Sigue a Uno TV en Google Discover y consulta las noticias al momento<\/strong><\/a><\/p>\n","protected":false},"excerpt":{"rendered":"GENERANDO AUDIO&#8230; \u00bfQui\u00e9n fue Pat Finn, actor de \u201cFriends\u201d y \u201cThe Middle\u201d? | Foto: Getty Images Patt Finn,&hellip;\n","protected":false},"author":2,"featured_media":305702,"comment_status":"","ping_status":"","sticky":false,"template":"","format":"standard","meta":{"footnotes":""},"categories":[174],"tags":[255,146,147,25,24,256,805,23,807,2338],"class_list":{"0":"post-305701","1":"post","2":"type-post","3":"status-publish","4":"format-standard","5":"has-post-thumbnail","7":"category-famosos","8":"tag-celebrities","9":"tag-entertainment","10":"tag-entretenimiento","11":"tag-es","12":"tag-espana","13":"tag-famosos","14":"tag-series","15":"tag-spain","16":"tag-television","17":"tag-video"},"share_on_mastodon":{"url":"https:\/\/pubeurope.com\/@es\/115777465804372138","error":""},"_links":{"self":[{"href":"https:\/\/www.europesays.com\/es\/wp-json\/wp\/v2\/posts\/305701","targetHints":{"allow":["GET"]}}],"collection":[{"href":"https:\/\/www.europesays.com\/es\/wp-json\/wp\/v2\/posts"}],"about":[{"href":"https:\/\/www.europesays.com\/es\/wp-json\/wp\/v2\/types\/post"}],"author":[{"embeddable":true,"href":"https:\/\/www.europesays.com\/es\/wp-json\/wp\/v2\/users\/2"}],"replies":[{"embeddable":true,"href":"https:\/\/www.europesays.com\/es\/wp-json\/wp\/v2\/comments?post=305701"}],"version-history":[{"count":0,"href":"https:\/\/www.europesays.com\/es\/wp-json\/wp\/v2\/posts\/305701\/revisions"}],"wp:featuredmedia":[{"embeddable":true,"href":"https:\/\/www.europesays.com\/es\/wp-json\/wp\/v2\/media\/305702"}],"wp:attachment":[{"href":"https:\/\/www.europesays.com\/es\/wp-json\/wp\/v2\/media?parent=305701"}],"wp:term":[{"taxonomy":"category","embeddable":true,"href":"https:\/\/www.europesays.com\/es\/wp-json\/wp\/v2\/categories?post=305701"},{"taxonomy":"post_tag","embeddable":true,"href":"https:\/\/www.europesays.com\/es\/wp-json\/wp\/v2\/tags?post=305701"}],"curies":[{"name":"wp","href":"https:\/\/api.w.org\/{rel}","templated":true}]}}