{"id":305716,"date":"2025-12-25T01:01:11","date_gmt":"2025-12-25T01:01:11","guid":{"rendered":"https:\/\/www.europesays.com\/es\/305716\/"},"modified":"2025-12-25T01:01:11","modified_gmt":"2025-12-25T01:01:11","slug":"los-supermercados-bm-afianzan-su-arraigo-en-euskadi-al-ser-adquiridos-por-700-millones-por-directivos-e-inversores-vascos-el-mundo","status":"publish","type":"post","link":"https:\/\/www.europesays.com\/es\/305716\/","title":{"rendered":"Los supermercados BM afianzan su arraigo en Euskadi al ser adquiridos por 700 millones por directivos e inversores vascos &#8211; El Mundo"},"content":{"rendered":"<ol>\n<li><a href=\"https:\/\/news.google.com\/rss\/articles\/CBMif0FVX3lxTE93RnJVRWxBNDdfMmV4cGdjQ0NKZUZIam83UGFidld3Q2VhR1VmbDduOEdTcDA3R1VQclNwLWZlOXRMaEtvTmZFNi1Bbkxzb1ZJUGNuSHdKUFgzRi1BRkRidllqYkR3WnNfdVRRZW81dUVmblBxWnk2WGVDNjE3dlnSAX9BVV95cUxOVW50eDNvQjFZcnQ4QzFuUWpJMTN2QmdONC1Ja2NFRGVmSEhrQTNvUFMzVW04UlVBRHl4clBQUHp3bXZnTEsxVnRLR0ZSUTY5TEdUQl9rMnZ6Y082T3JwYUxTZ1ZqNy1TcDY1WGdSNHBHMjhGeHpIdFFjbFRneVJz?oc=5\" target=\"_blank\" rel=\"nofollow noopener\">Los supermercados BM afianzan su arraigo en Euskadi al ser adquiridos por 700 millones por directivos e inversores vascos<\/a>&nbsp;&nbsp;El Mundo<\/li>\n<li><a href=\"https:\/\/news.google.com\/rss\/articles\/CBMigAFBVV95cUxNLWhRZmhLVnhyclRVZGdjS0xYSmd4NXBCZi1yNHNNeU5ST2M5X0NSOU1Pd29WMG5veVRZa3NVQmIxWTdzTEZpXzJCM3V1TFFHS0s4UGtuUHFYWE1fSGpxelhVTnhoa2ZPazFJZDZnVGRFYjFrLWNKbmk4UXdTVXNRTQ?oc=5\" target=\"_blank\" rel=\"nofollow noopener\">PAI Partners vende Uvesco al CEO e inversores vascos por 750 millones<\/a>&nbsp;&nbsp;Expansi\u00f3n<\/li>\n<li><a href=\"https:\/\/news.google.com\/rss\/articles\/CBMi0gFBVV95cUxNblZNWjdxYzItZmJvRS0tamsxVGU3OVc0Zkp6UTZ6QUE5SlRGV3lSU2tFTW51dk1rdWoyREFtUC1kRm01OEpTX1pMMnNJRENwajJYam1HUm0zcGd4d3hpdTZGcGE3MWgxRVhXN2p3cGlrY2VMZW5uSkhpNkZKRU9nTXB6dEdNUWREMkZiR3JOWDV3Tkd1dVR6ZGxVbzhyQlV6aDQtSTNJbHFrN0h2ZE9sM3dJMi1yelJteEx4TktjWUM0ZWNKRVlQZzc2SEVuUlRnWGc?oc=5\" target=\"_blank\" rel=\"nofollow noopener\">El consorcio vasco compra Uvesco y ancla la compa\u00f1\u00eda en una operaci\u00f3n sin Kutxa Fundazioa<\/a>&nbsp;&nbsp;El Diario Vasco<\/li>\n<li><a href=\"https:\/\/news.google.com\/rss\/articles\/CBMihAJBVV95cUxQelJ1eVlXRnlUVDhoNHN5bTdoZzhBeFp6UFRKQzNObHZwRVVEQjY1UTJURE01blozNWM2NENHUWpmUWl1UnJ4Y3JzdDFQazFHVnBRaTMxbnpfOWE3WFhDTXRGMVdtQ24yaUZKVG1SUzA1Smo0ei16Nno5eDRHb0ZXazdIeG44OWY1OUg2Rl9lNmVXdWlxQnpOREQ0bWd5bERSODNYMkJfQlY0cjA5elo5YXBjWFl5dDd4dXE2QU4zMjZ0TGRIZDRQZnZZY3NMTTUwcTNTaE0tdGFiVWFsWVhKZkpyQXUweno0ZWhzRnRSbldIdmw0eFZFXy1mWnkzWUs0Vlg0NdIB7wFBVV95cUxQS1ZlajF5QWJKaUdrSUtPRlExRk5Dd0lUa1NMZzlWRXdxQ2Vfa3cyb3lQRlg5bmQtazNWbDlLbVFlVU9NcVo2WllvMFhNWDVCTDkzbm1VR2FEYk1ncXV3UWM5TjkxZ0xqRm55N3lKc2txN0xIMkpNMXp4cnlOSnkxTERBV2xZM19jdVVNcjJYZVBONGNhQ18yci0xYW9qMU95bG90YUdJSXZBdFJEODRSZ3M2ZjZkN2dRMERzc1JlVnRzYkRHV1VXSVZTTEctOHFldE5Zdm9Ia0JUVUt2UGZGcWR6ZlpSSWtVX0xSS2JDVQ?oc=5\" target=\"_blank\" rel=\"nofollow noopener\">El consorcio liderado por el CEO de Uvesco firma un acuerdo con PAI Partners para adquirir la compa\u00f1\u00eda por 700 millones<\/a>&nbsp;&nbsp;El Economista<\/li>\n<li><a href=\"https:\/\/news.google.com\/rss\/articles\/CBMi2gFBVV95cUxOc2ZTb1NXX3FoQVN6NVlNdEtOZHBMY2t6MGUwaWdILXdXbGN5M1AtNDN2VS16M0MtOEoxNGhvUlZUckw2TDIzTERaQ2hnNGRBQ3JveHZseFpROEFQZDRXRTFUYWQ3TDhfYU44YnN3R2dkS2FjelBCdkZSTDVGYlpmT0JET3NtSjBjVk9xQ0JoZWJWUUxPNTlGU3V0TmlELXVCR3NLZG5PMkI1YkZrS05maXJsTjZ1OGRsS09uZ051Tlh2RnAzOXVLV1JZd3o0UTZBSWN6XzlhVzdNdw?oc=5\" target=\"_blank\" rel=\"nofollow noopener\">Un grupo de inversores adquiere el 100% de la cadena BM Supermercados<\/a>&nbsp;&nbsp;Diario de Navarra<\/li>\n<\/ol>\n","protected":false},"excerpt":{"rendered":"Los supermercados BM afianzan su arraigo en Euskadi al ser adquiridos por 700 millones por directivos e inversores&hellip;\n","protected":false},"author":2,"featured_media":305717,"comment_status":"","ping_status":"","sticky":false,"template":"","format":"standard","meta":{"footnotes":""},"categories":[80],"tags":[82,95,94,25,24,264,23],"class_list":{"0":"post-305716","1":"post","2":"type-post","3":"status-publish","4":"format-standard","5":"has-post-thumbnail","7":"category-economia","8":"tag-business","9":"tag-economia","10":"tag-economy","11":"tag-es","12":"tag-espana","13":"tag-pais-vasco","14":"tag-spain"},"share_on_mastodon":{"url":"https:\/\/pubeurope.com\/@es\/115777508712657141","error":""},"_links":{"self":[{"href":"https:\/\/www.europesays.com\/es\/wp-json\/wp\/v2\/posts\/305716","targetHints":{"allow":["GET"]}}],"collection":[{"href":"https:\/\/www.europesays.com\/es\/wp-json\/wp\/v2\/posts"}],"about":[{"href":"https:\/\/www.europesays.com\/es\/wp-json\/wp\/v2\/types\/post"}],"author":[{"embeddable":true,"href":"https:\/\/www.europesays.com\/es\/wp-json\/wp\/v2\/users\/2"}],"replies":[{"embeddable":true,"href":"https:\/\/www.europesays.com\/es\/wp-json\/wp\/v2\/comments?post=305716"}],"version-history":[{"count":0,"href":"https:\/\/www.europesays.com\/es\/wp-json\/wp\/v2\/posts\/305716\/revisions"}],"wp:featuredmedia":[{"embeddable":true,"href":"https:\/\/www.europesays.com\/es\/wp-json\/wp\/v2\/media\/305717"}],"wp:attachment":[{"href":"https:\/\/www.europesays.com\/es\/wp-json\/wp\/v2\/media?parent=305716"}],"wp:term":[{"taxonomy":"category","embeddable":true,"href":"https:\/\/www.europesays.com\/es\/wp-json\/wp\/v2\/categories?post=305716"},{"taxonomy":"post_tag","embeddable":true,"href":"https:\/\/www.europesays.com\/es\/wp-json\/wp\/v2\/tags?post=305716"}],"curies":[{"name":"wp","href":"https:\/\/api.w.org\/{rel}","templated":true}]}}