{"id":305718,"date":"2025-12-25T01:02:10","date_gmt":"2025-12-25T01:02:10","guid":{"rendered":"https:\/\/www.europesays.com\/es\/305718\/"},"modified":"2025-12-25T01:02:10","modified_gmt":"2025-12-25T01:02:10","slug":"el-expresidente-brasileno-bolsonaro-sale-de-prision-e-ingresa-a-hospital-para-cirugia","status":"publish","type":"post","link":"https:\/\/www.europesays.com\/es\/305718\/","title":{"rendered":"El expresidente brasile\u00f1o Bolsonaro sale de prisi\u00f3n e ingresa a hospital para cirug\u00eda"},"content":{"rendered":"<p>    <img src=\"https:\/\/www.europesays.com\/es\/wp-content\/uploads\/2025\/12\/2025-12-24T153A033A00Z-90687903.jpg\" width=\"1024\" height=\"576\" alt=\"\" loading=\"eager\" decoding=\"sync\" fetchpriority=\"high\"\/><\/p>\n<p>            afp_tickers        <\/p>\n<p>        Este contenido fue publicado en    <\/p>\n<p>        25 diciembre 2025 &#8211; 01:48\n<\/p>\n<p>El expresidente brasile\u00f1o Jair Bolsonaro ingres\u00f3 este mi\u00e9rcoles a un hospital de Brasilia para someterse a una cirug\u00eda el jueves, en la primera vez que deja la prisi\u00f3n desde que a finales de noviembre comenz\u00f3 a cumplir una condena de 27 a\u00f1os de c\u00e1rcel por intento de golpe de Estado.<\/p>\n<p>Tras los ex\u00e1menes preoperatorios, Bolsonaro, de 70 a\u00f1os, fue declarado \u00abapto para el procedimiento\u00bb para operarlo por una hernia inguinal, seg\u00fan un comunicado del hospital privado DF Star, donde est\u00e1 internado el exmandatario de ultraderecha (2019-2022).<\/p>\n<p>La intervenci\u00f3n quir\u00fargica est\u00e1 programada para las 12H00 GMT y durar\u00e1 unas cuatro horas.<\/p>\n<p>Periodistas de la AFP observaron temprano a un convoy de veh\u00edculos negros, escoltados por motocicletas, entrando al estacionamiento del centro de salud.<\/p>\n<p>\u00abEstimamos que se quede internado por un per\u00edodo de cinco a siete d\u00edas\u00bb, inform\u00f3 Claudio Birolini, el m\u00e9dico encargado de la operaci\u00f3n.<\/p>\n<p>Despu\u00e9s de la cirug\u00eda se evaluar\u00e1 si Bolsonaro puede someterse a un procedimiento adicional: el bloqueo anest\u00e9sico del nervio fr\u00e9nico, que controla el diafragma, por un hipo recurrente, agreg\u00f3 Birolini en declaraciones a la prensa.<\/p>\n<p>La salida de Bolsonaro de la c\u00e1rcel fue autorizada por el juez de la corte suprema Alexandre de Moraes, responsable del caso por el cual el expresidente fue condenado en septiembre por conspirar para mantenerse en el poder tras perder las elecciones ante el izquierdista Luiz In\u00e1cio Lula da Silva, en octubre de 2022.<\/p>\n<p>El convoy tard\u00f3 apenas unos minutos en ir desde las dependencias de la Polic\u00eda Federal, donde Bolsonaro cumple su pena, hasta el hospital DF Star, donde el exgobernante ya fue operado en abril.<\/p>\n<p>El expresidente sufre secuelas de la herida en el abdomen por una pu\u00f1alada durante un mitin de campa\u00f1a en 2018, que requiri\u00f3 varias cirug\u00edas mayores.<\/p>\n<p>Bolsonaro, recientemente, tambi\u00e9n fue diagnosticado de c\u00e1ncer de la piel.<\/p>\n<p>De acuerdo con el m\u00e9dico Brasil Caiado, Bolsonaro est\u00e1 \u00abun poco deprimido\u00bb y \u00abansioso\u00bb .<\/p>\n<p>\u2013 \u00abMenos malo\u00bb \u2013<\/p>\n<p>El juez De Moraes rechaz\u00f3 el viernes un nuevo pedido de los abogados de Bolsonaro para que el exgobernante cumpliese su pena en arresto domiciliario, as\u00ed como un recurso sobre el fondo del caso que intentaba anular la condena.<\/p>\n<p>El magistrado, que ya hab\u00eda aprobado la presencia de la esposa del expresidente, Michelle Bolsonaro, como acompa\u00f1ante en el hospital, autoriz\u00f3 este mi\u00e9rcoles visitas de sus hijos, Fl\u00e1vio y Carlos.<\/p>\n<p>\u00abMe alegra poder darle un abrazo a mi padre aqu\u00ed, desearle una feliz Navidad en persona. (El hospital) sin duda es menos malo que donde \u00e9l estaba\u00bb, dijo el senador Fl\u00e1vio Bolsonaro a periodistas.<\/p>\n<p>\u00abAl menos pasar\u00e1 aqu\u00ed una noche de Navidad con Michelle, cerca de Carlos tambi\u00e9n\u00bb, agreg\u00f3 Fl\u00e1vio Bolsonaro.<\/p>\n<p>El congresista, el mayor de los hijos del expresidente, anunci\u00f3 recientemente su candidatura a las presidenciales de octubre de 2026, al asegurar que su padre lo eligi\u00f3 como sucesor. Podr\u00eda enfrentar en las urnas a Lula, quien ya ha mencionado su intenci\u00f3n de buscar un cuarto mandato.<\/p>\n<p>De Moraes orden\u00f3 a la polic\u00eda que garantice \u00abvigilancia las 24 horas del d\u00eda\u00bb mientras Bolsonaro permanece internado, con un m\u00ednimo de dos agentes en la puerta de su habitaci\u00f3n.\u00a0<\/p>\n<p>Tiene prohibido adem\u00e1s el ingreso de computadoras, tel\u00e9fonos celulares y otros dispositivos electr\u00f3nicos.<\/p>\n<p>El Congreso brasile\u00f1o, de mayor\u00eda conservadora, aprob\u00f3 la semana pasada un proyecto de ley que puede reducir el tiempo efectivo de c\u00e1rcel de Bolsonaro a poco m\u00e1s de dos a\u00f1os.\u00a0<\/p>\n<p>\u00abInvito a todos a que permanezcamos firmes en el prop\u00f3sito de nuestro l\u00edder\u00bb de \u00abedificar una nueva naci\u00f3n por medio de la verdadera pol\u00edtica. Les pido que sigan orando por \u00e9l\u00bb, pidi\u00f3 Michelle Bolsonaro en un mensaje de Navidad divulgado en redes sociales.<\/p>\n<p>El presidente Lula asegur\u00f3 que vetar\u00eda el texto, aunque los parlamentarios pueden a su vez derribar el veto.<\/p>\n<p>lg-jss\/cjc<\/p>\n","protected":false},"excerpt":{"rendered":"afp_tickers Este contenido fue publicado en 25 diciembre 2025 &#8211; 01:48 El expresidente brasile\u00f1o Jair Bolsonaro ingres\u00f3 este&hellip;\n","protected":false},"author":2,"featured_media":305719,"comment_status":"","ping_status":"","sticky":false,"template":"","format":"standard","meta":{"footnotes":""},"categories":[42],"tags":[17,18,636,15534,13,14,11,165,61,62,63,64,11894,11895,19,20,7657,9,10,15,16,88,25889,25890,90,12,11896,21,22,65,66,67],"class_list":{"0":"post-305718","1":"post","2":"type-post","3":"status-publish","4":"format-standard","5":"has-post-thumbnail","7":"category-internacional","8":"tag-breaking-news","9":"tag-breakingnews","10":"tag-conflict","11":"tag-coup-detat","12":"tag-featured-news","13":"tag-featurednews","14":"tag-headlines","15":"tag-health","16":"tag-internacional","17":"tag-international","18":"tag-international-news","19":"tag-internationalnews","20":"tag-judiciary-system-of-justice","21":"tag-justice-and-rights","22":"tag-latest-news","23":"tag-latestnews","24":"tag-law-and-order","25":"tag-news","26":"tag-noticias","27":"tag-noticias-destacadas","28":"tag-noticiasdestacadas","29":"tag-politics","30":"tag-prison","31":"tag-punishment","32":"tag-ticker","33":"tag-titulares","34":"tag-trials","35":"tag-ultimas-noticias","36":"tag-ultimasnoticias","37":"tag-world","38":"tag-world-news","39":"tag-worldnews"},"share_on_mastodon":{"url":"","error":"Validation failed: Text character limit of 500 exceeded"},"_links":{"self":[{"href":"https:\/\/www.europesays.com\/es\/wp-json\/wp\/v2\/posts\/305718","targetHints":{"allow":["GET"]}}],"collection":[{"href":"https:\/\/www.europesays.com\/es\/wp-json\/wp\/v2\/posts"}],"about":[{"href":"https:\/\/www.europesays.com\/es\/wp-json\/wp\/v2\/types\/post"}],"author":[{"embeddable":true,"href":"https:\/\/www.europesays.com\/es\/wp-json\/wp\/v2\/users\/2"}],"replies":[{"embeddable":true,"href":"https:\/\/www.europesays.com\/es\/wp-json\/wp\/v2\/comments?post=305718"}],"version-history":[{"count":0,"href":"https:\/\/www.europesays.com\/es\/wp-json\/wp\/v2\/posts\/305718\/revisions"}],"wp:featuredmedia":[{"embeddable":true,"href":"https:\/\/www.europesays.com\/es\/wp-json\/wp\/v2\/media\/305719"}],"wp:attachment":[{"href":"https:\/\/www.europesays.com\/es\/wp-json\/wp\/v2\/media?parent=305718"}],"wp:term":[{"taxonomy":"category","embeddable":true,"href":"https:\/\/www.europesays.com\/es\/wp-json\/wp\/v2\/categories?post=305718"},{"taxonomy":"post_tag","embeddable":true,"href":"https:\/\/www.europesays.com\/es\/wp-json\/wp\/v2\/tags?post=305718"}],"curies":[{"name":"wp","href":"https:\/\/api.w.org\/{rel}","templated":true}]}}