{"id":30572,"date":"2025-08-07T01:39:08","date_gmt":"2025-08-07T01:39:08","guid":{"rendered":"https:\/\/www.europesays.com\/es\/30572\/"},"modified":"2025-08-07T01:39:08","modified_gmt":"2025-08-07T01:39:08","slug":"zelenski-tras-la-reunion-entre-el-kremlin-y-la-casa-blanca-parece-que-rusia-esta-mas-inclinada-hacia-un-alto-el-fuego-internacional","status":"publish","type":"post","link":"https:\/\/www.europesays.com\/es\/30572\/","title":{"rendered":"Zelenski, tras la reuni\u00f3n entre el Kremlin y la Casa Blanca: \u00abParece que Rusia est\u00e1 m\u00e1s inclinada hacia un alto el fuego\u00bb | Internacional"},"content":{"rendered":"<p>El primer ministro ucraniano, Volod\u00edmir Zelenski, ha publicado un v\u00eddeo en su cuenta de Telegram tras la llamada que ha mantenido con Donald Trump en el que ha indicado que \u00abparece que Rusia est\u00e1 m\u00e1s inclinada hacia un alto el fuego\u00bb. <\/p>\n<p>M\u00e1s informaci\u00f3n<\/p>\n<p>\u00abDa la impresi\u00f3n de que Rusia ahora est\u00e1 m\u00e1s inclinada hacia un alto el fuego; la presi\u00f3n sobre ella est\u00e1 surtiendo efecto, pero lo principal es que no nos enga\u00f1en en los detalles. Ni nosotros ni a Estados Unidos, y hemos propuesto que pr\u00f3ximamente nuestros representantes de Ucrania y nuestros socios, nuestros asesores de seguridad, se pronuncien para determinar nuestra oposici\u00f3n\u00bb, ha indicado el primer ministro ucraniano en su cuenta. <\/p>\n<p>El presidente de Ucrania ha asegurado que el pa\u00eds \u00abdefender\u00e1 su independencia\u00bb. \u00abTodos necesitamos una paz duradera y fiable. Rusia debe poner fin a la guerra que ella misma inici\u00f3\u00bb, dijo Zelenski en X, a\u00f1adiendo que l\u00edderes europeos se hab\u00edan unido a la llamada con Trump.<\/p>\n<p>Tanto el Kremlin como Donald Trump han coincidido en los \u00abavances\u00bb logrados tras la reuni\u00f3n sobre la guerra de Ucrania entre Estados Unidos y Rusia. Despu\u00e9s de la visita de Witkoff a Putin, Zelenski ha mantenido una conversaci\u00f3n telef\u00f3nica con Trump. <\/p>\n<p>\u00abMi enviado especial, Steve Witkoff, acaba de tener una reuni\u00f3n altamente productiva con el presidente ruso Vladimir Putin\u00bb, ha indicado Trump en una publicaci\u00f3n en Truth Social.<\/p>\n<p>Todos coinciden en que esta guerra debe llegar a su fin, y trabajaremos para lograrlo en los pr\u00f3ximos d\u00edas y semanas\u00bb, a\u00f1adi\u00f3. \u00abTodos est\u00e1n de acuerdo en que esta guerra debe llegar a su fin, y trabajaremos para lograrlo en los pr\u00f3ximos d\u00edas y semanas\u00bb, a\u00f1adi\u00f3 Trump, sin dar m\u00e1s detalles sobre la reuni\u00f3n, que la Casa Blanca ha calificado de positiva.<\/p>\n","protected":false},"excerpt":{"rendered":"El primer ministro ucraniano, Volod\u00edmir Zelenski, ha publicado un v\u00eddeo en su cuenta de Telegram tras la llamada&hellip;\n","protected":false},"author":2,"featured_media":30573,"comment_status":"","ping_status":"","sticky":false,"template":"","format":"standard","meta":{"footnotes":""},"categories":[42],"tags":[17,18,11643,16178,13,14,11,61,62,63,64,19,20,1383,9,10,15,16,16179,16180,88,16181,12,21,22,6319,65,66,67],"class_list":{"0":"post-30572","1":"post","2":"type-post","3":"status-publish","4":"format-standard","5":"has-post-thumbnail","7":"category-internacional","8":"tag-breaking-news","9":"tag-breakingnews","10":"tag-defence","11":"tag-defense","12":"tag-featured-news","13":"tag-featurednews","14":"tag-headlines","15":"tag-internacional","16":"tag-international","17":"tag-international-news","18":"tag-internationalnews","19":"tag-latest-news","20":"tag-latestnews","21":"tag-meeting","22":"tag-news","23":"tag-noticias","24":"tag-noticias-destacadas","25":"tag-noticiasdestacadas","26":"tag-officials","27":"tag-politicians","28":"tag-politics","29":"tag-presser","30":"tag-titulares","31":"tag-ultimas-noticias","32":"tag-ultimasnoticias","33":"tag-visit","34":"tag-world","35":"tag-world-news","36":"tag-worldnews"},"share_on_mastodon":{"url":"","error":""},"_links":{"self":[{"href":"https:\/\/www.europesays.com\/es\/wp-json\/wp\/v2\/posts\/30572","targetHints":{"allow":["GET"]}}],"collection":[{"href":"https:\/\/www.europesays.com\/es\/wp-json\/wp\/v2\/posts"}],"about":[{"href":"https:\/\/www.europesays.com\/es\/wp-json\/wp\/v2\/types\/post"}],"author":[{"embeddable":true,"href":"https:\/\/www.europesays.com\/es\/wp-json\/wp\/v2\/users\/2"}],"replies":[{"embeddable":true,"href":"https:\/\/www.europesays.com\/es\/wp-json\/wp\/v2\/comments?post=30572"}],"version-history":[{"count":0,"href":"https:\/\/www.europesays.com\/es\/wp-json\/wp\/v2\/posts\/30572\/revisions"}],"wp:featuredmedia":[{"embeddable":true,"href":"https:\/\/www.europesays.com\/es\/wp-json\/wp\/v2\/media\/30573"}],"wp:attachment":[{"href":"https:\/\/www.europesays.com\/es\/wp-json\/wp\/v2\/media?parent=30572"}],"wp:term":[{"taxonomy":"category","embeddable":true,"href":"https:\/\/www.europesays.com\/es\/wp-json\/wp\/v2\/categories?post=30572"},{"taxonomy":"post_tag","embeddable":true,"href":"https:\/\/www.europesays.com\/es\/wp-json\/wp\/v2\/tags?post=30572"}],"curies":[{"name":"wp","href":"https:\/\/api.w.org\/{rel}","templated":true}]}}