{"id":305731,"date":"2025-12-25T01:18:35","date_gmt":"2025-12-25T01:18:35","guid":{"rendered":"https:\/\/www.europesays.com\/es\/305731\/"},"modified":"2025-12-25T01:18:35","modified_gmt":"2025-12-25T01:18:35","slug":"jose-manuel-ferrero-disena-la-imagen-del-any-mestre-ferrero","status":"publish","type":"post","link":"https:\/\/www.europesays.com\/es\/305731\/","title":{"rendered":"Jos\u00e9 Manuel Ferrero dise\u00f1a la imagen del Any Mestre Ferrero"},"content":{"rendered":"<p>\n            La propuesta, que se define como una experiencia integral, se dar\u00e1 a conocer el 10 de enero.\n        <\/p>\n<p class=\"MsoNormal\">El pr\u00f3ximo d\u00eda 10 de enero tendr\u00e1 lugar en el Centro Cultural&#13;<br \/>\nCaixa Ontinyent la presentaci\u00f3n de la imagen que representar\u00e1 el Any Mestre&#13;<br \/>\nFerrero. Para celebrar esta efem\u00e9ride, el Ayuntamiento de Ontinyent y la&#13;<br \/>\ncomisi\u00f3n del centenario han confiado en Jos\u00e9 Manuel Ferrero, director creativo&#13;<br \/>\nde Estudi{H}ac, el dise\u00f1o de un proyecto conceptual que trasciende el dise\u00f1o&#13;<br \/>\ngr\u00e1fico tradicional.<\/p>\n<p class=\"MsoNormal\">Este trabajo se dar\u00e1 a conocer el 10 de enero a las 19:00 en un&#13;<br \/>\nacto que pondr\u00e1 de relieve que no es solo un logotipo lo que se presenta, sino&#13;<br \/>\nuna experiencia integral, que une m\u00fasica, movimiento, luz y memoria.<\/p>\n<p class=\"MsoNormal\">\u00a0<\/p>\n<p class=\"MsoNormal\">\u00a0<\/p>\n","protected":false},"excerpt":{"rendered":"La propuesta, que se define como una experiencia integral, se dar\u00e1 a conocer el 10 de enero. El&hellip;\n","protected":false},"author":2,"featured_media":305732,"comment_status":"","ping_status":"","sticky":false,"template":"","format":"standard","meta":{"footnotes":""},"categories":[173],"tags":[229,233,231,230,232,234,146,147,25,24,23],"class_list":{"0":"post-305731","1":"post","2":"type-post","3":"status-publish","4":"format-standard","5":"has-post-thumbnail","7":"category-arte-y-diseno","8":"tag-arte","9":"tag-arte-y-diseno","10":"tag-arts","11":"tag-arts-and-design","12":"tag-design","13":"tag-diseno","14":"tag-entertainment","15":"tag-entretenimiento","16":"tag-es","17":"tag-espana","18":"tag-spain"},"share_on_mastodon":{"url":"https:\/\/pubeurope.com\/@es\/115777575661182756","error":""},"_links":{"self":[{"href":"https:\/\/www.europesays.com\/es\/wp-json\/wp\/v2\/posts\/305731","targetHints":{"allow":["GET"]}}],"collection":[{"href":"https:\/\/www.europesays.com\/es\/wp-json\/wp\/v2\/posts"}],"about":[{"href":"https:\/\/www.europesays.com\/es\/wp-json\/wp\/v2\/types\/post"}],"author":[{"embeddable":true,"href":"https:\/\/www.europesays.com\/es\/wp-json\/wp\/v2\/users\/2"}],"replies":[{"embeddable":true,"href":"https:\/\/www.europesays.com\/es\/wp-json\/wp\/v2\/comments?post=305731"}],"version-history":[{"count":0,"href":"https:\/\/www.europesays.com\/es\/wp-json\/wp\/v2\/posts\/305731\/revisions"}],"wp:featuredmedia":[{"embeddable":true,"href":"https:\/\/www.europesays.com\/es\/wp-json\/wp\/v2\/media\/305732"}],"wp:attachment":[{"href":"https:\/\/www.europesays.com\/es\/wp-json\/wp\/v2\/media?parent=305731"}],"wp:term":[{"taxonomy":"category","embeddable":true,"href":"https:\/\/www.europesays.com\/es\/wp-json\/wp\/v2\/categories?post=305731"},{"taxonomy":"post_tag","embeddable":true,"href":"https:\/\/www.europesays.com\/es\/wp-json\/wp\/v2\/tags?post=305731"}],"curies":[{"name":"wp","href":"https:\/\/api.w.org\/{rel}","templated":true}]}}