{"id":305758,"date":"2025-12-25T02:07:12","date_gmt":"2025-12-25T02:07:12","guid":{"rendered":"https:\/\/www.europesays.com\/es\/305758\/"},"modified":"2025-12-25T02:07:12","modified_gmt":"2025-12-25T02:07:12","slug":"nuestra-incapacidad-para-comprender-a-los-demas-es-lo-que-provoca-la-mayoria-conflictos","status":"publish","type":"post","link":"https:\/\/www.europesays.com\/es\/305758\/","title":{"rendered":"\u00abNuestra incapacidad para comprender a los dem\u00e1s es lo que provoca la mayor\u00eda conflictos\u00bb"},"content":{"rendered":"<p style=\"\">Emilio Guti\u00e9rrez Caba, uno de nuestros grandes varones de la interpretaci\u00f3n llega, a sus 83 estupendos a\u00f1os, al teatro Fern\u00e1n G\u00f3mez de Madrid como director al frente de la obra &#8216;Los duelistas&#8217;, adaptaci\u00f3n del relato &#8216;El Duelo&#8217;, de Conrad. Y nosotros aprovechamos para hablar con  &#8230; \u00e9l. De pecados, como debe ser.<\/p>\n<p class=\"voc-p\" style=\"\"><strong>-Le perdono un pecado.<\/strong><\/p>\n<p class=\"voc-p\" style=\"\">-La timidez.<\/p>\n<p class=\"voc-p\" style=\"\"><strong>-Como pecado, tengo que decirle que es uno muy original.<\/strong><\/p>\n<p class=\"voc-p\" style=\"\">-M\u00e1s que original, en los tiempos en que vivimos es un grave pecado capital para nuestra sociedad. <\/p>\n<p class=\"voc-p\" style=\"\"><strong>-\u00bfSer\u00eda este, entonces, un pecado moderno?<\/strong><\/p>\n<p class=\"voc-p\" style=\"\">-Desde luego, no es uno de los antiguos. Pero es que los pecados capitales est\u00e1n un poco obsoletos. Est\u00e1 muy desactualizada esa lista.<\/p>\n<p class=\"voc-p\" style=\"\"><strong>-Podemos formular una nueva. \u00bfA\u00f1adimos alguno m\u00e1s, junto a la timidez?<\/strong><\/p>\n<p class=\"voc-p\" style=\"\">-Yo a\u00f1adir\u00eda la modestia. <\/p>\n<p class=\"voc-p\" style=\"\"><strong>Dir\u00eda que la timidez es incapacitante para alguien que tiene que subirse a un escenario y trabajar con cientos de ojos pendientes de \u00e9l.<\/strong><\/p>\n<p class=\"voc-p\" style=\"\">-Esa es la contradicci\u00f3n. La contradicci\u00f3n humana est\u00e1 ah\u00ed. Ese mont\u00f3n de ojos sobre ti hacen que no seas t\u00fa. No eres t\u00fa el que se sube al escenario, es otra persona.<\/p>\n<p class=\"voc-p\" style=\"\">&#8211;<strong>\u00bfEse desdoblamiento lo provocar\u00eda el hecho de luchar cada d\u00eda contra su pecado capital, la timidez?<\/strong><\/p>\n<p class=\"voc-p\" style=\"\">-Pues, m\u00e1s o menos, ser\u00eda eso, s\u00ed.<\/p>\n<p class=\"voc-p\" style=\"\">&#8211;<strong>\u00bfY qu\u00e9 pecado disculpa m\u00e1s f\u00e1cilmente en los dem\u00e1s?<\/strong><\/p>\n<p class=\"voc-p\" style=\"\">-La incomprensi\u00f3n.<\/p>\n<p class=\"voc-p\" style=\"\"><strong>-Otro pecado moderno. \u00bfMe lo explica?<\/strong><\/p>\n<p class=\"voc-p\" style=\"\">-Bueno, el mundo es una incomprensi\u00f3n. Nuestra incapacidad para comprender a los dem\u00e1s es lo que provoca la mayor\u00eda de los conflictos y malentendidos. Por eso puedo entender y disculpar que alguien caiga en eso y no comprenda a los otros.<\/p>\n<p class=\"voc-title\">\u00abLa contradicci\u00f3n humana est\u00e1 ah\u00ed. Ese mont\u00f3n de ojos clavos sobre ti hacen que no seas t\u00fa. No eres t\u00fa el que se sube al escenario, es otra persona\u00bb<\/p>\n<p class=\"voc-p\" style=\"\"><strong>-\u00bfY el que m\u00e1s le cuesta perdonar?<\/strong><\/p>\n<p class=\"voc-p\" style=\"\">-La soberbia. En este caso s\u00ed voy a uno de los cl\u00e1sicos. <\/p>\n<p class=\"voc-p\" style=\"\">&#8211;<strong>Con una profesi\u00f3n como la suya supongo que tendr\u00e1 que lidiar con ella bastante a menudo.<\/strong><\/p>\n<p class=\"voc-p\" style=\"\">-No, no, qu\u00e9 va. La soberbia est\u00e1 en la gente poderosa, gente de dinero y pol\u00edticos. Esa es la gente soberbia. Lo de nuestra profesi\u00f3n, como las profesiones art\u00edsticas en general, es m\u00e1s bien vanidad. Puede haber alg\u00fan caso aislado de soberbia, pero muy contados. <\/p>\n<p class=\"voc-p\" style=\"\">&#8211;<strong>\u00bfSer\u00eda ese, entonces, el pecado que usted no se permite cometer bajo ning\u00fan concepto?<\/strong><\/p>\n<p class=\"voc-p\" style=\"\">-Bueno, yo he podido tener alguna vez un momento de soberbia, todos somos humanos. Pero no soy extremo, es decir, no puede uno plantarse en la vida siendo de profesi\u00f3n soberbio. Pero lo que no soporto es la prepotencia.<\/p>\n<p class=\"voc-title\">\u00abEl ser humano es un poco como la tierra, tenemos un n\u00facleo central ardiente. Lo que se trata es, con la educaci\u00f3n y la cultura, de tratar de tener controlado a ese n\u00facleo central ardiente. Que lo podamos controlar nosotros y no que nos controle \u00e9l\u00bb<\/p>\n<p class=\"voc-p\" style=\"\">&#8211;<strong>Tenemos, entonces, un cuarto pecado moderno.<\/strong><\/p>\n<p class=\"voc-p\" style=\"\">-Es que el ser humano es un poco como la tierra, tenemos un n\u00facleo central ardiente. Lo que se trata es, con la educaci\u00f3n y la cultura, de tratar de tener controlado a ese n\u00facleo central ardiente. Que lo podamos controlar nosotros y no que nos controle \u00e9l. En ese sentido, la sabidur\u00eda que dan los a\u00f1os, es precisamente esa: aprender a mantener bajo control ese n\u00facleo ardiente que tenemos todos.<\/p>\n<p class=\"voc-p\" style=\"\">&#8211;<strong>Aquello de mi admirado Wenceslao Fern\u00e1ndez Fl\u00f3rez, que los pecados capitales no son m\u00e1s que las grandes pasiones humanas, las que mueven el mundo, fuera de control.<\/strong><\/p>\n<p class=\"voc-p\" style=\"\">-Es eso, exactamente. Ten\u00eda toda la raz\u00f3n Fern\u00e1ndez Fl\u00f3rez.<\/p>\n<p class=\"voc-p\" style=\"\">&#8211;<strong>Pero me ha gustado mucho explicado con su met\u00e1fora del n\u00facleo ardiente. Creo que lo utilizar\u00e9 alg\u00fan d\u00eda, con su permiso.<\/strong><\/p>\n<p class=\"voc-p\" style=\"\">-Es que somos un reflejo de la tierra, \u00bfno crees? De ah\u00ed lo del n\u00facleo ardiente.<\/p>\n","protected":false},"excerpt":{"rendered":"Emilio Guti\u00e9rrez Caba, uno de nuestros grandes varones de la interpretaci\u00f3n llega, a sus 83 estupendos a\u00f1os, al&hellip;\n","protected":false},"author":2,"featured_media":305759,"comment_status":"","ping_status":"","sticky":false,"template":"","format":"standard","meta":{"footnotes":""},"categories":[174],"tags":[72328,255,9941,70,7414,13836,146,147,25,24,256,8218,52518,30746,3486,23],"class_list":{"0":"post-305758","1":"post","2":"type-post","3":"status-publish","4":"format-standard","5":"has-post-thumbnail","7":"category-famosos","8":"tag-caba","9":"tag-celebrities","10":"tag-comprender","11":"tag-conflictos","12":"tag-demas","13":"tag-emilio","14":"tag-entertainment","15":"tag-entretenimiento","16":"tag-es","17":"tag-espana","18":"tag-famosos","19":"tag-gutierrez","20":"tag-incapacidad","21":"tag-mayoria","22":"tag-provoca","23":"tag-spain"},"share_on_mastodon":{"url":"https:\/\/pubeurope.com\/@es\/115777768203368279","error":""},"_links":{"self":[{"href":"https:\/\/www.europesays.com\/es\/wp-json\/wp\/v2\/posts\/305758","targetHints":{"allow":["GET"]}}],"collection":[{"href":"https:\/\/www.europesays.com\/es\/wp-json\/wp\/v2\/posts"}],"about":[{"href":"https:\/\/www.europesays.com\/es\/wp-json\/wp\/v2\/types\/post"}],"author":[{"embeddable":true,"href":"https:\/\/www.europesays.com\/es\/wp-json\/wp\/v2\/users\/2"}],"replies":[{"embeddable":true,"href":"https:\/\/www.europesays.com\/es\/wp-json\/wp\/v2\/comments?post=305758"}],"version-history":[{"count":0,"href":"https:\/\/www.europesays.com\/es\/wp-json\/wp\/v2\/posts\/305758\/revisions"}],"wp:featuredmedia":[{"embeddable":true,"href":"https:\/\/www.europesays.com\/es\/wp-json\/wp\/v2\/media\/305759"}],"wp:attachment":[{"href":"https:\/\/www.europesays.com\/es\/wp-json\/wp\/v2\/media?parent=305758"}],"wp:term":[{"taxonomy":"category","embeddable":true,"href":"https:\/\/www.europesays.com\/es\/wp-json\/wp\/v2\/categories?post=305758"},{"taxonomy":"post_tag","embeddable":true,"href":"https:\/\/www.europesays.com\/es\/wp-json\/wp\/v2\/tags?post=305758"}],"curies":[{"name":"wp","href":"https:\/\/api.w.org\/{rel}","templated":true}]}}