{"id":305762,"date":"2025-12-25T02:12:19","date_gmt":"2025-12-25T02:12:19","guid":{"rendered":"https:\/\/www.europesays.com\/es\/305762\/"},"modified":"2025-12-25T02:12:19","modified_gmt":"2025-12-25T02:12:19","slug":"gwyneth-paltrow-confiesa-el-motivo-por-el-que-ha-vuelto-a-actuar-despues-de-seis-anos","status":"publish","type":"post","link":"https:\/\/www.europesays.com\/es\/305762\/","title":{"rendered":"Gwyneth Paltrow confiesa el motivo por el que ha vuelto a actuar despu\u00e9s de seis a\u00f1os"},"content":{"rendered":"<p data-journey-content=\"true\" data-node-id=\"0\" class=\"body-dropcap css-1vn2egp emevuu60\">Tras m\u00e1s de un lustro sin aparecer en pantalla -su \u00faltima pel\u00edcula fue en Endgame (2019)-, <strong data-node-id=\"0.2\">Gwyneth Paltrow <\/strong>decidi\u00f3 retomar sus proyectos profesionales, esta vez bajo las \u00f3rdenes de Joshua Safdie y junto a uno de los int\u00e9rpretes m\u00e1s aclamados de los \u00faltimos a\u00f1os, <strong data-node-id=\"0.4\">Timoth\u00e9e Chalamet<\/strong>, en <a href=\"https:\/\/www.harpersbazaar.com\/es\/famosas\/el-estilo-de\/a69705757\/marty-supreme-pelicula-timothee-chalament-chaqueta-famosos-estrategia-marketing-tendencia\/\" target=\"_blank\" data-vars-ga-outbound-link=\"https:\/\/www.harpersbazaar.com\/es\/famosas\/el-estilo-de\/a69705757\/marty-supreme-pelicula-timothee-chalament-chaqueta-famosos-estrategia-marketing-tendencia\/\" data-vars-ga-ux-element=\"Hyperlink\" data-vars-ga-call-to-action=\"el filme Marty Supreme\" data-node-id=\"0.6\" class=\"body-link css-156jt4g emevuu60\" rel=\"nofollow noopener\">el filme Marty Supreme<\/a>, una de las grandes apuestas para este 2026. <\/p>\n<p data-journey-content=\"true\" data-node-id=\"1\" class=\"css-6wxqfj emevuu60\">Una decisi\u00f3n muy meditada para la que fuera <a href=\"https:\/\/www.harpersbazaar.com\/es\/famosas\/el-estilo-de\/a69629710\/gwyneth-paltrow-teoria-rojo-inesperado-vestido-blanco-elegante-navidad\/\" target=\"_blank\" data-vars-ga-outbound-link=\"https:\/\/www.harpersbazaar.com\/es\/famosas\/el-estilo-de\/a69629710\/gwyneth-paltrow-teoria-rojo-inesperado-vestido-blanco-elegante-navidad\/\" data-vars-ga-ux-element=\"Hyperlink\" data-vars-ga-call-to-action=\"una de las actrices m\u00e1s emblem\u00e1ticas\" data-node-id=\"1.1\" class=\"body-link css-156jt4g emevuu60\" rel=\"nofollow noopener\">una de las actrices m\u00e1s emblem\u00e1ticas<\/a> de los noventa y principios de los 2000, una figura clave en Hollywood, en la que sus hijos, <a href=\"https:\/\/www.harpersbazaar.com\/es\/famosas\/el-estilo-de\/a69795700\/apple-martin-hija-gwyneth-paltrow-recupera-vestido-negro-calvin-klein-1996\/\" target=\"_blank\" data-vars-ga-outbound-link=\"https:\/\/www.harpersbazaar.com\/es\/famosas\/el-estilo-de\/a69795700\/apple-martin-hija-gwyneth-paltrow-recupera-vestido-negro-calvin-klein-1996\/\" data-vars-ga-ux-element=\"Hyperlink\" data-vars-ga-call-to-action=\"Apple\" data-node-id=\"1.3\" class=\"body-link css-156jt4g emevuu60\" rel=\"nofollow noopener\">Apple<\/a> y Moses, fruto de su matrimonio con Chris Martin, fueron determinantes. \u00abEn realidad, no hab\u00eda vuelto a sentir el gusanillo de la actuaci\u00f3n, pero Josh Safdie es tan brillante y coincidi\u00f3 con un momento en el que todos los ni\u00f1os estaban en la Universidad y yo ten\u00eda el nido vac\u00edo, que pens\u00e9: \u00abVaya, quiz\u00e1 sea divertido o interesante <strong data-node-id=\"1.5\">estar en Nueva York y cerca de los ni\u00f1os<\/strong>\u00ab, confesaba Paltrow recientemente en una entrevista a <a href=\"https:\/\/extratv.com\/2025\/12\/22\/gwyneth-paltrow-on-her-return-to-acting-and-smooching-timothee-chalamet-exclusive\/\" target=\"_blank\" data-vars-ga-outbound-link=\"https:\/\/extratv.com\/2025\/12\/22\/gwyneth-paltrow-on-her-return-to-acting-and-smooching-timothee-chalamet-exclusive\/\" data-vars-ga-ux-element=\"Hyperlink\" data-vars-ga-call-to-action=\"Extra.\" data-node-id=\"1.7.0\" class=\"body-link css-156jt4g emevuu60\" rel=\"nofollow noopener\">Extra.<\/a><\/p>\n<p><img draggable=\"true\" alt=\"us entertainment movie a24\" title=\"US-ENTERTAINMENT-MOVIE-A24\" loading=\"lazy\" width=\"695\" height=\"1024\" decoding=\"async\" data-nimg=\"1\" style=\"color:transparent;width:100%;height:auto;\"   src=\"https:\/\/www.europesays.com\/es\/wp-content\/uploads\/2025\/12\/actress-gwyneth-paltrow-and-us-french-actor-timothee-news-photo-1766571649.pjpeg\" class=\"css-0 e1g79fud0\"\/><\/p>\n<p>ANGELA WEISS\/\/Getty Images<\/p>\n<p data-journey-content=\"true\" data-node-id=\"3\" class=\"css-6wxqfj emevuu60\">Las primeras im\u00e1genes de la pel\u00edcula comenzaron a circular en redes sociales el pasado a\u00f1o, lo que gener\u00f3 gran expectaci\u00f3n, ya que inclu\u00edan im\u00e1genes de <strong data-node-id=\"3.1\">Gwyneth Paltrow, de 53 a\u00f1os<\/strong>, besando a su compa\u00f1ero de reparto, Chalamet, de 29. \u00abHonestamente, cuando filmas en Central Park, hay tantos paparazzi alrededor que simplemente intentas concentrarte en lo que est\u00e1s haciendo\u00bb, explicaba durante la entrevista, antes de se\u00f1alar que su propia hija, Apple, de 21 a\u00f1os, estaba asombrada.  <\/p>\n<p data-journey-content=\"true\" data-node-id=\"5\" class=\"css-6wxqfj emevuu60\">La cinta Marty Supreme, que llegar\u00e1 a Espa\u00f1a el pr\u00f3ximo 30 de enero, cuenta la historia de<strong data-node-id=\"5.3\"> Marty Mauser <\/strong>(interpretado por Chalamet) el que fuera uno de los jugadores de ping-pong m\u00e1s aclamados, destacados por una personalidad llamativa y un estilo \u00fanico. <strong data-node-id=\"5.5\">Un regreso a la gran pantalla por parte de Paltrow<\/strong> y, por ende, al foco medi\u00e1tico, que pese a ser una apuesta arriesgada, tambi\u00e9n es un golpe en la mesa por parte de la int\u00e9rprete, que ratifica as\u00ed su nombre en Hollywood. <br data-node-id=\"5.7\"\/><\/p>\n","protected":false},"excerpt":{"rendered":"Tras m\u00e1s de un lustro sin aparecer en pantalla -su \u00faltima pel\u00edcula fue en Endgame (2019)-, Gwyneth Paltrow&hellip;\n","protected":false},"author":2,"featured_media":305763,"comment_status":"","ping_status":"","sticky":false,"template":"","format":"standard","meta":{"footnotes":""},"categories":[169],"tags":[177,253,146,147,25,24,176,175,23],"class_list":{"0":"post-305762","1":"post","2":"type-post","3":"status-publish","4":"format-standard","5":"has-post-thumbnail","7":"category-cine","8":"tag-cine","9":"tag-discover","10":"tag-entertainment","11":"tag-entretenimiento","12":"tag-es","13":"tag-espana","14":"tag-film","15":"tag-movies","16":"tag-spain"},"share_on_mastodon":{"url":"https:\/\/pubeurope.com\/@es\/115777788301997445","error":""},"_links":{"self":[{"href":"https:\/\/www.europesays.com\/es\/wp-json\/wp\/v2\/posts\/305762","targetHints":{"allow":["GET"]}}],"collection":[{"href":"https:\/\/www.europesays.com\/es\/wp-json\/wp\/v2\/posts"}],"about":[{"href":"https:\/\/www.europesays.com\/es\/wp-json\/wp\/v2\/types\/post"}],"author":[{"embeddable":true,"href":"https:\/\/www.europesays.com\/es\/wp-json\/wp\/v2\/users\/2"}],"replies":[{"embeddable":true,"href":"https:\/\/www.europesays.com\/es\/wp-json\/wp\/v2\/comments?post=305762"}],"version-history":[{"count":0,"href":"https:\/\/www.europesays.com\/es\/wp-json\/wp\/v2\/posts\/305762\/revisions"}],"wp:featuredmedia":[{"embeddable":true,"href":"https:\/\/www.europesays.com\/es\/wp-json\/wp\/v2\/media\/305763"}],"wp:attachment":[{"href":"https:\/\/www.europesays.com\/es\/wp-json\/wp\/v2\/media?parent=305762"}],"wp:term":[{"taxonomy":"category","embeddable":true,"href":"https:\/\/www.europesays.com\/es\/wp-json\/wp\/v2\/categories?post=305762"},{"taxonomy":"post_tag","embeddable":true,"href":"https:\/\/www.europesays.com\/es\/wp-json\/wp\/v2\/tags?post=305762"}],"curies":[{"name":"wp","href":"https:\/\/api.w.org\/{rel}","templated":true}]}}