{"id":305770,"date":"2025-12-25T02:16:22","date_gmt":"2025-12-25T02:16:22","guid":{"rendered":"https:\/\/www.europesays.com\/es\/305770\/"},"modified":"2025-12-25T02:16:22","modified_gmt":"2025-12-25T02:16:22","slug":"oferta-de-ano-nuevo-el-plan-mas-potente-de-google-ia-y-almacenamiento-baja-de-precio-drasticamente","status":"publish","type":"post","link":"https:\/\/www.europesays.com\/es\/305770\/","title":{"rendered":"Oferta de A\u00f1o Nuevo \u2013 El Plan M\u00e1s Potente de Google (IA y Almacenamiento) Baja de Precio Dr\u00e1sticamente"},"content":{"rendered":"<p>Google ha lanzado una promoci\u00f3n agresiva para recibir el 2026, recortando significativamente el precio de su suscripci\u00f3n de \u00e9lite: el plan <strong>Google One AI Premium<\/strong>. Esta oferta busca atraer a nuevos usuarios al ecosistema de <strong>Gemini<\/strong> tras el reciente lanzamiento de los modelos Gemini 3.<\/p>\n<p><a href=\"https:\/\/one.google.com\/ai-nye\" rel=\"nofollow noopener\" target=\"_blank\"><img loading=\"lazy\" decoding=\"async\" data-attachment-id=\"127425\" data-permalink=\"https:\/\/infosertecla.com\/2025\/12\/24\/oferta-de-ano-nuevo-el-plan-mas-potente-de-google-ia-y-almacenamiento-baja-de-precio-drasticamente\/google-one-2026\/\" data-orig-file=\"https:\/\/infosertecla.com\/wp-content\/uploads\/2025\/12\/google-one-2026.jpg\" data-orig-size=\"1024,418\" data-comments-opened=\"1\" data-image-meta=\"{&quot;aperture&quot;:&quot;0&quot;,&quot;credit&quot;:&quot;&quot;,&quot;camera&quot;:&quot;&quot;,&quot;caption&quot;:&quot;&quot;,&quot;created_timestamp&quot;:&quot;0&quot;,&quot;copyright&quot;:&quot;&quot;,&quot;focal_length&quot;:&quot;0&quot;,&quot;iso&quot;:&quot;0&quot;,&quot;shutter_speed&quot;:&quot;0&quot;,&quot;title&quot;:&quot;&quot;,&quot;orientation&quot;:&quot;0&quot;}\" data-image-title=\"Google-One-2026\" data-image-description=\"\" data-image-caption=\"\" data-medium-file=\"https:\/\/infosertecla.com\/wp-content\/uploads\/2025\/12\/google-one-2026.jpg?w=300\" data-large-file=\"https:\/\/infosertecla.com\/wp-content\/uploads\/2025\/12\/google-one-2026.jpg?w=780\" width=\"1024\" height=\"418\" src=\"https:\/\/www.europesays.com\/es\/wp-content\/uploads\/2025\/12\/google-one-2026.jpg\" alt=\"\" class=\"wp-image-127425\"  \/><\/a><\/p>\n<p><strong>Detalles de la Oferta de A\u00f1o Nuevo<\/strong><\/p>\n<p>La promoci\u00f3n est\u00e1 dirigida tanto a nuevos suscriptores como a aquellos que regresan al servicio, ofreciendo un acceso premium a una fracci\u00f3n de su costo habitual.<\/p>\n<ul class=\"wp-block-list\">\n<li><strong>Descuento del 75%:<\/strong> En mercados seleccionados como EE. UU. y Europa, el plan AI Premium ha bajado de los <strong>$19.99\/mes<\/strong> habituales a solo <strong>$4.99\/mes<\/strong> durante los primeros tres meses.<\/li>\n<li><strong>En Argentina:<\/strong> Se han reportado ofertas similares ajustadas a la moneda local a trav\u00e9s de la Google Play Store, permitiendo acceder a funciones avanzadas por el precio de un caf\u00e9 mensual durante el periodo promocional.<\/li>\n<\/ul>\n<p><strong>\u00bfQu\u00e9 incluye el Plan AI Premium?<\/strong><\/p>\n<p>Es el nivel m\u00e1s alto de suscripci\u00f3n de Google y combina almacenamiento masivo con las \u00faltimas innovaciones en inteligencia artificial:<\/p>\n<ol start=\"1\" class=\"wp-block-list\">\n<li><strong>Gemini Advanced:<\/strong> Acceso exclusivo a los modelos m\u00e1s capaces (<strong>Gemini 3 Flash y Pro<\/strong>), optimizados para razonamiento complejo, programaci\u00f3n y an\u00e1lisis de archivos pesados.<\/li>\n<li><strong>IA en Google Workspace:<\/strong> Integraci\u00f3n de Gemini directamente en <strong>Docs, Gmail, Slides y Sheets<\/strong> para redactar correos, resumir documentos o generar presentaciones autom\u00e1ticamente.<\/li>\n<li><strong>2 TB de Almacenamiento:<\/strong> Espacio compartido para Google Photos, Drive y Gmail.<\/li>\n<li><strong>Funciones Pro en Google Photos:<\/strong> Acceso ilimitado a herramientas de edici\u00f3n avanzada como el Editor M\u00e1gico, Borrador M\u00e1gico y el nuevo Unblur de video.<\/li>\n<\/ol>\n<p><strong>\u00bfPor qu\u00e9 aprovecharlo ahora?<\/strong><\/p>\n<p>Google est\u00e1 utilizando esta oferta para competir directamente con el reciente lanzamiento de <strong>ChatGPT Go<\/strong> (el plan econ\u00f3mico de OpenAI) y el despliegue de <strong>Sora<\/strong>. Al ofrecer 2 TB de almacenamiento junto con su mejor IA, Google apuesta por el valor agregado de su ecosistema para fidelizar usuarios antes de que termine enero.<\/p>\n<p><strong>Esta oferta est\u00e1 limitada \u00fanicamente a nuevos suscriptores y se puede acceder a ella yendo directamente\u00a0desde <a href=\"https:\/\/one.google.com\/ai-nye\" target=\"_blank\" rel=\"noreferrer noopener nofollow\">este enlace<\/a><\/strong>.<\/p>\n","protected":false},"excerpt":{"rendered":"Google ha lanzado una promoci\u00f3n agresiva para recibir el 2026, recortando significativamente el precio de su suscripci\u00f3n de&hellip;\n","protected":false},"author":2,"featured_media":305771,"comment_status":"","ping_status":"","sticky":false,"template":"","format":"standard","meta":{"footnotes":""},"categories":[81],"tags":[119,123,124,25,24,117,121,122,23,118,120],"class_list":{"0":"post-305770","1":"post","2":"type-post","3":"status-publish","4":"format-standard","5":"has-post-thumbnail","7":"category-ciencia-y-tecnologia","8":"tag-ciencia","9":"tag-ciencia-y-tecnologia","10":"tag-cienciaytecnologia","11":"tag-es","12":"tag-espana","13":"tag-science","14":"tag-science-and-technology","15":"tag-scienceandtechnology","16":"tag-spain","17":"tag-technology","18":"tag-tecnologia"},"share_on_mastodon":{"url":"https:\/\/pubeurope.com\/@es\/115777804341578680","error":""},"_links":{"self":[{"href":"https:\/\/www.europesays.com\/es\/wp-json\/wp\/v2\/posts\/305770","targetHints":{"allow":["GET"]}}],"collection":[{"href":"https:\/\/www.europesays.com\/es\/wp-json\/wp\/v2\/posts"}],"about":[{"href":"https:\/\/www.europesays.com\/es\/wp-json\/wp\/v2\/types\/post"}],"author":[{"embeddable":true,"href":"https:\/\/www.europesays.com\/es\/wp-json\/wp\/v2\/users\/2"}],"replies":[{"embeddable":true,"href":"https:\/\/www.europesays.com\/es\/wp-json\/wp\/v2\/comments?post=305770"}],"version-history":[{"count":0,"href":"https:\/\/www.europesays.com\/es\/wp-json\/wp\/v2\/posts\/305770\/revisions"}],"wp:featuredmedia":[{"embeddable":true,"href":"https:\/\/www.europesays.com\/es\/wp-json\/wp\/v2\/media\/305771"}],"wp:attachment":[{"href":"https:\/\/www.europesays.com\/es\/wp-json\/wp\/v2\/media?parent=305770"}],"wp:term":[{"taxonomy":"category","embeddable":true,"href":"https:\/\/www.europesays.com\/es\/wp-json\/wp\/v2\/categories?post=305770"},{"taxonomy":"post_tag","embeddable":true,"href":"https:\/\/www.europesays.com\/es\/wp-json\/wp\/v2\/tags?post=305770"}],"curies":[{"name":"wp","href":"https:\/\/api.w.org\/{rel}","templated":true}]}}