{"id":305826,"date":"2025-12-25T03:07:14","date_gmt":"2025-12-25T03:07:14","guid":{"rendered":"https:\/\/www.europesays.com\/es\/305826\/"},"modified":"2025-12-25T03:07:14","modified_gmt":"2025-12-25T03:07:14","slug":"nasry-asfura-presidente-electo-de-honduras","status":"publish","type":"post","link":"https:\/\/www.europesays.com\/es\/305826\/","title":{"rendered":"Nasry Asfura, presidente electo de Honduras"},"content":{"rendered":"<p>El candidato conservador <strong>Nasry Asfura<\/strong>, del Partido Nacional de Honduras, ha sido declarado este mi\u00e9rcoles <a href=\"https:\/\/cne.hn\/documentos\/Cert-2025\/Certificacion-3014-2025-Declaratoria-Nivel-Presidencial-Elecciones-Generales-2025.pdf\" rel=\"nofollow noopener\" target=\"_blank\">presidente electo de Honduras por el Consejo Nacional Electoral (CNE)<\/a> con el 99,92% de las actas escrutadas.<\/p>\n<p>\u201cReconozco la gran labor realizada por las consejeras y todo el equipo que llev\u00f3 a cabo el desarrollo de las elecciones. Honduras: Estoy preparado para gobernar. No te voy a fallar\u201d, ha manifestado el nuevo presidente de Honduras en un <a href=\"https:\/\/x.com\/titoasfura\/status\/2003937552839893070?s=20\" rel=\"nofollow\">mensaje publicado en la red social X<\/a>. <\/p>\n<p>Seg\u00fan el registro oficial del CNE, hasta las 15:00 hora local (21:00 GMT), Asfura se ha alzado con el 40,26% de los votos (1.479.822). En segundo lugar, con el 39,5% de los apoyos (1.452.796), ha quedado el candidato por el Partido Liberal, Salvador Nasralla. El tercer l\u00edder m\u00e1s votado ha sido la candidata del partido de izquierda Libertad y Refundaci\u00f3n, Rixi Moncada, con el 19,19 % de los votos (705.428). <\/p>\n<p>El recuento electoral se ha alargado en el tiempo, en medio de denuncias de presuntas irregularidades y con escrutinio especial iniciado el 18 de diciembre de 2.792 actas que presentaron inconsistencias. El CNE tiene hasta el 30 de diciembre para dar a conocer los resultados oficiales de los comicios, por lo que urge la celeridad del escrutinio especial.<\/p>\n<p>Antes de que se conociera la comunicaci\u00f3n del CNE otorgando la presidencia hondure\u00f1a a Nasry Asfura, Salvador Nasralla, del Partido Liberal, no reconoce la victoria electoral de su rival y ha publicado un <a href=\"https:\/\/x.com\/SalvaPresidente\/status\/2003857610496246227?s=20\" target=\"_blank\" rel=\"nofollow\">mensaje en X en el que denuncia que el CNE no quiere revisar 10.000 urnas en las que hay casi 2 millones de votos<\/a> y ha acusado al consejo de violar la ley. <\/p>\n<p>Nasry Afura, candidato apoyado por Trump y exalcalde de Tegucigalpa<\/p>\n<p>El 27 de enero, Asfura sucede oficialmente a la actual mandataria hondure\u00f1a, Xiomara Castro, y finalizar\u00e1 su presidencia el 27 de enero de 2030. Asfura ya se hab\u00eda presentado a las presidenciales de 2021 que gan\u00f3 Castro, en aquel momento candidata del partido Libertad y Refundaci\u00f3n (LIBRE). <\/p>\n<p>Asfura fue alcalde de Tegucigalpa entre 2014 y 2022 y tiene ra\u00edces palestinas. Tiene actualmente abierta una investigaci\u00f3n por presunto desv\u00edo de fondos municipales y se le ha vinculado supuestamente con empresas en para\u00edsos fiscales, aunque ha negado las acusaciones.<\/p>\n<p>Entre sus promesas, fomentar la inversi\u00f3n y la generaci\u00f3n de empleo y recuperar la seguridad. \u00abRecuperaremos la tranquilidad con un modelo de prevenci\u00f3n, justicia y orden. Tendremos polic\u00edas comunitarios, fortaleceremos la investigaci\u00f3n criminal y utilizaremos tecnolog\u00eda para combatir la extorsi\u00f3n y el crimen organizado\u00bb, se\u00f1al\u00f3 durante la campa\u00f1a electoral. <\/p>\n<p>El pasado mes de noviembre, el presidente de Estados Unidos, Donal Trump, se meti\u00f3 en la campa\u00f1a hondure\u00f1a e inst\u00f3 a apoyar al aspirante del Partido Nacional, mientras acus\u00f3 a sus rivales de representar el \u00abavance comunista\u00bb. <\/p>\n<p>En sus redes sociales, el mandatario republicano se refiri\u00f3 a Asfura como el \u00ab\u00fanico verdadero amigo de la libertad en Honduras\u00bb, que se est\u00e1 \u00ablevantando por la democracia\u00bb y \u00abluchando\u00bb contra el venezolano Nicol\u00e1s Maduro. Y apostill\u00f3 que podr\u00edan \u00abtrabajar juntos para luchar contra los narco-comunistas\u00bb, cuando ha iniciado un gran despliegue naval en el Caribe frente a las costas venezolanas con el pretexto de combatir el narcotr\u00e1fico.<\/p>\n<p>La regi\u00f3n reacciona al resultado <\/p>\n<p>Argentina, Bolivia, Costa Rica, Ecuador, Panam\u00e1, Paraguay, Per\u00fa y Rep\u00fablica Dominicana felicitaron a Asfura y desearon que la transici\u00f3n en ese pa\u00eds \u00abse desarrolle de manera pac\u00edfica y ordenada\u00bb, <a href=\"https:\/\/mirex.gob.do\/comunicado-conjunto-de-argentina-bolivia-costa-rica-ecuador-panama-paraguay-peru-y-republica-dominicana-sobre-las-elecciones-en-honduras\/\" target=\"_blank\" rel=\"nofollow noopener\">seg\u00fan un comunicado conjunto<\/a>.<\/p>\n<p>Destacaron \u00abla responsabilidad c\u00edvica mostrada por la ciudadan\u00eda al ejercer el sufragio y la paciencia con (la) que esper\u00f3 el escrutinio final\u00bb, al considerar que exhibi\u00f3 \u00abun encomiable compromiso con la paz y con la institucionalidad\u00bb, seg\u00fan se lee en el texto.<\/p>\n<p>\u00abLa victoria de Tito Asfura es una derrota contundente del narcosocialismo y una se\u00f1al clara de que la libertad vuelve a imponerse en Honduras. El pueblo hondure\u00f1o se expres\u00f3 con valent\u00eda en las urnas y eligi\u00f3 terminar con a\u00f1os de autoritarismo y decadencia\u00bb, expres\u00f3, por su parte, el presidente de Argentina, Javier Milei, a trav\u00e9s de una publicaci\u00f3n en la red social X.<\/p>\n<p>Por su parte, la Secretar\u00eda General de la Organizaci\u00f3n de Estados Americanos (OEA) ha expresado que \u00abtoma nota de la declaraci\u00f3n de resultados del Consejo Nacional Electoral\u00bb de Honduras.<\/p>\n<p>En un <a href=\"https:\/\/x.com\/OEA_oficial\/status\/2003976067707723940?s=20\" target=\"_blank\" rel=\"nofollow\">mensaje en X<\/a>, la Secretar\u00eda de la OEA ha reafirmado que La Misi\u00f3n de Observaci\u00f3n Electoral en Honduras \u00abno ha identificado elementos fraudulentos determinantes y considera\u00bb y considera \u00abque los resultados declarados reflejan la voluntad expresada por la ciudadan\u00eda\u00bb.<\/p>\n","protected":false},"excerpt":{"rendered":"El candidato conservador Nasry Asfura, del Partido Nacional de Honduras, ha sido declarado este mi\u00e9rcoles presidente electo de&hellip;\n","protected":false},"author":2,"featured_media":305827,"comment_status":"","ping_status":"","sticky":false,"template":"","format":"standard","meta":{"footnotes":""},"categories":[42],"tags":[17,18,13,14,11,61,62,63,64,19,20,9,10,15,16,12,21,22,65,66,67],"class_list":{"0":"post-305826","1":"post","2":"type-post","3":"status-publish","4":"format-standard","5":"has-post-thumbnail","7":"category-internacional","8":"tag-breaking-news","9":"tag-breakingnews","10":"tag-featured-news","11":"tag-featurednews","12":"tag-headlines","13":"tag-internacional","14":"tag-international","15":"tag-international-news","16":"tag-internationalnews","17":"tag-latest-news","18":"tag-latestnews","19":"tag-news","20":"tag-noticias","21":"tag-noticias-destacadas","22":"tag-noticiasdestacadas","23":"tag-titulares","24":"tag-ultimas-noticias","25":"tag-ultimasnoticias","26":"tag-world","27":"tag-world-news","28":"tag-worldnews"},"share_on_mastodon":{"url":"https:\/\/pubeurope.com\/@es\/115778004158138389","error":""},"_links":{"self":[{"href":"https:\/\/www.europesays.com\/es\/wp-json\/wp\/v2\/posts\/305826","targetHints":{"allow":["GET"]}}],"collection":[{"href":"https:\/\/www.europesays.com\/es\/wp-json\/wp\/v2\/posts"}],"about":[{"href":"https:\/\/www.europesays.com\/es\/wp-json\/wp\/v2\/types\/post"}],"author":[{"embeddable":true,"href":"https:\/\/www.europesays.com\/es\/wp-json\/wp\/v2\/users\/2"}],"replies":[{"embeddable":true,"href":"https:\/\/www.europesays.com\/es\/wp-json\/wp\/v2\/comments?post=305826"}],"version-history":[{"count":0,"href":"https:\/\/www.europesays.com\/es\/wp-json\/wp\/v2\/posts\/305826\/revisions"}],"wp:featuredmedia":[{"embeddable":true,"href":"https:\/\/www.europesays.com\/es\/wp-json\/wp\/v2\/media\/305827"}],"wp:attachment":[{"href":"https:\/\/www.europesays.com\/es\/wp-json\/wp\/v2\/media?parent=305826"}],"wp:term":[{"taxonomy":"category","embeddable":true,"href":"https:\/\/www.europesays.com\/es\/wp-json\/wp\/v2\/categories?post=305826"},{"taxonomy":"post_tag","embeddable":true,"href":"https:\/\/www.europesays.com\/es\/wp-json\/wp\/v2\/tags?post=305826"}],"curies":[{"name":"wp","href":"https:\/\/api.w.org\/{rel}","templated":true}]}}