{"id":305840,"date":"2025-12-25T03:27:19","date_gmt":"2025-12-25T03:27:19","guid":{"rendered":"https:\/\/www.europesays.com\/es\/305840\/"},"modified":"2025-12-25T03:27:19","modified_gmt":"2025-12-25T03:27:19","slug":"el-dia-de-la-revelacion-spielberg-y-el-guionista-david-koepp-vuelven-a-trabajar-juntos","status":"publish","type":"post","link":"https:\/\/www.europesays.com\/es\/305840\/","title":{"rendered":"\u2018El D\u00eda de la Revelaci\u00f3n\u2019: Spielberg y el guionista David Koepp vuelven a trabajar juntos"},"content":{"rendered":"<p>Hay alianzas que funcionan muy bien en el cine y esta es una de ellas. El director <strong>Steven Spielberg<\/strong> y el guionista <strong>David Koepp<\/strong> tienen una estupenda relaci\u00f3n y la muestra de ello son los trabajos juntos en <strong>Parque Jur\u00e1sico <\/strong>(1993), <strong>El mundo perdido: Jurassic Park <\/strong>(1997), <strong>La guerra de los mundos<\/strong> (2005) e <strong>Indiana Jones y el reino de la calavera de cristal<\/strong> (2008).<\/p>\n<p>Y ahora llega una nueva colaboraci\u00f3n en una pel\u00edcula original, es decir, no basada en ning\u00fan libro: <strong>El D\u00eda de la Revelaci\u00f3n<\/strong>. <strong>Emily Blunt<\/strong>, <strong>Josh O\u2019Connor<\/strong>, <strong>Eve Hewson<\/strong> y <strong>Colin Firth<\/strong> son los protagonistas de esta historia que <strong>se estrenar\u00e1 en cines el 12 de junio de 2026<\/strong> y de la que por el momento solo se muestra un peque\u00f1o adelanto en forma de teaser tr\u00e1iler.<\/p>\n<p><strong>El D\u00eda de la Revelaci\u00f3n<\/strong> cuenta con un guion de David Koepp, cuyo trabajo previo con el legendario director incluye los \u00e9xitos antes mencionados.<\/p>\n<p>La sinopsis es muy escueta y preserva todo el misterio posible: \u201cSi descubrieras que no estamos solos, si alguien te abriera los ojos y te lo demostrase, \u00bfte asustar\u00edas? Este verano, la verdad ser\u00e1 revelada a siete mil millones de personas\u201d.<\/p>\n<p><img loading=\"lazy\" decoding=\"async\" class=\"alignnone size-full wp-image-61968\" src=\"https:\/\/www.europesays.com\/es\/wp-content\/uploads\/2025\/12\/disclosure_day-553756055-large.jpg\" alt=\"\" width=\"960\" height=\"1200\"  \/>A\u00fan no se saben m\u00e1s detalles pero todo apunta a que <strong>Spielberg<\/strong> vuelve a una ciencia ficci\u00f3n de la que bebe gran parte de su fama gracias a <strong>Encuentros en la tercera fase<\/strong> (1977) o <strong>E.T.<\/strong> (1982), es decir, <strong>mezclando vida extraterrestre y misterio<\/strong>. Por supuesto se espera que incluya los cl\u00e1sicos temas familiares que siempre que puede muestra en la gran pantalla.<\/p>\n<p>\t\t\t\t\t&#13;<br \/>\n\t\t\t\t\t\t\t<img alt=\"\" src=\"https:\/\/www.europesays.com\/es\/wp-content\/uploads\/2025\/12\/221c4562489b4bd5d004e21df1adc4b3815c1b33e4a9ab9a347f2327e0c07746\"  class=\"avatar avatar-164 photo\" height=\"164\" width=\"164\" loading=\"lazy\" decoding=\"async\"\/><br \/>\n\t\t<a href=\"https:\/\/www.cinemanet.info\/author\/miguelsoria\/\" rel=\"nofollow noopener\" target=\"_blank\">Miguel Soria<\/a><\/p>\n<p>Licenciado en Comunicaci\u00f3n Audiovisual por la UCM, M\u00e1ster COPE de Radio y Televisi\u00f3n; cr\u00edtico de cine en Pantalla90 y responsable de la secci\u00f3n de videojuegos en Aceprensa; director y presentador del p\u00f3dcast &#8216;Enciende el mando&#8217;<\/p>\n<p>\t&#13;<\/p>\n","protected":false},"excerpt":{"rendered":"Hay alianzas que funcionan muy bien en el cine y esta es una de ellas. El director Steven&hellip;\n","protected":false},"author":2,"featured_media":305841,"comment_status":"","ping_status":"","sticky":false,"template":"","format":"standard","meta":{"footnotes":""},"categories":[169],"tags":[177,146,147,25,24,176,175,23],"class_list":{"0":"post-305840","1":"post","2":"type-post","3":"status-publish","4":"format-standard","5":"has-post-thumbnail","7":"category-cine","8":"tag-cine","9":"tag-entertainment","10":"tag-entretenimiento","11":"tag-es","12":"tag-espana","13":"tag-film","14":"tag-movies","15":"tag-spain"},"share_on_mastodon":{"url":"https:\/\/pubeurope.com\/@es\/115778083559189563","error":""},"_links":{"self":[{"href":"https:\/\/www.europesays.com\/es\/wp-json\/wp\/v2\/posts\/305840","targetHints":{"allow":["GET"]}}],"collection":[{"href":"https:\/\/www.europesays.com\/es\/wp-json\/wp\/v2\/posts"}],"about":[{"href":"https:\/\/www.europesays.com\/es\/wp-json\/wp\/v2\/types\/post"}],"author":[{"embeddable":true,"href":"https:\/\/www.europesays.com\/es\/wp-json\/wp\/v2\/users\/2"}],"replies":[{"embeddable":true,"href":"https:\/\/www.europesays.com\/es\/wp-json\/wp\/v2\/comments?post=305840"}],"version-history":[{"count":0,"href":"https:\/\/www.europesays.com\/es\/wp-json\/wp\/v2\/posts\/305840\/revisions"}],"wp:featuredmedia":[{"embeddable":true,"href":"https:\/\/www.europesays.com\/es\/wp-json\/wp\/v2\/media\/305841"}],"wp:attachment":[{"href":"https:\/\/www.europesays.com\/es\/wp-json\/wp\/v2\/media?parent=305840"}],"wp:term":[{"taxonomy":"category","embeddable":true,"href":"https:\/\/www.europesays.com\/es\/wp-json\/wp\/v2\/categories?post=305840"},{"taxonomy":"post_tag","embeddable":true,"href":"https:\/\/www.europesays.com\/es\/wp-json\/wp\/v2\/tags?post=305840"}],"curies":[{"name":"wp","href":"https:\/\/api.w.org\/{rel}","templated":true}]}}