{"id":305852,"date":"2025-12-25T03:34:10","date_gmt":"2025-12-25T03:34:10","guid":{"rendered":"https:\/\/www.europesays.com\/es\/305852\/"},"modified":"2025-12-25T03:34:10","modified_gmt":"2025-12-25T03:34:10","slug":"muere-una-nina-de-dos-anos-tras-caer-a-un-rio-y-ser-atacada-por-piranas-en-el-amazonas","status":"publish","type":"post","link":"https:\/\/www.europesays.com\/es\/305852\/","title":{"rendered":"Muere una ni\u00f1a de dos a\u00f1os tras caer a un r\u00edo y ser atacada por pira\u00f1as en el Amazonas"},"content":{"rendered":"<p class=\"c-paragraph\"><b>Una ni\u00f1a de dos a\u00f1os falleci\u00f3 este lunes<\/b> en el <a href=\"https:\/\/www.20minutos.es\/tags\/lugares\/brasil.html\" title=\"Brasil\" rel=\"nofollow noopener\" target=\"_blank\">municipio brasile\u00f1o <\/a>de Coar\u00ed, en el estado de Amazonas,<b> tras caer a un r\u00edo infectado de pira\u00f1as<\/b>. La menor, llamada Clara Vit\u00f3ria, se encontraba jugando en la casa flotante donde resid\u00eda su familia, ubicada justo en la orilla, cuando se precipit\u00f3 al agua sin que los progenitores se dieran cuenta de inmediato, seg\u00fan ha publicado el diario regional Portal Norte\u00a0.\u00a0<\/p>\n<p class=\"c-paragraph\">Al notar la ausencia de la peque\u00f1a, los padres comenzaron a buscarla por las inmediaciones. <b>Unos cinco minutos despu\u00e9s de la ca\u00edda, hallaron su cuerpo en el r\u00edo Amazonas<\/b>. Fueron los propios familiares de Clara Vit\u00f3ria los que la sacaron del agua, ya sin signos vitales.\u00a0<\/p>\n<p class=\"c-paragraph\">Tras confirmarse el fallecimiento, el cuerpo de Clara Vit\u00f3ria fue enviado al Instituto M\u00e9dico Legal (IML) de Coar\u00ed, donde lo sometieron a los procedimientos forenses estipulados en estos casos. La ni\u00f1a presentaba\u00a0<b><b><b><b>heridas profundas y graves en la zona del cuello,<\/b><\/b><\/b><\/b>\u00a0compatibles con un ataque de pira\u00f1as. La autopsia determin\u00f3 que dichas lesiones fueron el factor determinante de su muerte.\u00a0<\/p>\n<p class=\"c-paragraph\">La zona en la que ocurrieron los hechos <b>carec\u00eda de vallas de protecci\u00f3n o barandillas de madera<\/b> puesto que estaba siendo reservada para la futura construcci\u00f3n de un ba\u00f1o. Las circunstancias del accidente est\u00e1n siendo investigadas por las autoridades locales.<\/p>\n","protected":false},"excerpt":{"rendered":"Una ni\u00f1a de dos a\u00f1os falleci\u00f3 este lunes en el municipio brasile\u00f1o de Coar\u00ed, en el estado de&hellip;\n","protected":false},"author":2,"featured_media":305853,"comment_status":"","ping_status":"","sticky":false,"template":"","format":"standard","meta":{"footnotes":""},"categories":[42],"tags":[15230,1422,17,18,13,14,11,61,62,63,64,19,20,8938,9,1388,10,15,16,72351,12,21,22,65,66,67],"class_list":{"0":"post-305852","1":"post","2":"type-post","3":"status-publish","4":"format-standard","5":"has-post-thumbnail","7":"category-internacional","8":"tag-amazonas","9":"tag-ataque","10":"tag-breaking-news","11":"tag-breakingnews","12":"tag-featured-news","13":"tag-featurednews","14":"tag-headlines","15":"tag-internacional","16":"tag-international","17":"tag-international-news","18":"tag-internationalnews","19":"tag-latest-news","20":"tag-latestnews","21":"tag-muere","22":"tag-news","23":"tag-nina","24":"tag-noticias","25":"tag-noticias-destacadas","26":"tag-noticiasdestacadas","27":"tag-piranas","28":"tag-titulares","29":"tag-ultimas-noticias","30":"tag-ultimasnoticias","31":"tag-world","32":"tag-world-news","33":"tag-worldnews"},"share_on_mastodon":{"url":"https:\/\/pubeurope.com\/@es\/115778110366685039","error":""},"_links":{"self":[{"href":"https:\/\/www.europesays.com\/es\/wp-json\/wp\/v2\/posts\/305852","targetHints":{"allow":["GET"]}}],"collection":[{"href":"https:\/\/www.europesays.com\/es\/wp-json\/wp\/v2\/posts"}],"about":[{"href":"https:\/\/www.europesays.com\/es\/wp-json\/wp\/v2\/types\/post"}],"author":[{"embeddable":true,"href":"https:\/\/www.europesays.com\/es\/wp-json\/wp\/v2\/users\/2"}],"replies":[{"embeddable":true,"href":"https:\/\/www.europesays.com\/es\/wp-json\/wp\/v2\/comments?post=305852"}],"version-history":[{"count":0,"href":"https:\/\/www.europesays.com\/es\/wp-json\/wp\/v2\/posts\/305852\/revisions"}],"wp:featuredmedia":[{"embeddable":true,"href":"https:\/\/www.europesays.com\/es\/wp-json\/wp\/v2\/media\/305853"}],"wp:attachment":[{"href":"https:\/\/www.europesays.com\/es\/wp-json\/wp\/v2\/media?parent=305852"}],"wp:term":[{"taxonomy":"category","embeddable":true,"href":"https:\/\/www.europesays.com\/es\/wp-json\/wp\/v2\/categories?post=305852"},{"taxonomy":"post_tag","embeddable":true,"href":"https:\/\/www.europesays.com\/es\/wp-json\/wp\/v2\/tags?post=305852"}],"curies":[{"name":"wp","href":"https:\/\/api.w.org\/{rel}","templated":true}]}}