{"id":305854,"date":"2025-12-25T03:35:43","date_gmt":"2025-12-25T03:35:43","guid":{"rendered":"https:\/\/www.europesays.com\/es\/305854\/"},"modified":"2025-12-25T03:35:43","modified_gmt":"2025-12-25T03:35:43","slug":"feliz-navidad-y-esperanza-para-todos","status":"publish","type":"post","link":"https:\/\/www.europesays.com\/es\/305854\/","title":{"rendered":"Feliz Navidad y Esperanza para todos"},"content":{"rendered":"<p>\t    \t  <img loading=\"lazy\" decoding=\"async\" width=\"400\" height=\"221\" src=\"https:\/\/www.europesays.com\/es\/wp-content\/uploads\/2025\/12\/Noticia-Felicitacion-navidad.jpg\" class=\"attachment- size- wp-post-image\" alt=\"\"  \/>            <\/p>\n<p><strong>Con motivo de la celebraci\u00f3n del Nacimiento de Nuestro Se\u00f1or Jesucristo, la Hermandad de la Macarena desea trasladar a todos sus hermanos, devotos y fieles una feliz Navidad.<\/strong><\/p>\n<p>En estos d\u00edas santos, en los que el misterio de la Encarnaci\u00f3n vuelve a iluminar el mundo, elevamos nuestra oraci\u00f3n para que la paz, la esperanza y la caridad cristiana reinen en los corazones y en los hogares de todos. Que el Ni\u00f1o Dios, nacido en Bel\u00e9n, sea gu\u00eda y consuelo en el caminar diario, especialmente para quienes atraviesan momentos de dificultad.<\/p>\n<p>Que la Sant\u00edsima Virgen de la Esperanza Macarena, Madre amorosa y siempre cercana, nos acompa\u00f1e y proteja, fortaleciendo nuestra fe y renovando nuestro compromiso cristiano y fraterno.<\/p>\n<p>El Hermano Mayor y la Junta de Gobierno de la Hermandad de la Macarena os desea una Santa y Feliz Navidad.<\/p>\n<p>\u00a0<\/p>\n<p>\u00a0<\/p>\n<p><\/p>\n","protected":false},"excerpt":{"rendered":"Con motivo de la celebraci\u00f3n del Nacimiento de Nuestro Se\u00f1or Jesucristo, la Hermandad de la Macarena desea trasladar&hellip;\n","protected":false},"author":2,"featured_media":305855,"comment_status":"","ping_status":"","sticky":false,"template":"","format":"standard","meta":{"footnotes":""},"categories":[8],"tags":[72352,17,18,25,24,13,14,11,29052,19,20,9,10,15,16,23,12,21,22,29053],"class_list":{"0":"post-305854","1":"post","2":"type-post","3":"status-publish","4":"format-standard","5":"has-post-thumbnail","7":"category-espana","8":"tag-feliz-navidad-y-esperanza-para-todos","9":"tag-breaking-news","10":"tag-breakingnews","11":"tag-es","12":"tag-espana","13":"tag-featured-news","14":"tag-featurednews","15":"tag-headlines","16":"tag-hermandad-de-la-macarena","17":"tag-latest-news","18":"tag-latestnews","19":"tag-news","20":"tag-noticias","21":"tag-noticias-destacadas","22":"tag-noticiasdestacadas","23":"tag-spain","24":"tag-titulares","25":"tag-ultimas-noticias","26":"tag-ultimasnoticias","27":"tag-web-oficial-de-la-hermandad-de-la-macarena"},"share_on_mastodon":{"url":"https:\/\/pubeurope.com\/@es\/115778114728964073","error":""},"_links":{"self":[{"href":"https:\/\/www.europesays.com\/es\/wp-json\/wp\/v2\/posts\/305854","targetHints":{"allow":["GET"]}}],"collection":[{"href":"https:\/\/www.europesays.com\/es\/wp-json\/wp\/v2\/posts"}],"about":[{"href":"https:\/\/www.europesays.com\/es\/wp-json\/wp\/v2\/types\/post"}],"author":[{"embeddable":true,"href":"https:\/\/www.europesays.com\/es\/wp-json\/wp\/v2\/users\/2"}],"replies":[{"embeddable":true,"href":"https:\/\/www.europesays.com\/es\/wp-json\/wp\/v2\/comments?post=305854"}],"version-history":[{"count":0,"href":"https:\/\/www.europesays.com\/es\/wp-json\/wp\/v2\/posts\/305854\/revisions"}],"wp:featuredmedia":[{"embeddable":true,"href":"https:\/\/www.europesays.com\/es\/wp-json\/wp\/v2\/media\/305855"}],"wp:attachment":[{"href":"https:\/\/www.europesays.com\/es\/wp-json\/wp\/v2\/media?parent=305854"}],"wp:term":[{"taxonomy":"category","embeddable":true,"href":"https:\/\/www.europesays.com\/es\/wp-json\/wp\/v2\/categories?post=305854"},{"taxonomy":"post_tag","embeddable":true,"href":"https:\/\/www.europesays.com\/es\/wp-json\/wp\/v2\/tags?post=305854"}],"curies":[{"name":"wp","href":"https:\/\/api.w.org\/{rel}","templated":true}]}}