{"id":305856,"date":"2025-12-25T03:36:17","date_gmt":"2025-12-25T03:36:17","guid":{"rendered":"https:\/\/www.europesays.com\/es\/305856\/"},"modified":"2025-12-25T03:36:17","modified_gmt":"2025-12-25T03:36:17","slug":"dos-okupas-polacos-a-golpes-contra-los-tres-alemanes-que-fueron-a-tirarlos","status":"publish","type":"post","link":"https:\/\/www.europesays.com\/es\/305856\/","title":{"rendered":"dos okupas polacos a golpes contra los tres alemanes que fueron a tirarlos"},"content":{"rendered":"<p class=\"paragraph\">Reincidentes y violentos. As\u00ed de r\u00e1pido se puede describir a los <a href=\"https:\/\/www.eldebate.com\/espana\/comunidad-valenciana\/20251223\/dos-okupas-atrincheran-chalet-elche-matar-paliza-dos-hombres-herir-tercera_368280.html\" title=\"Dos okupas se atrincheran en un chalet de Elche tras matar de una paliza a dos hombres y herir a una tercera persona\" rel=\"nofollow noopener\" target=\"_blank\">dos ciudadanos de origen polaco que asesinaron a golpes a dos hombres y dejaron gravemente herido a un tercer var\u00f3n<\/a>, todos ellos de nacionalidad alemana, en un chalet de lujo en la urbanizaci\u00f3n El Pinet en la Marina de Elche. Dos okupas a golpes contra las tres personas que hab\u00edan acudido a tirarlos. La <a href=\"https:\/\/www.eldebate.com\/espana\/comunidad-valenciana\/20251223\/alcalde-elche-denuncia-detenidos-doble-crimen-son-reincidentes-apunta-fallos-sistema_368488.html\" title=\"El alcalde de Elche denuncia que los detenidos por el doble crimen son \u00abreincidentes\u00bb y apunta a \u00abfallos del sistema\u00bb\" rel=\"nofollow noopener\" target=\"_blank\">denuncia p\u00fablica del alcalde de Elche<\/a> ha destapado las costuras de un sistema incapaz ante el fen\u00f3meno de la okupaci\u00f3n.<\/p>\n<p class=\"paragraph\">La investigaci\u00f3n est\u00e1 bajo secreto de sumario, pero hay detalles que se han ido desvelando conforme el encierro se eternizaba durante casi 20 horas. Un <b>chalet de lujo<\/b> como escenario, dos ciudadanos polacos reincidentes en la okupaci\u00f3n de viviendas y tres alemanes que acudieron para proteger la vivienda de un conocido. Los hechos ocurrieron la tarde del lunes y cada detalle resulta tanto escabroso como sonrojante.<\/p>\n<p class=\"paragraph\">Los detalles que se han conocido hasta el momento es que l<b>os dos hombres de nacionalidad polaca estaban m\u00e1s que fichados tanto por la Polic\u00eda Local de Elche<\/b>, as\u00ed como por otros cuerpos municipales cercanos y por la Guardia Civil. Su historial delictivo era considerable y ya constaba alguna que otra okupaci\u00f3n. El punto que queda por saberse es si dicho varones hab\u00edan accedido anteriormente al mismo chalet de la <b>urbanizaci\u00f3n El Pinet de Elche<\/b> en el que ocurrieron los macabros sucesos, ya que al parecer los tres varones germanes acudieron ante la voz de alarma del propietario de la vivienda, tambi\u00e9n de nacionalidad alemana.<\/p>\n<p class=\"paragraph\">Todo indica que los tres hombres acudieron al chalet de lujo el lunes a primera hora de la tarde y <b>la respuesta fue tan violenta como inesperada<\/b>. En un primer an\u00e1lisis de los cuerpos de los fallecidos y del hombre que prosigue ingresado en un hospital de Elche, no constan heridas ni de arma de fuego ni por arma blanca, por lo que las tres personas fueron apalizadas por los dos okupas polacos. A dos de ellos los mataron a golpes, al tercero lo dejaron al l\u00edmite.<\/p>\n<p class=\"paragraph\">Por ejemplo, a\u00fan queda por esclarecer c\u00f3mo acab\u00f3 ingresado el tercer hombre si <b>los vecinos denunciaron la presencia de dos cuerpos<\/b> en la carretera de la zona de varias viviendas de cierto cach\u00e9.<\/p>\n<p class=\"paragraph\">Tras la paliza como respuesta a lo que parece un intento de desokupaci\u00f3n, o al menos que los alemanes fueran a comprobar c\u00f3mo estaba la casa tras un intento previo de entrada ilegal, <b>los dos hombres polacos, de 19 y 42 a\u00f1os<\/b>, cogieron los cuerpos y los sacaron del chalet, dejando un rastro de sangre inequ\u00edvoco.<\/p>\n<p class=\"paragraph\">Fue tras esta maniobra err\u00e1tica cuando los vecinos de esta <b>zona ciertamente exclusiva por su ubicaci\u00f3n entre la playa y las salinas<\/b> alertaron a la polic\u00eda. Dos cad\u00e1veres, un herido al borde de la muerte y dos hombres encerrados en un chalet que no es suyo. As\u00ed empez\u00f3 la negociaci\u00f3n para que los dos okupas polacos depusieran su atrincheramiento.<\/p>\n<p class=\"paragraph\">Detenidos otra vez, de nuevo en los calabozos y pasar\u00e1n en una nueva ocasi\u00f3n ante el juez. Los <b>okupas polacos<\/b> se conocen el procedimiento pero al parecer no habr\u00e1 opci\u00f3n para que reincidan en un periodo considerable de tiempo. Tal vez su historial delictivo y su insistencia en okupar viviendas hubiera sido motivo suficiente como para pasar ya una temporada en la c\u00e1rcel.<\/p>\n<p class=\"paragraph\">Puede ser que ahora a\u00fan tuvieran que estar entre rejas, pero sus antecedentes no han sido motivo suficiente para privarles de libertad y han podido seguir delinquiendo hasta matar a dos personas y dejar gravemente herido a otro var\u00f3n. Atrincherados en la casa que hab\u00edan okupado y que fue una ratonera para los que quer\u00edan preservar una propiedad privada.<\/p>\n","protected":false},"excerpt":{"rendered":"Reincidentes y violentos. As\u00ed de r\u00e1pido se puede describir a los dos ciudadanos de origen polaco que asesinaron&hellip;\n","protected":false},"author":2,"featured_media":305857,"comment_status":"","ping_status":"","sticky":false,"template":"","format":"standard","meta":{"footnotes":""},"categories":[5],"tags":[17,18,25,24,13,14,11,19,20,9,10,15,16,23,12,21,22],"class_list":{"0":"post-305856","1":"post","2":"type-post","3":"status-publish","4":"format-standard","5":"has-post-thumbnail","7":"category-titulares","8":"tag-breaking-news","9":"tag-breakingnews","10":"tag-es","11":"tag-espana","12":"tag-featured-news","13":"tag-featurednews","14":"tag-headlines","15":"tag-latest-news","16":"tag-latestnews","17":"tag-news","18":"tag-noticias","19":"tag-noticias-destacadas","20":"tag-noticiasdestacadas","21":"tag-spain","22":"tag-titulares","23":"tag-ultimas-noticias","24":"tag-ultimasnoticias"},"share_on_mastodon":{"url":"https:\/\/pubeurope.com\/@es\/115778118636880257","error":""},"_links":{"self":[{"href":"https:\/\/www.europesays.com\/es\/wp-json\/wp\/v2\/posts\/305856","targetHints":{"allow":["GET"]}}],"collection":[{"href":"https:\/\/www.europesays.com\/es\/wp-json\/wp\/v2\/posts"}],"about":[{"href":"https:\/\/www.europesays.com\/es\/wp-json\/wp\/v2\/types\/post"}],"author":[{"embeddable":true,"href":"https:\/\/www.europesays.com\/es\/wp-json\/wp\/v2\/users\/2"}],"replies":[{"embeddable":true,"href":"https:\/\/www.europesays.com\/es\/wp-json\/wp\/v2\/comments?post=305856"}],"version-history":[{"count":0,"href":"https:\/\/www.europesays.com\/es\/wp-json\/wp\/v2\/posts\/305856\/revisions"}],"wp:featuredmedia":[{"embeddable":true,"href":"https:\/\/www.europesays.com\/es\/wp-json\/wp\/v2\/media\/305857"}],"wp:attachment":[{"href":"https:\/\/www.europesays.com\/es\/wp-json\/wp\/v2\/media?parent=305856"}],"wp:term":[{"taxonomy":"category","embeddable":true,"href":"https:\/\/www.europesays.com\/es\/wp-json\/wp\/v2\/categories?post=305856"},{"taxonomy":"post_tag","embeddable":true,"href":"https:\/\/www.europesays.com\/es\/wp-json\/wp\/v2\/tags?post=305856"}],"curies":[{"name":"wp","href":"https:\/\/api.w.org\/{rel}","templated":true}]}}