{"id":305862,"date":"2025-12-25T03:46:26","date_gmt":"2025-12-25T03:46:26","guid":{"rendered":"https:\/\/www.europesays.com\/es\/305862\/"},"modified":"2025-12-25T03:46:26","modified_gmt":"2025-12-25T03:46:26","slug":"zendaya-cambia-de-look-y-se-apunta-al-corte-de-pelo-corto-que-favorece-a-cualquier-edad-e-inspirara-a-las-mujeres-mas-atrevidas","status":"publish","type":"post","link":"https:\/\/www.europesays.com\/es\/305862\/","title":{"rendered":"Zendaya cambia de look y se apunta al corte de pelo corto que favorece a cualquier edad e inspirar\u00e1 a las mujeres m\u00e1s atrevidas"},"content":{"rendered":"<p data-journey-content=\"true\" data-node-id=\"0\" class=\"body-dropcap css-1vn2egp emevuu60\"><strong data-node-id=\"0.0\"><a href=\"https:\/\/www.harpersbazaar.com\/es\/famosas\/el-estilo-de\/g60698505\/zendaya-mejores-vestidos-bonitos-moda-vintage\/\" target=\"_blank\" data-vars-ga-outbound-link=\"https:\/\/www.harpersbazaar.com\/es\/famosas\/el-estilo-de\/g60698505\/zendaya-mejores-vestidos-bonitos-moda-vintage\/\" data-vars-ga-ux-element=\"Hyperlink\" data-vars-ga-call-to-action=\"Zendaya\" data-node-id=\"0.0.0\" class=\"body-link css-156jt4g emevuu60\" rel=\"nofollow noopener\">Zendaya<\/a><\/strong> triunfa dentro y fuera de la gran pantalla. Adem\u00e1s del innegable talento que ha demostrado en sus interpretaciones en Euphoria o Dune, entre otras, la int\u00e9rprete estadounidense ha logrado erigirse como uno de los <strong data-node-id=\"0.6\">referentes para la generaci\u00f3n Z<\/strong> con un estilo \u00fanico y una personalidad arrolladora, que refleja a la perfecci\u00f3n a trav\u00e9s de su <strong data-node-id=\"0.8\">cabello<\/strong>. <\/p>\n<p data-journey-content=\"true\" data-node-id=\"1\" class=\"css-6wxqfj emevuu60\">La <a href=\"https:\/\/www.harpersbazaar.com\/es\/famosas\/el-estilo-de\/a63567034\/jennifer-lopez-vestido-arana-zendaya-premier-alfombra\/\" target=\"_blank\" data-vars-ga-outbound-link=\"https:\/\/www.harpersbazaar.com\/es\/famosas\/el-estilo-de\/a63567034\/jennifer-lopez-vestido-arana-zendaya-premier-alfombra\/\" data-vars-ga-ux-element=\"Hyperlink\" data-vars-ga-call-to-action=\"actriz estadounidense \" data-node-id=\"1.1\" class=\"body-link css-156jt4g emevuu60\" rel=\"nofollow noopener\">actriz estadounidense <\/a>no teme a llevar extensiones o flequillo postizo en las alfombras rojas, y a lo largo de los a\u00f1os ha demostrado que no teme a<a href=\"https:\/\/www.harpersbazaar.com\/es\/belleza\/pelo-belleza\/a68150601\/pamela-anderson-cambio-look-color-pelo-rojizo\/\" target=\"_blank\" data-vars-ga-outbound-link=\"https:\/\/www.harpersbazaar.com\/es\/belleza\/pelo-belleza\/a68150601\/pamela-anderson-cambio-look-color-pelo-rojizo\/\" data-vars-ga-ux-element=\"Hyperlink\" data-vars-ga-call-to-action=\" cambiar de color \" data-node-id=\"1.3\" class=\"body-link css-156jt4g emevuu60\" rel=\"nofollow noopener\"> cambiar de color <\/a>o mostrar su cabello rizado al natural. Sin embargo, en esta recta final de 2025, Zendaya ha querido ir un paso m\u00e1s all\u00e1 y optar por su corte de pelo m\u00e1s radical hasta la fecha: <strong data-node-id=\"1.5\">un bixie, un h\u00edbrido entre el bixie y <a href=\"https:\/\/www.harpersbazaar.com\/es\/belleza\/pelo-belleza\/a65908050\/bob-capas-flequillo-corte-pelo-tendencia-otono-2025\/\" target=\"_blank\" data-vars-ga-outbound-link=\"https:\/\/www.harpersbazaar.com\/es\/belleza\/pelo-belleza\/a65908050\/bob-capas-flequillo-corte-pelo-tendencia-otono-2025\/\" data-vars-ga-ux-element=\"Hyperlink\" data-vars-ga-call-to-action=\"el bob. \" data-node-id=\"1.5.3\" class=\"body-link css-156jt4g emevuu60\" rel=\"nofollow noopener\">el bob. <\/a><\/strong><\/p>\n<p data-journey-content=\"true\" data-node-id=\"3\" class=\"css-6wxqfj emevuu60\"> As\u00ed lo reflejan las \u00faltimas im\u00e1genes que compart\u00eda el actor Harrison Osterfield a trav\u00e9s de Instagram, sobre el paso de la estrella de Euphoria y su pareja, el tambi\u00e9n actor,<strong data-node-id=\"3.3\"> Tom Holland <\/strong>por The Traitors: Live Experience, un juego interactivo en el que tambi\u00e9n participaron los padres del int\u00e9rprete de Spiderman, y que reflejan la buena sinton\u00eda de la pareja con la familia. Instant\u00e1neas que dan detalles del <strong data-node-id=\"3.9\">nuevo look de Zendaya<\/strong> y est\u00e1n causando furor entre sus fan\u00e1ticos. <\/p>\n<p data-journey-content=\"true\" data-node-id=\"5\" class=\"css-6wxqfj emevuu60\">En esta ocasi\u00f3n, la actriz estadounidense de 29 a\u00f1os luce una <strong data-node-id=\"5.1\">melena muy cortita<\/strong>, a la altura de las orejas, marcada por grandes ondas que generan volumen, y emulan un estilo old Hollywood muy favorecedor, que se asemeja a la propuesta con la que brill\u00f3 este a\u00f1o durante la <a href=\"https:\/\/www.harpersbazaar.com\/es\/famosas\/el-estilo-de\/g63343970\/globos-de-oro-2025-alfombra-roja\/\" target=\"_blank\" data-vars-ga-outbound-link=\"https:\/\/www.harpersbazaar.com\/es\/famosas\/el-estilo-de\/g63343970\/globos-de-oro-2025-alfombra-roja\/\" data-vars-ga-ux-element=\"Hyperlink\" data-vars-ga-call-to-action=\"celebraci\u00f3n de los Globos de Oro\" data-node-id=\"5.3\" class=\"body-link css-156jt4g emevuu60\" rel=\"nofollow noopener\">celebraci\u00f3n de los Globos de Oro<\/a>. Un<strong data-node-id=\"5.5\"> corte de pelo <\/strong>con personalidad y un toque rompedor que puede ser la mejor inspiraci\u00f3n para quienes tienen cabellos cortos o buscan un cambio de look radical en estas fechas tan se\u00f1aladas.<\/p>\n<p data-journey-content=\"true\" data-node-id=\"7\" class=\"css-6wxqfj emevuu60\">No sabemos si es parte de un papel en el que est\u00e1 trabajando, algo temporal o simplemente ha decidido dejar atr\u00e1s la<strong data-node-id=\"7.1\"> melena larga casta\u00f1a<\/strong> que le hab\u00eda acompa\u00f1ado hasta ahora. <\/p>\n","protected":false},"excerpt":{"rendered":"Zendaya triunfa dentro y fuera de la gran pantalla. Adem\u00e1s del innegable talento que ha demostrado en sus&hellip;\n","protected":false},"author":2,"featured_media":305863,"comment_status":"","ping_status":"","sticky":false,"template":"","format":"standard","meta":{"footnotes":""},"categories":[174],"tags":[255,253,146,147,25,24,256,23],"class_list":{"0":"post-305862","1":"post","2":"type-post","3":"status-publish","4":"format-standard","5":"has-post-thumbnail","7":"category-famosos","8":"tag-celebrities","9":"tag-discover","10":"tag-entertainment","11":"tag-entretenimiento","12":"tag-es","13":"tag-espana","14":"tag-famosos","15":"tag-spain"},"share_on_mastodon":{"url":"https:\/\/pubeurope.com\/@es\/115778157501011722","error":""},"_links":{"self":[{"href":"https:\/\/www.europesays.com\/es\/wp-json\/wp\/v2\/posts\/305862","targetHints":{"allow":["GET"]}}],"collection":[{"href":"https:\/\/www.europesays.com\/es\/wp-json\/wp\/v2\/posts"}],"about":[{"href":"https:\/\/www.europesays.com\/es\/wp-json\/wp\/v2\/types\/post"}],"author":[{"embeddable":true,"href":"https:\/\/www.europesays.com\/es\/wp-json\/wp\/v2\/users\/2"}],"replies":[{"embeddable":true,"href":"https:\/\/www.europesays.com\/es\/wp-json\/wp\/v2\/comments?post=305862"}],"version-history":[{"count":0,"href":"https:\/\/www.europesays.com\/es\/wp-json\/wp\/v2\/posts\/305862\/revisions"}],"wp:featuredmedia":[{"embeddable":true,"href":"https:\/\/www.europesays.com\/es\/wp-json\/wp\/v2\/media\/305863"}],"wp:attachment":[{"href":"https:\/\/www.europesays.com\/es\/wp-json\/wp\/v2\/media?parent=305862"}],"wp:term":[{"taxonomy":"category","embeddable":true,"href":"https:\/\/www.europesays.com\/es\/wp-json\/wp\/v2\/categories?post=305862"},{"taxonomy":"post_tag","embeddable":true,"href":"https:\/\/www.europesays.com\/es\/wp-json\/wp\/v2\/tags?post=305862"}],"curies":[{"name":"wp","href":"https:\/\/api.w.org\/{rel}","templated":true}]}}