{"id":305866,"date":"2025-12-25T03:53:53","date_gmt":"2025-12-25T03:53:53","guid":{"rendered":"https:\/\/www.europesays.com\/es\/305866\/"},"modified":"2025-12-25T03:53:53","modified_gmt":"2025-12-25T03:53:53","slug":"sam-worthington-revelo-su-relacion-con-la-fama-siempre-me-ha-gustado-el-anonimato","status":"publish","type":"post","link":"https:\/\/www.europesays.com\/es\/305866\/","title":{"rendered":"Sam Worthington revel\u00f3 su relaci\u00f3n con la fama: \u201cSiempre me ha gustado el anonimato\u201d"},"content":{"rendered":"<p>El futuro de la saga Avatar depende del \u00e9xito en taquilla de &#8216;Fuego y cenizas&#8217;, la nueva entrega dirigida por James Cameron (20th Century Studios)<\/p>\n<p class=\"paragraph\"><a href=\"https:\/\/www.infobae.com\/entretenimiento\/2025\/12\/09\/avatar-hizo-que-mi-mundo-diera-un-giro-de-180-grados-confiesa-sam-worthington-a-dias-de-un-nuevo-estreno\/\" target=\"_blank\" rel=\"noreferrer nofollow noopener\" title=\"https:\/\/www.infobae.com\/entretenimiento\/2025\/12\/09\/avatar-hizo-que-mi-mundo-diera-un-giro-de-180-grados-confiesa-sam-worthington-a-dias-de-un-nuevo-estreno\/\"><b>Sam Worthington<\/b><\/a>, protagonista de la saga Avatar, regresa a la gran pantalla con <a href=\"https:\/\/www.infobae.com\/cultura\/2025\/12\/19\/avatar-fuego-y-ceniza-que-recordar-antes-de-ver-la-pelicula-de-james-cameron\/\" target=\"_blank\" rel=\"noreferrer nofollow noopener\" title=\"https:\/\/www.infobae.com\/cultura\/2025\/12\/19\/avatar-fuego-y-ceniza-que-recordar-antes-de-ver-la-pelicula-de-james-cameron\/\"><b>\u201cFuego y cenizas\u201d<\/b><\/a>, la tercera entrega de la franquicia dirigida por <a href=\"https:\/\/www.bing.com\/ck\/a?!&amp;&amp;p=17b3d8fc384416fd6f6551cc193e6b1656f376321b0205cb1a905131a3eba0f6JmltdHM9MTc2NjM2MTYwMA&amp;ptn=3&amp;ver=2&amp;hsh=4&amp;fclid=03b4bf29-7486-6079-0b93-ad3d75236117&amp;psq=james+cameron+osvaldo+infobae&amp;u=a1aHR0cHM6Ly93d3cuaW5mb2JhZS5jb20vZW50cmV0ZW5pbWllbnRvLzIwMjUvMTIvMTcvamFtZXMtY2FtZXJvbi1yZWZsZXhpb25vLXNvYnJlLWVsLW1lbnNhamUtZGUtc3VzLXBlbGljdWxhcy1lc3RhbW9zLWpvZGlkb3MtcGVyby1lbC1hbW9yLW5vcy1tYW50aWVuZS11bmlkb3Mv\" target=\"_blank\" rel=\"noreferrer nofollow noopener\" title=\"https:\/\/www.bing.com\/ck\/a?!&amp;&amp;p=17b3d8fc384416fd6f6551cc193e6b1656f376321b0205cb1a905131a3eba0f6JmltdHM9MTc2NjM2MTYwMA&amp;ptn=3&amp;ver=2&amp;hsh=4&amp;fclid=03b4bf29-7486-6079-0b93-ad3d75236117&amp;psq=james+cameron+osvaldo+infobae&amp;u=a1aHR0cHM6Ly93d3cuaW5mb2JhZS5jb20vZW50cmV0ZW5pbWllbnRvLzIwMjUvMTIvMTcvamFtZXMtY2FtZXJvbi1yZWZsZXhpb25vLXNvYnJlLWVsLW1lbnNhamUtZGUtc3VzLXBlbGljdWxhcy1lc3RhbW9zLWpvZGlkb3MtcGVyby1lbC1hbW9yLW5vcy1tYW50aWVuZS11bmlkb3Mv\"><b>James Cameron<\/b><\/a>. A pesar de encabezar una de las series cinematogr\u00e1ficas m\u00e1s exitosas de la historia, el actor australiano mantiene un perfil bajo y <b>se muestra satisfecho con su anonimato<\/b>, seg\u00fan destac\u00f3 en The Washington Post.<\/p>\n<p class=\"paragraph\">Con 49 a\u00f1os, <b>se consolid\u00f3 como el rostro<\/b> \u2014aunque digitalmente transformado\u2014<b> de Avatar<\/b>, una franquicia que recaud\u00f3 m\u00e1s de <b>USD 5.300 millones<\/b> y dej\u00f3 una huella en la cultura popular y la tecnolog\u00eda cinematogr\u00e1fica. Sin embargo, su presencia p\u00fablica es discreta.<\/p>\n<p><img alt=\"Sam Worthington revel\u00f3 su preferencia\" class=\"global-image\" decoding=\"async\" fetchpriority=\"low\" height=\"3667\" loading=\"lazy\" src=\"https:\/\/www.europesays.com\/es\/wp-content\/uploads\/2025\/12\/D5EICI6R6FEU7ANTOAG2IDS2SQ.JPG\" width=\"5500\"\/>Sam Worthington revel\u00f3 su preferencia por el anonimato pese al \u00e9xito mundial de Avatar y su impacto en la fama (REUTERS)<\/p>\n<p class=\"paragraph\">Durante la reciente entrevista, Worthington reconoci\u00f3: \u201c<b>Siempre me ha gustado el anonimato<\/b>. Tener una cara azul de avatar puede que no te haga tan reconocible, pero no estoy en esto por eso\u201d.<\/p>\n<p class=\"paragraph\">El director <b>David Mackenzie<\/b>, colaborador frecuente, subray\u00f3 esta dualidad. \u201cEs el protagonista de una de las franquicias m\u00e1s grandes de todos los tiempos, pero tambi\u00e9n existe como alguien relativamente desconocido para muchos. Solo lo ven con su maquillaje digital azul\u201d, coment\u00f3.<\/p>\n<p class=\"paragraph\">La incomodidad del int\u00e9rprete ante la exposici\u00f3n p\u00fablica es notoria. <b>Zoe Salda\u00f1a<\/b>, su compa\u00f1era de reparto en la saga, lo describi\u00f3 como alguien que<b> evita los ambientes sociales multitudinarios<\/b>: \u201cLos entornos realmente sociales lo incomodan mucho. No es que no quiera estar ah\u00ed, es solo que le gusta sentirse seguro. Cuando se siente seguro, entonces sale el Sam extrovertido\u201d.<\/p>\n<p class=\"paragraph\">En esta sinton\u00eda, \u00e9l mismo se defini\u00f3 como una persona introvertida. \u201c<b>Soy bastante introvertido<\/b>. Cuando das entrevistas, parece que se trata de ti, pero yo todav\u00eda estoy aprendiendo qui\u00e9n soy\u201d, confes\u00f3.<\/p>\n<p class=\"paragraph\">Worthington reconoci\u00f3 que la promoci\u00f3n medi\u00e1tica es parte del trabajo, aunque no le agrada que su imagen se proyecte en las pantallas m\u00e1s grandes del mundo.<b> Prefiere que el foco est\u00e9 en su trabajo y no en su persona<\/b>, una postura que ha mantenido incluso en los momentos de mayor fama tras el estreno de <b>Avatar<\/b> y <b>Terminator Salvation<\/b>.<\/p>\n<p><img alt=\"La carrera de Sam Worthington\" class=\"global-image\" decoding=\"async\" fetchpriority=\"low\" height=\"3307\" loading=\"lazy\" src=\"https:\/\/www.europesays.com\/es\/wp-content\/uploads\/2025\/12\/5QVYULYMB3WPY2GENLRFFC5WLA.jpg\" width=\"4955\"\/>La carrera de Sam Worthington abarca desde superproducciones como Terminator Salvation hasta roles complejos en televisi\u00f3n y cine independiente (REUTERS)<\/p>\n<p class=\"paragraph\">La <b>tecnolog\u00eda de captura de movimiento<\/b> es central en la interpretaci\u00f3n de Worthington como <b>Jake Sully<\/b>. El actor defiende el valor art\u00edstico de este m\u00e9todo: \u201c<b>La actuaci\u00f3n en Avatar es m\u00e1s primitiva<\/b>, vital y real gracias a la captura de movimiento. Y deber\u00eda ser reconocida como tal\u201d.<\/p>\n<p class=\"paragraph\">Adem\u00e1s sostuvo que esta t\u00e9cnica no oculta la actuaci\u00f3n, sino que<b> revela el esp\u00edritu del actor<\/b>: \u201cNo recibe el reconocimiento porque la gente piensa que \u2018esconde\u2019 la actuaci\u00f3n. Yo creo que la \u2018revela\u2019 m\u00e1s\u201d.<\/p>\n<p class=\"paragraph\">James Cameron, como director de la saga, coincidi\u00f3 en la profundidad que aporta Worthington a su personaje: \u201cGran parte del poder de Sam como protagonista proviene del dolor y la vulnerabilidad que se filtran alrededor de su armadura estoica. Se lanza de lleno al papel y aporta todo, tanto f\u00edsica como emocionalmente\u201d. <\/p>\n<p class=\"paragraph\"><b>Oona Chaplin<\/b>, quien se suma al elenco en esta nueva entrega, destac\u00f3<b> la intensidad y el compromiso de su compa\u00f1ero<\/b> en cada escena, especialmente en el entorno inmersivo del set conocido como \u201cThe Volume\u201d.<\/p>\n<p><img alt=\"James Cameron resalt\u00f3 la vulnerabilidad\" class=\"global-image\" decoding=\"async\" fetchpriority=\"low\" height=\"4000\" loading=\"lazy\" src=\"https:\/\/www.europesays.com\/es\/wp-content\/uploads\/2025\/12\/1766634829_63_A2TVPGRXD5HQBA6OX2LBABARLE.jpg\" width=\"6000\"\/>James Cameron resalt\u00f3 la vulnerabilidad y entrega emocional de Worthington en su papel de Jake Sully (20th Century Studios)<\/p>\n<p class=\"paragraph\">La trayectoria de Worthington transit\u00f3 desde papeles de h\u00e9roe en superproducciones hasta <b>roles secundarios en cine, televisi\u00f3n y teatro<\/b>. Tras su irrupci\u00f3n en Hollywood con <b>Avatar<\/b>, <b>Terminator Salvation<\/b> y <b>Furia de Titanes<\/b>, el actor australiano experiment\u00f3 una etapa de exposici\u00f3n masiva, pero tambi\u00e9n de b\u00fasqueda personal y profesional. <\/p>\n<p class=\"paragraph\">\u201c<b>Hice esos blockbusters porque me los ofrecieron<\/b>. No hab\u00eda un plan real. Era como: \u2018Ahora tengo estas oportunidades para aprender en diferentes sets y descubrir qu\u00e9 quiero decir y con qui\u00e9n quiero trabajar\u2019. El problema es que todos tus errores quedan en pantalla\u201d, reflexion\u00f3.<\/p>\n<p class=\"paragraph\">En los \u00faltimos a\u00f1os, opt\u00f3 por <b>personajes m\u00e1s complejos y menos visibles<\/b>, como su papel en la serie Under the Banner of Heaven, donde interpret\u00f3 a <b>Ron Lafferty<\/b>, o en pel\u00edculas como Hacksaw Ridge y Relay. <b>Riz Ahmed<\/b>, su compa\u00f1ero en esta \u00faltima, lo describe como un \u201c<b>buscador creativo<\/b>, lleno de curiosidad y fascinado por el proceso art\u00edstico\u201d.<\/p>\n<p class=\"paragraph\">Worthington tambi\u00e9n enfrent\u00f3 desaf\u00edos personales, como el <b>alcoholismo<\/b>, y atribuye su <b>estabilidad actual a la familia y la espiritualidad<\/b>, especialmente tras su participaci\u00f3n en el drama \u201cThe Shack\u201d.<\/p>\n<p><img alt=\"M\u00e1s all\u00e1 del \u00e9xito al\" class=\"global-image\" decoding=\"async\" fetchpriority=\"low\" height=\"1730\" loading=\"lazy\" src=\"https:\/\/www.europesays.com\/es\/wp-content\/uploads\/2025\/12\/SKM7XPTM3YQWI2WDM7JXPFUFNY.jpg\" width=\"3080\"\/>M\u00e1s all\u00e1 del \u00e9xito al darle vida a Jake Sully, el actor tambi\u00e9n particip\u00f3 de proyectos alternativos en cine, televisi\u00f3n y teatro (20th Century Fox)<\/p>\n<p class=\"paragraph\">Actualmente, reside en <b>Nueva York<\/b> junto a su esposa y sus tres hijos, tras una vida n\u00f3mada que lo llev\u00f3 desde los suburbios de <b>Perth<\/b> (Australia), hasta los principales escenarios del cine internacional.<\/p>\n<p class=\"paragraph\">Su infancia estuvo marcada por la pasi\u00f3n de su padre por el cine, quien coleccionaba pel\u00edculas en todos los formatos posibles.<b> Worthington nunca so\u00f1\u00f3 con ser actor<\/b>, pero una audici\u00f3n fortuita a los 19 a\u00f1os lo llev\u00f3 a la National Institute of Dramatic Art en S\u00eddney, iniciando as\u00ed una carrera que lo convertir\u00eda en el <b>\u201cconductor\u201d de grandes historias<\/b>, al estilo de <b>Cary Grant<\/b> para \u201cHitchcock\u201d.<\/p>\n<p class=\"paragraph\">El futuro de la saga Avatar depende del \u00e9xito de \u201cFuego y cenizas\u201d. Cameron ya ha escrito las pr\u00f3ximas entregas y ha rodado algunas escenas, pero ha dejado claro que <b>la continuidad est\u00e1 supeditada a los resultados de taquilla<\/b>. Mientras el actor se muestra preparado para <b>volver a encarnar a Jake Sully<\/b> cuando el director lo requiera.<\/p>\n<p><img alt=\"Worthington atribuye su estabilidad personal\" class=\"global-image\" decoding=\"async\" fetchpriority=\"low\" height=\"2637\" loading=\"lazy\" src=\"https:\/\/www.europesays.com\/es\/wp-content\/uploads\/2025\/12\/U6KXR67M25CCNEBH5FLQX4ZMK4.jpg\" width=\"5000\"\/>Worthington atribuye su estabilidad personal a la familia y la espiritualidad tras superar desaf\u00edos como el alcoholismo (20th Century Studios)<\/p>\n<p class=\"paragraph\">La colaboraci\u00f3n entre Sam Worthington y James Cameron ha permitido que el actor d\u00e9 vida a Jake y construya, junto al director, un personaje que conecta al p\u00fablico con el universo de Pandora.<\/p>\n","protected":false},"excerpt":{"rendered":"El futuro de la saga Avatar depende del \u00e9xito en taquilla de &#8216;Fuego y cenizas&#8217;, la nueva entrega&hellip;\n","protected":false},"author":2,"featured_media":305867,"comment_status":"","ping_status":"","sticky":false,"template":"","format":"standard","meta":{"footnotes":""},"categories":[169],"tags":[231,3118,177,5797,146,147,25,24,176,175,3119,23],"class_list":{"0":"post-305866","1":"post","2":"type-post","3":"status-publish","4":"format-standard","5":"has-post-thumbnail","7":"category-cine","8":"tag-arts","9":"tag-arts-culture-entertainment","10":"tag-cine","11":"tag-culture","12":"tag-entertainment","13":"tag-entretenimiento","14":"tag-es","15":"tag-espana","16":"tag-film","17":"tag-movies","18":"tag-north-america","19":"tag-spain"},"share_on_mastodon":{"url":"https:\/\/pubeurope.com\/@es\/115778189834206275","error":""},"_links":{"self":[{"href":"https:\/\/www.europesays.com\/es\/wp-json\/wp\/v2\/posts\/305866","targetHints":{"allow":["GET"]}}],"collection":[{"href":"https:\/\/www.europesays.com\/es\/wp-json\/wp\/v2\/posts"}],"about":[{"href":"https:\/\/www.europesays.com\/es\/wp-json\/wp\/v2\/types\/post"}],"author":[{"embeddable":true,"href":"https:\/\/www.europesays.com\/es\/wp-json\/wp\/v2\/users\/2"}],"replies":[{"embeddable":true,"href":"https:\/\/www.europesays.com\/es\/wp-json\/wp\/v2\/comments?post=305866"}],"version-history":[{"count":0,"href":"https:\/\/www.europesays.com\/es\/wp-json\/wp\/v2\/posts\/305866\/revisions"}],"wp:featuredmedia":[{"embeddable":true,"href":"https:\/\/www.europesays.com\/es\/wp-json\/wp\/v2\/media\/305867"}],"wp:attachment":[{"href":"https:\/\/www.europesays.com\/es\/wp-json\/wp\/v2\/media?parent=305866"}],"wp:term":[{"taxonomy":"category","embeddable":true,"href":"https:\/\/www.europesays.com\/es\/wp-json\/wp\/v2\/categories?post=305866"},{"taxonomy":"post_tag","embeddable":true,"href":"https:\/\/www.europesays.com\/es\/wp-json\/wp\/v2\/tags?post=305866"}],"curies":[{"name":"wp","href":"https:\/\/api.w.org\/{rel}","templated":true}]}}