{"id":305879,"date":"2025-12-25T04:03:26","date_gmt":"2025-12-25T04:03:26","guid":{"rendered":"https:\/\/www.europesays.com\/es\/305879\/"},"modified":"2025-12-25T04:03:26","modified_gmt":"2025-12-25T04:03:26","slug":"el-ayuntamiento-de-alcala-activa-un-plan-especial-de-limpieza-y-recogida-de-residuos-para-las-fechas-navidenas","status":"publish","type":"post","link":"https:\/\/www.europesays.com\/es\/305879\/","title":{"rendered":"El Ayuntamiento de Alcal\u00e1 activa un plan especial de limpieza y recogida de residuos para las fechas navide\u00f1as"},"content":{"rendered":"<p>Con motivo del incremento de la actividad social, comercial y festiva propia de la Navidad, el Ayuntamiento, a trav\u00e9s de la Concejal\u00eda de Medio Ambiente y Limpieza Viaria en colaboraci\u00f3n con la Concejal\u00eda de Seguridad Ciudadana, ha dise\u00f1ado y puesto en marcha un Plan Especial de Limpieza y Recogida de Residuos, con el objetivo de garantizar el mantenimiento de la ciudad en condiciones \u00f3ptimas, incluso en los d\u00edas de mayor afluencia y generaci\u00f3n de residuos.<\/p>\n<p>Este dispositivo extraordinario ha sido elaborado bajo criterios de planificaci\u00f3n, coordinaci\u00f3n y eficiencia, reforzando el servicio habitual y prestando especial atenci\u00f3n al Casco Hist\u00f3rico y a los espacios que concentran un mayor n\u00famero de personas durante celebraciones y eventos multitudinarios. El objetivo prioritario es preservar la mejor imagen de la ciudad y asegurar la convivencia en el espacio p\u00fablico.<\/p>\n<p><strong>Refuerzo de contenedores y papeleras en el centro hist\u00f3rico<\/strong><\/p>\n<p>Durante el periodo navide\u00f1o se llevar\u00e1 a cabo un refuerzo preventivo de la infraestructura de recogida, con la instalaci\u00f3n de 20 contenedores adicionales de 800 litros de capacidad, que se distribuir\u00e1n en las calles Cerrajeros, Ram\u00f3n y Cajal, Plaza de Cervantes y en las v\u00edas perpendiculares a la calle Mayor. Esta medida permitir\u00e1 evitar la acumulaci\u00f3n de bolsas y residuos en la v\u00eda p\u00fablica.<\/p>\n<p>De forma complementaria, se incorporar\u00e1n 20 cubos-papelera de 80 litros para aliviar la carga de las papeleras fijas existentes, facilitando a la ciudadan\u00eda puntos de vertido m\u00e1s cercanos y accesibles.<\/p>\n<p><strong>Dispositivo especial los d\u00edas 24 y 31 de diciembre<\/strong><\/p>\n<p>Los d\u00edas 24 y 31 de diciembre, coincidiendo con una elevada concentraci\u00f3n de personas en el recinto hist\u00f3rico entre las 12:00 horas y las 20.00 horas, se activar\u00e1 un dispositivo especial de limpieza, que se sumar\u00e1 al servicio habitual de s\u00e1bados, domingos y festivos, tanto en turno de ma\u00f1ana como de tarde.\u00a0<\/p>\n<p>Durante toda la jornada se reforzar\u00e1 la recogida en todo el Casco Hist\u00f3rico, con especial atenci\u00f3n a la Plaza de los Santos Ni\u00f1os, calle Mayor, Plaza de los Irlandeses, Bedel, Bustamante de la C\u00e1mara, Plaza de San Diego y Plaza de Cervantes.<\/p>\n<p>A partir de las 19:00 horas, un dispositivo con medios mec\u00e1nicos -barredoras, sopladoras y personal de apoyo-, iniciar\u00e1 las labores intensivas, comenzando en Plaza de Cervantes y continuando a las 20:00 horas en las calles Cerrajeros y Ram\u00f3n y Cajal, con el objetivo de dejar toda la zona limpia antes del inicio de la noche. Para facilitar estas tareas se contar\u00e1 con la colaboraci\u00f3n de la Polic\u00eda Local y se solicita la cooperaci\u00f3n vecinal, manteniendo las calles despejadas a partir de esa hora.<\/p>\n<p>\u00a0El operativo contar\u00e1 con:<\/p>\n<ul>\n<li>2 barredoras de 5 m\u00b3<\/li>\n<li>1 cami\u00f3n recolector de carga trasera de 9 m\u00b3<\/li>\n<li>1 cami\u00f3n de caja abierta de 8 m\u00b3<\/li>\n<li>5 carros portacubos<\/li>\n<li>Operarios del servicio de limpieza<\/li>\n<\/ul>\n<p><strong>Dispositivo especial por las Preuvas del d\u00eda 30<\/strong><\/p>\n<p>El d\u00eda 30 de diciembre, con motivo de la celebraci\u00f3n de las Preuvas, se pondr\u00e1 en marcha un dispositivo espec\u00edfico en la Plaza de Cervantes. Desde las 11:15 horas y hasta la finalizaci\u00f3n de las actividades, se reforzar\u00e1 la limpieza coincidiendo con la concentraci\u00f3n de p\u00fablico.<\/p>\n<p>Ese mismo d\u00eda, a partir de las 20:00 horas, se desplegar\u00e1 un dispositivo destinado a la retirada progresiva de residuos, acompa\u00f1ado de un refuerzo de contenedores en la zona. Desde el Ayuntamiento se solicita la colaboraci\u00f3n ciudadana para que cada persona deposite correctamente sus residuos y el espacio p\u00fablico quede en las mejores condiciones posibles.<\/p>\n<p>Para este refuerzo se contar\u00e1 con:<\/p>\n<ul>\n<li>1 cami\u00f3n de caja abierta de 8 m\u00b3<\/li>\n<li>3 carros portacubos<\/li>\n<li>Operarios del servicio<\/li>\n<\/ul>\n<p><strong>Dispositivo especial San Silvestre-31 de diciembre<\/strong><\/p>\n<p>Asimismo, el d\u00eda 31 a partir de las 6:00 horas, se realizar\u00e1 una limpieza intensiva de la zona con el fin de garantizar el correcto desarrollo de la San Silvestre. Este dispositivo incluir\u00e1:<\/p>\n<ul>\n<li>2 barredoras de 5 m\u00b3<\/li>\n<li>1 baldeadora de 2 m\u00b3<\/li>\n<li>1 cami\u00f3n recolector de carga trasera de 9 m\u00b3<\/li>\n<li>1 cami\u00f3n de caja abierta de 8 m\u00b3<\/li>\n<li>3 carros portacubos<\/li>\n<li>Operarios del servicio<\/li>\n<\/ul>\n<p>A partir de las 19:00 horas, se desplegar\u00e1 un dispositivo destinado a la retirada progresiva de residuos a fin de que las calles est\u00e9n despejadas Desde el Ayuntamiento se solicita la colaboraci\u00f3n ciudadana para que cada persona deposite correctamente sus residuos y el espacio p\u00fablico quede en las mejores condiciones posibles.\u00a0<\/p>\n<p>Para este refuerzo se contar\u00e1 con:<\/p>\n<ul>\n<li>2 barredoras de 5 m\u00b3<\/li>\n<li>1 cami\u00f3n recolector de carga trasera de 9 m\u00b3<\/li>\n<li>1 cami\u00f3n de caja abierta de 8 m\u00b3<\/li>\n<li>5 carros portacubos<\/li>\n<li>Operarios del servicio<\/li>\n<\/ul>\n<p><strong>Limpieza tras la Cabalgata de Reyes<\/strong><\/p>\n<p>Con motivo de la Cabalgata de Reyes, el pr\u00f3ximo 5 de enero, se desarrollar\u00e1 una limpieza intensiva a lo largo de todo el recorrido, desde el inicio hasta la finalizaci\u00f3n del desfile.<\/p>\n<p>El dispositivo estar\u00e1 compuesto por:<\/p>\n<ul>\n<li>2 barredoras de 5 m\u00b3<\/li>\n<li>2 barredoras de 2 m\u00b3<\/li>\n<li>1 cami\u00f3n recolector de carga trasera de 9 m\u00b3<\/li>\n<li>1 cami\u00f3n de caja abierta de 8 m\u00b3<\/li>\n<li>1 baldeadora de 8 m\u00b3<\/li>\n<li>4 carros portacubos<\/li>\n<li>Operarios del servicio<\/li>\n<\/ul>\n<p><strong>Recogida de residuos: recordatorio importante<\/strong><\/p>\n<p>Como es habitual, los d\u00edas 24 y 31 de diciembre no se realizar\u00e1 la recogida de residuos. Desde el Ayuntamiento se ruega la colaboraci\u00f3n ciudadana para que no se depositen basuras en los contenedores durante estas fechas, as\u00ed como la correcta separaci\u00f3n y el dep\u00f3sito de los residuos en el interior de los contenedores correspondientes.<\/p>\n<p>No obstante, las ma\u00f1anas del 25 de diciembre y del 1 de enero, adem\u00e1s de los 60 operarios que trabajan en fines de semana y festivos, se desplegar\u00e1 un dispositivo especial para atender los puntos m\u00e1s necesarios de la ciudad.\u00a0<\/p>\n<p><strong>Llamamiento a la corresponsabilidad ciudadana<\/strong><\/p>\n<p>Desde el Ayuntamiento se hace un llamamiento a la corresponsabilidad y el compromiso c\u00edvico. Mantener la ciudad limpia es una tarea compartida que requiere la colaboraci\u00f3n de todos: utilizar los contenedores habilitados, respetar los horarios y evitar el abandono de residuos fuera de los espacios destinados a ello.<\/p>\n<p>La limpieza urbana no es solo una cuesti\u00f3n de servicios, sino de convivencia y respeto al entorno. Con una gesti\u00f3n rigurosa, planificaci\u00f3n eficaz y la implicaci\u00f3n de la ciudadan\u00eda, es posible disfrutar de unas fiestas en un entorno limpio, ordenado y acorde a las expectativas de vecinos y visitantes.<\/p>\n","protected":false},"excerpt":{"rendered":"Con motivo del incremento de la actividad social, comercial y festiva propia de la Navidad, el Ayuntamiento, a&hellip;\n","protected":false},"author":2,"featured_media":305880,"comment_status":"","ping_status":"","sticky":false,"template":"","format":"standard","meta":{"footnotes":""},"categories":[8],"tags":[16155,17,18,25,24,13,14,11,19,20,9,10,15,16,72354,23,12,21,22,66517],"class_list":{"0":"post-305879","1":"post","2":"type-post","3":"status-publish","4":"format-standard","5":"has-post-thumbnail","7":"category-espana","8":"tag-alcala","9":"tag-breaking-news","10":"tag-breakingnews","11":"tag-es","12":"tag-espana","13":"tag-featured-news","14":"tag-featurednews","15":"tag-headlines","16":"tag-latest-news","17":"tag-latestnews","18":"tag-news","19":"tag-noticias","20":"tag-noticias-destacadas","21":"tag-noticiasdestacadas","22":"tag-plan-especial-de-limpieza","23":"tag-spain","24":"tag-titulares","25":"tag-ultimas-noticias","26":"tag-ultimasnoticias","27":"tag-vicente-perez"},"share_on_mastodon":{"url":"https:\/\/pubeurope.com\/@es\/115778224503385858","error":""},"_links":{"self":[{"href":"https:\/\/www.europesays.com\/es\/wp-json\/wp\/v2\/posts\/305879","targetHints":{"allow":["GET"]}}],"collection":[{"href":"https:\/\/www.europesays.com\/es\/wp-json\/wp\/v2\/posts"}],"about":[{"href":"https:\/\/www.europesays.com\/es\/wp-json\/wp\/v2\/types\/post"}],"author":[{"embeddable":true,"href":"https:\/\/www.europesays.com\/es\/wp-json\/wp\/v2\/users\/2"}],"replies":[{"embeddable":true,"href":"https:\/\/www.europesays.com\/es\/wp-json\/wp\/v2\/comments?post=305879"}],"version-history":[{"count":0,"href":"https:\/\/www.europesays.com\/es\/wp-json\/wp\/v2\/posts\/305879\/revisions"}],"wp:featuredmedia":[{"embeddable":true,"href":"https:\/\/www.europesays.com\/es\/wp-json\/wp\/v2\/media\/305880"}],"wp:attachment":[{"href":"https:\/\/www.europesays.com\/es\/wp-json\/wp\/v2\/media?parent=305879"}],"wp:term":[{"taxonomy":"category","embeddable":true,"href":"https:\/\/www.europesays.com\/es\/wp-json\/wp\/v2\/categories?post=305879"},{"taxonomy":"post_tag","embeddable":true,"href":"https:\/\/www.europesays.com\/es\/wp-json\/wp\/v2\/tags?post=305879"}],"curies":[{"name":"wp","href":"https:\/\/api.w.org\/{rel}","templated":true}]}}