{"id":305881,"date":"2025-12-25T04:04:13","date_gmt":"2025-12-25T04:04:13","guid":{"rendered":"https:\/\/www.europesays.com\/es\/305881\/"},"modified":"2025-12-25T04:04:13","modified_gmt":"2025-12-25T04:04:13","slug":"un-olentzero-para-el-recuerdo","status":"publish","type":"post","link":"https:\/\/www.europesays.com\/es\/305881\/","title":{"rendered":"Un Olentzero para el recuerdo"},"content":{"rendered":"<p>    <a href=\"https:\/\/www.noticiasdenavarra.com\/fotos\/pamplona\/2025\/12\/24\/fotos-olentzero-pamplona-10512055.html\" rel=\"nofollow noopener\" target=\"_blank\"><\/p>\n<p>    <img loading=\"lazy\" decoding=\"async\" class=\"lazy-place\" src=\"data:image\/svg+xml,%3Csvg xmlns=&quot;http:\/\/www.w3.org\/2000\/svg&quot; viewBox=&quot;0 0 1200 675&quot;%3E%3C\/svg%3E\" height=\"675\" width=\"1200\" alt=\"\" style=\"width:100%; height:auto; max-width:100%;\"\/><\/p>\n<p>    <\/a><br \/>\n    <a href=\"https:\/\/www.noticiasdenavarra.com\/fotos\/pamplona\/2025\/12\/24\/fotos-olentzero-pamplona-10512055.html\" class=\"article-photo__multimedia\" rel=\"nofollow noopener\" target=\"_blank\"><\/p>\n<p>        8<br \/>\n    <\/a><\/p>\n<p class=\"article-photo__footer\">\n        EN FOTOS | Olentzero en Pamplona<br \/>\n                    Iban Aguinaga\n            <\/p>\n<p class=\"article-body__text article-body__text--entry article-body__text-middle\">\n        La tarde del 24 de julio el<strong> patio de la Escuela de Arte y Superior de Dise\u00f1o es siempre un hervidero.<\/strong> El traj\u00edn es evidente en el lugar desde el que <strong>nace una kalejira que involucra a cientos de personas<\/strong>. Alrededor de 750. Sin embargo, este mi\u00e9rcoles ha sido diferente.<strong> Poco antes de las seis y durante un par de minutos, la actividad se ha paralizado casi por completo<\/strong>. Solo se han escuchado la<strong>s trompetas de Unai Eseverri y Chuch\u00edn Esqu\u00edroz, de La Pamplonesa, que interpretaban la pieza &#8216;El Silencio&#8217;. Nada m\u00e1s<\/strong>. Ha sido la <strong>despedida, \u00edntima y sentida, de los amigos de Olentzero<\/strong> a uno de los fundadores de la asociaci\u00f3n:<a href=\"https:\/\/www.noticiasdenavarra.com\/pamplona\/2025\/02\/22\/fallece-mari-ganuza-corazon-comparsa-9311647.html\" title=\"Mari Ganuza\" class=\"link copy\" rel=\"nofollow noopener\" target=\"_blank\"> Mari Ganuza<\/a>, figura clave en esta y otras tantas tradiciones de esta tierra que falleci\u00f3 el pasado febrero. Un \u00abva por ti\u00bb en toda regla al que ha seguido un inmenso aplauso y gritos de \u00abGora Mari!\u00bb.\n<\/p>\n<p>    <a href=\"https:\/\/www.noticiasdenavarra.com\/fotos\/general\/navarra\/2025\/12\/24\/fotos-olentzero-navarra-10511774.html\" rel=\"nofollow noopener\" target=\"_blank\"><\/p>\n<p>    <img loading=\"lazy\" decoding=\"async\" class=\"lazy-place\" src=\"data:image\/svg+xml,%3Csvg xmlns=&quot;http:\/\/www.w3.org\/2000\/svg&quot; viewBox=&quot;0 0 880 495&quot;%3E%3C\/svg%3E\" height=\"495\" width=\"880\" alt=\"\" style=\"width:100%; height:auto; max-width:100%;\"\/><\/p>\n<p>    <\/a><\/p>\n<p>    <a href=\"https:\/\/www.noticiasdenavarra.com\/fotos\/general\/navarra\/2025\/12\/24\/fotos-olentzero-navarra-10511774.html\" class=\"article-photo__multimedia\" rel=\"nofollow noopener\" target=\"_blank\"><\/p>\n<p>        127<br \/>\n    <\/a><\/p>\n<p class=\"article-photo__footer\">\n        EN FOTOS | Olentzero por Navarra<br \/>\n                    Javier Bergasa\n            <\/p>\n<p class=\"article-body__text \">\n        Cuando<strong> Olentzero ya asomaba por Iturralde y Suit, el homenaje se ha completado con un aurresku de honor<\/strong> para la familia del propio <strong>Ganuza, y de Jes\u00fas Mari Viguiristi, de Ricardo Insausti y de Loretxo I\u00f1arrea<\/strong>, todos colaboradores de la kalejira del carbonero fallecidos los \u00faltimos meses. El de este mi\u00e9rcoles ha sido <strong>un Olentzero para el recuerdo.<\/strong>\n<\/p>\n<p class=\"article-body__text \">\n        Cumplido el obligado homenaje,<strong> la kalejira ha transcurrido con habitualmente. Sin ocas y gallinas<\/strong> por el protocolo de la gripe aviar, y<strong> con los conejos como invitados especiales<\/strong> de \u00faltima hora para suplir la ausencia de las aves.\n<\/p>\n<p>            <a href=\"https:\/\/www.noticiasdenavarra.com\/navarra\/2025\/12\/11\/olentzero-gallinas-ocas-protocolo-gripe-10461347.html\" title=\"Olentzero, sin gallinas ni ocas por el protocolo contra la gripe aviar\" class=\"new__media\" rel=\"nofollow noopener\" target=\"_blank\"><\/p>\n<p>                <img alt=\"Olentzero, sin gallinas ni ocas por el protocolo contra la gripe aviar\" data-src=\"https:\/\/www.europesays.com\/es\/wp-content\/uploads\/2025\/12\/0c56f0d3-656a-4a14-a687-f98625b58a72_16-9-aspect-ratio_default_0_x1143y618.jpg\" class=\"lozad\"\/><\/p>\n<p>        <\/a><\/p>\n<p>        <a href=\"https:\/\/www.noticiasdenavarra.com\/navarra\/2025\/12\/11\/olentzero-gallinas-ocas-protocolo-gripe-10461347.html\" title=\"Olentzero, sin gallinas ni ocas por el protocolo contra la gripe aviar\" class=\"new__headline\" rel=\"nofollow noopener\" target=\"_blank\"><br \/>\n            Olentzero, sin gallinas ni ocas por el protocolo contra la gripe aviar<br \/>\n        <\/a><\/p>\n<p class=\"article-body__text \">\n        Por lo dem\u00e1s<strong>, la comitiva ha desfilado como desfila siempre<\/strong>. Tambi\u00e9n como siempre <strong>la multitud se ha agolpado para corresponder con la ilusi\u00f3n de cada Nochebuena a la visita de Olentzero<\/strong>. Muchos peque\u00f1os con una sonrisa llena de dientes, quiz\u00e1<strong> proyectando en la figura del carbonero los regalos de esa noche o el d\u00eda siguiente.<\/strong><\/p>\n","protected":false},"excerpt":{"rendered":"8 EN FOTOS | Olentzero en Pamplona Iban Aguinaga La tarde del 24 de julio el patio de&hellip;\n","protected":false},"author":2,"featured_media":305882,"comment_status":"","ping_status":"","sticky":false,"template":"","format":"standard","meta":{"footnotes":""},"categories":[5],"tags":[17,18,25,24,13,14,11,19,20,9,10,15,16,69179,910,23,12,21,22],"class_list":{"0":"post-305881","1":"post","2":"type-post","3":"status-publish","4":"format-standard","5":"has-post-thumbnail","7":"category-titulares","8":"tag-breaking-news","9":"tag-breakingnews","10":"tag-es","11":"tag-espana","12":"tag-featured-news","13":"tag-featurednews","14":"tag-headlines","15":"tag-latest-news","16":"tag-latestnews","17":"tag-news","18":"tag-noticias","19":"tag-noticias-destacadas","20":"tag-noticiasdestacadas","21":"tag-olentzero","22":"tag-recuerdo","23":"tag-spain","24":"tag-titulares","25":"tag-ultimas-noticias","26":"tag-ultimasnoticias"},"share_on_mastodon":{"url":"https:\/\/pubeurope.com\/@es\/115778228248011648","error":""},"_links":{"self":[{"href":"https:\/\/www.europesays.com\/es\/wp-json\/wp\/v2\/posts\/305881","targetHints":{"allow":["GET"]}}],"collection":[{"href":"https:\/\/www.europesays.com\/es\/wp-json\/wp\/v2\/posts"}],"about":[{"href":"https:\/\/www.europesays.com\/es\/wp-json\/wp\/v2\/types\/post"}],"author":[{"embeddable":true,"href":"https:\/\/www.europesays.com\/es\/wp-json\/wp\/v2\/users\/2"}],"replies":[{"embeddable":true,"href":"https:\/\/www.europesays.com\/es\/wp-json\/wp\/v2\/comments?post=305881"}],"version-history":[{"count":0,"href":"https:\/\/www.europesays.com\/es\/wp-json\/wp\/v2\/posts\/305881\/revisions"}],"wp:featuredmedia":[{"embeddable":true,"href":"https:\/\/www.europesays.com\/es\/wp-json\/wp\/v2\/media\/305882"}],"wp:attachment":[{"href":"https:\/\/www.europesays.com\/es\/wp-json\/wp\/v2\/media?parent=305881"}],"wp:term":[{"taxonomy":"category","embeddable":true,"href":"https:\/\/www.europesays.com\/es\/wp-json\/wp\/v2\/categories?post=305881"},{"taxonomy":"post_tag","embeddable":true,"href":"https:\/\/www.europesays.com\/es\/wp-json\/wp\/v2\/tags?post=305881"}],"curies":[{"name":"wp","href":"https:\/\/api.w.org\/{rel}","templated":true}]}}