{"id":305887,"date":"2025-12-25T04:14:09","date_gmt":"2025-12-25T04:14:09","guid":{"rendered":"https:\/\/www.europesays.com\/es\/305887\/"},"modified":"2025-12-25T04:14:09","modified_gmt":"2025-12-25T04:14:09","slug":"nuestro-angelito-en-el-cielo-nos-ha-enviado-el-regalo-mas-grande-bonito-y-especial","status":"publish","type":"post","link":"https:\/\/www.europesays.com\/es\/305887\/","title":{"rendered":"\u00abNuestro angelito en el cielo nos ha enviado el regalo m\u00e1s grande, bonito y especial\u00bb"},"content":{"rendered":"<p>24\/12\/2025<br \/>\n<br \/><strong><br \/>\nActualizado a las 18:03h.<br \/>\n<\/strong><\/p>\n<p class=\"voc-p\" style=\"\">Ana Peleteiro <strong>est\u00e1 embarazada de nuevo<\/strong>. As\u00ed lo ha anunciado ella misma en una publicaci\u00f3n en su cuenta de Instagram. \u00abNuestro angelito en el cielo nos ha enviado el regalo m\u00e1s grande, bonito y especial para despedir este 2025\u00bb, ha escrito la atleta, <a href=\"https:\/\/www.abc.es\/deportes\/ana-peleteiro-pierde-bebe-esperaba-20250724181555-nt.html\" data-voc-vtm-id=\"in-text-traffic\" title=\"que sufri\u00f3 un aborto este verano\" data-mrf-link=\"www.abc.es\" rel=\"nofollow noopener\" target=\"_blank\">que sufri\u00f3 un aborto este verano<\/a> &#8230; .<\/p>\n<p class=\"voc-p\" style=\"\">En la imagen que acompa\u00f1a al mensaje, aparece feliz junto a su pareja, el atleta franc\u00e9s Benjam\u00edn Compaor\u00e9, s<strong>osteniendo una ecograf\u00eda del futuro beb\u00e9<\/strong>. \u00abGracias, vida, por tanta abundancia, amor y felicidad\u00bb, ha zanjado.<\/p>\n<p class=\"voc-p\" style=\"\">El pasado mes de julio, la pareja tuvo que enfrentarse al que describieron como <strong>\u00abuno de los momentos m\u00e1s agridulces\u00bb de sus vidas<\/strong>: el escuchar a su m\u00e9dico dici\u00e9ndoles que no hab\u00eda latido y que hab\u00edan perdido al beb\u00e9 que esperaban.<\/p>\n<p class=\"voc-p\" style=\"\">\u00abPero lo afrontamos fuertes y m\u00e1s unidos que nunca\u00bb, dijo entonces. Junto a Compaor\u00e9, Peleteiro <strong>es madre de L\u00faa<\/strong>, una ni\u00f1a nacida en diciembre de 2022.<\/p>\n<p>\nArt\u00edculo solo para suscriptores\n<\/p>\n<p>Reportar un error<\/p>\n","protected":false},"excerpt":{"rendered":"24\/12\/2025 Actualizado a las 18:03h. Ana Peleteiro est\u00e1 embarazada de nuevo. As\u00ed lo ha anunciado ella misma en&hellip;\n","protected":false},"author":2,"featured_media":305888,"comment_status":"","ping_status":"","sticky":false,"template":"","format":"standard","meta":{"footnotes":""},"categories":[174],"tags":[683,22533,4187,5036,255,6884,36242,146,147,11206,25,24,12608,256,699,524,9175,7382,23],"class_list":{"0":"post-305887","1":"post","2":"type-post","3":"status-publish","4":"format-standard","5":"has-post-thumbnail","7":"category-famosos","8":"tag-ana","9":"tag-angelito","10":"tag-anuncia","11":"tag-bonito","12":"tag-celebrities","13":"tag-cielo","14":"tag-embarazada","15":"tag-entertainment","16":"tag-entretenimiento","17":"tag-enviado","18":"tag-es","19":"tag-espana","20":"tag-especial","21":"tag-famosos","22":"tag-grande","23":"tag-nuevo","24":"tag-peleteiro","25":"tag-regalo","26":"tag-spain"},"share_on_mastodon":{"url":"https:\/\/pubeurope.com\/@es\/115778267628378410","error":""},"_links":{"self":[{"href":"https:\/\/www.europesays.com\/es\/wp-json\/wp\/v2\/posts\/305887","targetHints":{"allow":["GET"]}}],"collection":[{"href":"https:\/\/www.europesays.com\/es\/wp-json\/wp\/v2\/posts"}],"about":[{"href":"https:\/\/www.europesays.com\/es\/wp-json\/wp\/v2\/types\/post"}],"author":[{"embeddable":true,"href":"https:\/\/www.europesays.com\/es\/wp-json\/wp\/v2\/users\/2"}],"replies":[{"embeddable":true,"href":"https:\/\/www.europesays.com\/es\/wp-json\/wp\/v2\/comments?post=305887"}],"version-history":[{"count":0,"href":"https:\/\/www.europesays.com\/es\/wp-json\/wp\/v2\/posts\/305887\/revisions"}],"wp:featuredmedia":[{"embeddable":true,"href":"https:\/\/www.europesays.com\/es\/wp-json\/wp\/v2\/media\/305888"}],"wp:attachment":[{"href":"https:\/\/www.europesays.com\/es\/wp-json\/wp\/v2\/media?parent=305887"}],"wp:term":[{"taxonomy":"category","embeddable":true,"href":"https:\/\/www.europesays.com\/es\/wp-json\/wp\/v2\/categories?post=305887"},{"taxonomy":"post_tag","embeddable":true,"href":"https:\/\/www.europesays.com\/es\/wp-json\/wp\/v2\/tags?post=305887"}],"curies":[{"name":"wp","href":"https:\/\/api.w.org\/{rel}","templated":true}]}}