{"id":305905,"date":"2025-12-25T04:40:08","date_gmt":"2025-12-25T04:40:08","guid":{"rendered":"https:\/\/www.europesays.com\/es\/305905\/"},"modified":"2025-12-25T04:40:08","modified_gmt":"2025-12-25T04:40:08","slug":"el-ayuntamiento-de-montilla-refuerza-la-policia-local-con-dos-nuevos-agentes","status":"publish","type":"post","link":"https:\/\/www.europesays.com\/es\/305905\/","title":{"rendered":"El Ayuntamiento de Montilla refuerza la Polic\u00eda Local con dos nuevos agentes"},"content":{"rendered":"<p style=\"text-align: justify\"><strong>El alcalde, Rafael Llamas, subraya la importancia de seguir fortaleciendo la plantilla para mejorar la seguridad y la atenci\u00f3n a la ciudadan\u00eda.<\/strong><\/p>\n<p style=\"text-align: justify\">El Ayuntamiento de Montilla ha reforzado en la ma\u00f1ana de hoy la plantilla de la Polic\u00eda Local con la incorporaci\u00f3n de dos nuevos agentes en comisi\u00f3n de servicio, una medida que permite incrementar los efectivos disponibles y mejorar la capacidad operativa del cuerpo en el municipio.<\/p>\n<p style=\"text-align: justify\">Esta incorporaci\u00f3n se enmarca dentro del compromiso municipal por garantizar un servicio p\u00fablico de seguridad eficaz, cercano y adaptado a las necesidades actuales de la ciudad, especialmente en periodos de mayor actividad y afluencia de personas como el que vive Montilla en estas fechas.<\/p>\n<p style=\"text-align: justify\">El alcalde de Montilla, Rafael Llamas, ha destacado que \u201cel refuerzo de la Polic\u00eda Local es una prioridad para este equipo de gobierno, porque hablamos de un servicio esencial que incide directamente en la convivencia, la seguridad y la calidad de vida de la ciudadan\u00eda\u201d.<\/p>\n<p style=\"text-align: justify\">En este sentido, el primer edil ha se\u00f1alado que \u201cla llegada de estos dos agentes supone un apoyo importante para la plantilla actual, permitiendo una mejor organizaci\u00f3n de los turnos y una mayor presencia policial en las calles, algo fundamental para dar respuesta a las demandas de la poblaci\u00f3n\u201d.<\/p>\n<p style=\"text-align: justify\">Asimismo, Rafael Llamas ha querido poner en valor \u201cel compromiso y la profesionalidad con la que estos dos agentes se han incorporado desde el primer momento a sus puestos de trabajo\u201d, destacando que \u201csu disposici\u00f3n y actitud refuerzan el modelo de Polic\u00eda Local que defendemos desde el Ayuntamiento\u201d, un modelo \u201ccercano, comprometido y al servicio de Montilla\u201d.<\/p>\n<p style=\"text-align: justify\">Desde el Ayuntamiento de Montilla se contin\u00faa trabajando en la mejora progresiva de los recursos humanos y materiales de la Polic\u00eda Local, con el objetivo de consolidar un cuerpo preparado para afrontar los retos actuales y futuros en materia de seguridad ciudadana.<\/p>\n","protected":false},"excerpt":{"rendered":"El alcalde, Rafael Llamas, subraya la importancia de seguir fortaleciendo la plantilla para mejorar la seguridad y la&hellip;\n","protected":false},"author":2,"featured_media":305906,"comment_status":"","ping_status":"","sticky":false,"template":"","format":"standard","meta":{"footnotes":""},"categories":[5],"tags":[17,18,25,24,13,14,11,19,20,9,10,15,16,23,12,21,22],"class_list":{"0":"post-305905","1":"post","2":"type-post","3":"status-publish","4":"format-standard","5":"has-post-thumbnail","7":"category-titulares","8":"tag-breaking-news","9":"tag-breakingnews","10":"tag-es","11":"tag-espana","12":"tag-featured-news","13":"tag-featurednews","14":"tag-headlines","15":"tag-latest-news","16":"tag-latestnews","17":"tag-news","18":"tag-noticias","19":"tag-noticias-destacadas","20":"tag-noticiasdestacadas","21":"tag-spain","22":"tag-titulares","23":"tag-ultimas-noticias","24":"tag-ultimasnoticias"},"share_on_mastodon":{"url":"https:\/\/pubeurope.com\/@es\/115778369866138629","error":""},"_links":{"self":[{"href":"https:\/\/www.europesays.com\/es\/wp-json\/wp\/v2\/posts\/305905","targetHints":{"allow":["GET"]}}],"collection":[{"href":"https:\/\/www.europesays.com\/es\/wp-json\/wp\/v2\/posts"}],"about":[{"href":"https:\/\/www.europesays.com\/es\/wp-json\/wp\/v2\/types\/post"}],"author":[{"embeddable":true,"href":"https:\/\/www.europesays.com\/es\/wp-json\/wp\/v2\/users\/2"}],"replies":[{"embeddable":true,"href":"https:\/\/www.europesays.com\/es\/wp-json\/wp\/v2\/comments?post=305905"}],"version-history":[{"count":0,"href":"https:\/\/www.europesays.com\/es\/wp-json\/wp\/v2\/posts\/305905\/revisions"}],"wp:featuredmedia":[{"embeddable":true,"href":"https:\/\/www.europesays.com\/es\/wp-json\/wp\/v2\/media\/305906"}],"wp:attachment":[{"href":"https:\/\/www.europesays.com\/es\/wp-json\/wp\/v2\/media?parent=305905"}],"wp:term":[{"taxonomy":"category","embeddable":true,"href":"https:\/\/www.europesays.com\/es\/wp-json\/wp\/v2\/categories?post=305905"},{"taxonomy":"post_tag","embeddable":true,"href":"https:\/\/www.europesays.com\/es\/wp-json\/wp\/v2\/tags?post=305905"}],"curies":[{"name":"wp","href":"https:\/\/api.w.org\/{rel}","templated":true}]}}