{"id":305925,"date":"2025-12-25T05:03:24","date_gmt":"2025-12-25T05:03:24","guid":{"rendered":"https:\/\/www.europesays.com\/es\/305925\/"},"modified":"2025-12-25T05:03:24","modified_gmt":"2025-12-25T05:03:24","slug":"la-desnutricion-y-la-falta-de-financiacion-amenaza-la-vida-de-los-refugiados-sudaneses-en-chad-eacnur","status":"publish","type":"post","link":"https:\/\/www.europesays.com\/es\/305925\/","title":{"rendered":"La desnutrici\u00f3n y la falta de financiaci\u00f3n amenaza la vida de los refugiados sudaneses en Chad| eAcnur"},"content":{"rendered":"<p>La mayor\u00eda de las familias sudanesas que llegan a la frontera con <a href=\"https:\/\/eacnur.org\/node\/7264\/\" rel=\"nofollow noopener\" target=\"_blank\"><strong>Chad<\/strong><\/a> lo hacen en condiciones precarias, especialmente los ni\u00f1os. Este a\u00f1o, el personal sanitario inform\u00f3 que <strong>uno de cada diez menores de cinco a\u00f1os<\/strong> que ingresan en algunas zonas de Chad sufre <strong>desnutrici\u00f3n aguda grave<\/strong>.<\/p>\n<p>En el campo de refugiados de <strong>Farchana (Chad)<\/strong>, donde viven m\u00e1s de <strong>22.000 personas<\/strong>, la situaci\u00f3n es alarmante. Muchos llegaron durante los \u00faltimos dos a\u00f1os y medio, aunque algunos permanecen all\u00ed desde hace a\u00f1os por conflictos anteriores. En este lugar de acogida para muchas familias que han huido de la violencia en Darfur, decenas de beb\u00e9s y ni\u00f1os sufren desnutrici\u00f3n. En la cl\u00ednica de desnutrici\u00f3n del <strong>Hospital Farchana<\/strong>, m\u00e1s de <strong>80 ni\u00f1os reciben atenci\u00f3n urgente, <\/strong>pero la falta de financiaci\u00f3n amenaza con el cierre del centro.<\/p>\n<p>El caso de <strong>Mohamed<\/strong>, un ni\u00f1o de dos a\u00f1os que lucha por recuperarse de la desnutrici\u00f3n severa, refleja la gravedad de la crisis. Ante la reducci\u00f3n de las raciones alimentarias por los recortes de fondos, muchas familias pasan d\u00edas sin una alimentaci\u00f3n adecuada, lo que pone en riesgo la vida de beb\u00e9s y ni\u00f1os peque\u00f1os.<\/p>\n<p><img loading=\"lazy\" decoding=\"async\" src=\"https:\/\/www.europesays.com\/es\/wp-content\/uploads\/2025\/12\/Mohamed_desnutricion.jpg\" width=\"1500\" height=\"1000\"\/>Mohamed, uno de tantos ni\u00f1os que sufre desnutrici\u00f3n.<strong> <\/strong>Foto: \u00a9 ACNUR\/Ala Kheir.<\/p>\n<p>A pesar de la dedicaci\u00f3n de los profesionales sanitarios (muchos de ellos tambi\u00e9n refugiados sudaneses), la creciente amenaza de la desnutrici\u00f3n es realmente preocupante. <\/p>\n<p>Mohamed Ibrahim, farmac\u00e9utico originario del estado de Gezira, en el centro de Sud\u00e1n, huy\u00f3 con su familia y ahora trabaja en el Hospital Farchana. Con el personal y los suministros al l\u00edmite, est\u00e1 cada vez m\u00e1s preocupado por la salud de sus compa\u00f1eros refugiados en el asentamiento.<\/p>\n<p><img loading=\"lazy\" decoding=\"async\" src=\"https:\/\/www.europesays.com\/es\/wp-content\/uploads\/2025\/12\/farmaceutico_Farchana.jpg\" width=\"1500\" height=\"1000\"\/>Mohamed Ibrahim, farmace\u00fatico en Farchana. Foto: \u00a9 ACNUR\/Ala Kheir.<\/p>\n","protected":false},"excerpt":{"rendered":"La mayor\u00eda de las familias sudanesas que llegan a la frontera con Chad lo hacen en condiciones precarias,&hellip;\n","protected":false},"author":2,"featured_media":305926,"comment_status":"","ping_status":"","sticky":false,"template":"","format":"standard","meta":{"footnotes":""},"categories":[42],"tags":[17,18,72363,4918,13,14,72362,11,61,62,63,64,19,20,9,10,15,16,72364,16262,12,21,22,65,66,67],"class_list":{"0":"post-305925","1":"post","2":"type-post","3":"status-publish","4":"format-standard","5":"has-post-thumbnail","7":"category-internacional","8":"tag-breaking-news","9":"tag-breakingnews","10":"tag-chad","11":"tag-desnutricion","12":"tag-featured-news","13":"tag-featurednews","14":"tag-guerra-en-sudan","15":"tag-headlines","16":"tag-internacional","17":"tag-international","18":"tag-international-news","19":"tag-internationalnews","20":"tag-latest-news","21":"tag-latestnews","22":"tag-news","23":"tag-noticias","24":"tag-noticias-destacadas","25":"tag-noticiasdestacadas","26":"tag-refugiados-sudaneses","27":"tag-sudan","28":"tag-titulares","29":"tag-ultimas-noticias","30":"tag-ultimasnoticias","31":"tag-world","32":"tag-world-news","33":"tag-worldnews"},"share_on_mastodon":{"url":"https:\/\/pubeurope.com\/@es\/115778460760997402","error":""},"_links":{"self":[{"href":"https:\/\/www.europesays.com\/es\/wp-json\/wp\/v2\/posts\/305925","targetHints":{"allow":["GET"]}}],"collection":[{"href":"https:\/\/www.europesays.com\/es\/wp-json\/wp\/v2\/posts"}],"about":[{"href":"https:\/\/www.europesays.com\/es\/wp-json\/wp\/v2\/types\/post"}],"author":[{"embeddable":true,"href":"https:\/\/www.europesays.com\/es\/wp-json\/wp\/v2\/users\/2"}],"replies":[{"embeddable":true,"href":"https:\/\/www.europesays.com\/es\/wp-json\/wp\/v2\/comments?post=305925"}],"version-history":[{"count":0,"href":"https:\/\/www.europesays.com\/es\/wp-json\/wp\/v2\/posts\/305925\/revisions"}],"wp:featuredmedia":[{"embeddable":true,"href":"https:\/\/www.europesays.com\/es\/wp-json\/wp\/v2\/media\/305926"}],"wp:attachment":[{"href":"https:\/\/www.europesays.com\/es\/wp-json\/wp\/v2\/media?parent=305925"}],"wp:term":[{"taxonomy":"category","embeddable":true,"href":"https:\/\/www.europesays.com\/es\/wp-json\/wp\/v2\/categories?post=305925"},{"taxonomy":"post_tag","embeddable":true,"href":"https:\/\/www.europesays.com\/es\/wp-json\/wp\/v2\/tags?post=305925"}],"curies":[{"name":"wp","href":"https:\/\/api.w.org\/{rel}","templated":true}]}}