{"id":305927,"date":"2025-12-25T05:10:14","date_gmt":"2025-12-25T05:10:14","guid":{"rendered":"https:\/\/www.europesays.com\/es\/305927\/"},"modified":"2025-12-25T05:10:14","modified_gmt":"2025-12-25T05:10:14","slug":"la-referencia-del-rey-felipe-a-los-altos-precios-de-la-vivienda-a-la-inteligencia-artificial-y-a-la-dignidad-humana","status":"publish","type":"post","link":"https:\/\/www.europesays.com\/es\/305927\/","title":{"rendered":"La referencia del rey Felipe a los altos precios de la vivienda, a la inteligencia artificial y a la dignidad humana"},"content":{"rendered":"<p><img alt=\"Discurso del rey Felipe en\" class=\"global-image\" decoding=\"async\" fetchpriority=\"high\" height=\"1080\" loading=\"eager\" src=\"https:\/\/www.europesays.com\/es\/wp-content\/uploads\/2025\/12\/KWULLOFJU5AXLEUB6ESFU4OIXY.jpg\" width=\"1920\"\/>Discurso del rey Felipe en la Navidad de 2025.<\/p>\n<p class=\"paragraph\">El rey Felipe ha optado por <a rel=\"noopener noreferrer nofollow\" href=\"https:\/\/www.infobae.com\/espana\/2025\/12\/24\/el-rey-felipe-vi-se-levantara-por-primera-vez-de-su-asiento-en-su-discurso-de-nochebuena-el-monarca-se-reinventa-con-el-uso-de-drones\/\" target=\"_blank\" title=\"https:\/\/www.infobae.com\/espana\/2025\/12\/24\/el-rey-felipe-vi-se-levantara-por-primera-vez-de-su-asiento-en-su-discurso-de-nochebuena-el-monarca-se-reinventa-con-el-uso-de-drones\/\">innovar en su tradicional de discurso<\/a> de Nochebuena. En este 2025 ha aparecido ante la c\u00e1mara de pie, con traje azul marino, camisa blanca y corbata color terracota con estampado geom\u00e9trico, y con un mensaje muy claro para los espa\u00f1oles: la convivencia que se ha construido en los \u00faltimos 50 a\u00f1os, desde la muerte del dictador Francisco Franco, la Transici\u00f3n y hasta hoy <b>\u00ab<\/b><b>no es un legado imperecedero\u00bb.<\/b> El jefe de Estado ha realizado un llamamiento al entendimiento, pero tambi\u00e9n ha hablado de la \u201ccrisis de confianza\u201d, del des\u00e1nimo y de la credibilidad de las instituciones en un a\u00f1o que ha estado marcado por la corrupci\u00f3n. <\/p>\n<p class=\"paragraph\">Desde el Sal\u00f3n de Columnas, referente de diversos acontecimientos hist\u00f3ricos como la firma el 12 de junio de 1985 del Acta de Adhesi\u00f3n de Espa\u00f1a a las Comunidades Europeas (lo que hoy conocemos Uni\u00f3n Europea), de la que se han cumplido <a rel=\"noopener noreferrer nofollow\" href=\"https:\/\/www.infobae.com\/espana\/agencias\/2025\/12\/17\/el-74-de-los-espanoles-cree-que-espana-puede-afrontar-mejor-el-futuro-dentro-de-la-ue-segun-el-eurobarometro\/\" target=\"_blank\" title=\"https:\/\/www.infobae.com\/espana\/agencias\/2025\/12\/17\/el-74-de-los-espanoles-cree-que-espana-puede-afrontar-mejor-el-futuro-dentro-de-la-ue-segun-el-eurobarometro\/\">40 a\u00f1os en este 2025<\/a>, y junto a la bandera que representa est\u00e1 uni\u00f3n, ha repasado la transformaci\u00f3n de Espa\u00f1a en las \u00faltimas cinco d\u00e9cadas, pero tambi\u00e9n ha hecho referencias a problemas muy reales de los ciudadanos en el d\u00eda, como son los altos precios de la vivienda, los deshaucios o la incertidumbre laboral en torno a los progresos tecnol\u00f3gicos. <\/p>\n<p class=\"paragraph\">\u201cVivimos tiempos ciertamente exigentes\u201d, ha reconocido. \u201cMuchos ciudadanos sienten que el aumento del coste de la vida limita sus opciones de progreso; que<b> el acceso a la vivienda es un obst\u00e1culo<\/b> para los proyectos de tantos j\u00f3venes; que la velocidad de los avances tecnol\u00f3gicos genera incertidumbre laboral; o que los fen\u00f3menos clim\u00e1ticos son un condicionante cada vez mayor y en ocasiones tr\u00e1gico\u201d, ha enumerado el monarca, reconociendo as\u00ed, en sus propias palabras, el \u201chast\u00edo, desencanto y desafecci\u00f3n\u201d.<\/p>\n<p class=\"paragraph\">Acierta as\u00ed al hablar del que este a\u00f1o se ha convertido, seg\u00fan el Centro de Investigaciones Sociol\u00f3gicas (CIS) en el primer problema de los espa\u00f1oles: la vivienda, un derecho recogido en la Constituci\u00f3n de 1978 a la que tantas veces hace referencia pero que hoy es un <a rel=\"noopener noreferrer nofollow\" href=\"https:\/\/www.infobae.com\/espana\/2025\/12\/22\/rosalia-aitana-o-antonio-banderas-los-famosos-espanoles-que-especulan-con-el-ladrillo-y-aprovechan-los-altos-precios-de-la-vivienda\/\" target=\"_blank\" title=\"https:\/\/www.infobae.com\/espana\/2025\/12\/22\/rosalia-aitana-o-antonio-banderas-los-famosos-espanoles-que-especulan-con-el-ladrillo-y-aprovechan-los-altos-precios-de-la-vivienda\/\">activo financiero que sirve para especular<\/a> y ahogar a los espa\u00f1oles que destinan, bien al alquiler o la hipoteca, la mayor parte de su salario. Recordemos que vivir en pareja se ha convertido en un lujo para los j\u00f3venes, <a rel=\"noopener noreferrer nofollow\" href=\"https:\/\/www.infobae.com\/espana\/2025\/12\/17\/vivir-en-pareja-es-un-lujo-para-los-jovenes-sin-casa-ni-sueldo-digno-solo-el-27-cohabita-lo-que-hunde-la-natalidad-y-amenaza-las-pensiones\/\" target=\"_blank\" title=\"https:\/\/www.infobae.com\/espana\/2025\/12\/17\/vivir-en-pareja-es-un-lujo-para-los-jovenes-sin-casa-ni-sueldo-digno-solo-el-27-cohabita-lo-que-hunde-la-natalidad-y-amenaza-las-pensiones\/\">solo el 27% cohabita<\/a>, y esto hunde la natalidad y amenaza las pensiones.<\/p>\n<p class=\"paragraph\">En una \u00e9poca en el que los deshaucios y desalojos son una constante entre las noticias del d\u00eda, Felipe ha hablado de la \u201cdignidad del ser humano\u201d, \u201csobre todo de los m\u00e1s vulnerables, en el centro de todo discurso y de toda pol\u00edtica\u201d, ha apuntado . Sin ir m\u00e1s lejos, en los \u00faltimos d\u00edas se ha expulsado de un antiguo instituto a <a rel=\"noopener noreferrer nofollow\" href=\"https:\/\/www.infobae.com\/espana\/2025\/12\/24\/albiol-ya-en-el-foco-de-la-fiscalia-por-incumplir-las-condiciones-para-el-desalojo-del-b9-de-badalona-afronta-ahora-una-denuncia-penal-por-delitos-de-odio\/\" target=\"_blank\" title=\"https:\/\/www.infobae.com\/espana\/2025\/12\/24\/albiol-ya-en-el-foco-de-la-fiscalia-por-incumplir-las-condiciones-para-el-desalojo-del-b9-de-badalona-afronta-ahora-una-denuncia-penal-por-delitos-de-odio\/\">400 personas migrantes que se refugiaron<\/a> all\u00ed, un edificio abandonado, al encontrarse en la calle sin alternativa habitacional. Esta es tan solo una historia de las muchas que vemos en prensa y televisi\u00f3n cada d\u00eda sobre personas que deben abandonar la casa en la que han vivido toda la vida por no poder pagarla. Los precios suben, los salarios no lo hacen al mismo ritmo. <\/p>\n<blockquote class=\"color_figcaption\"><p>\u201cEn democracia, las ideas propias nunca pueden ser dogmas, ni las ajenas, amenazas\u201d<\/p><\/blockquote>\n<p class=\"paragraph\">\u201cRecordemos \u2014en esta v\u00edspera de Navidad\u2014 que, en democracia, las ideas propias nunca pueden ser dogmas, ni las ajenas, amenazas; que avanzar consiste en dar pasos, con acuerdos y renuncias, pero en una misma direcci\u00f3n, no correr a costa de la ca\u00edda del otro; que<b> Espa\u00f1a es, ante todo, un proyecto compartido<\/b>: un modo de reunir \u2014y de realizar\u2014 los intereses y aspiraciones individuales en torno a una misma noci\u00f3n del bien com\u00fan\u00bb, ha se\u00f1alado el jefe de Estado.<\/p>\n<p class=\"paragraph\">Felipe no ha mencionado directamente a la inteligencia artificial, pero si le ha hecho un gui\u00f1o al hablar de \u201cla velocidad de los avances tecnol\u00f3gicos\u201d que, en su opini\u00f3n, genera \u201cincertidumbre laboral\u201d. <b>La IA ha entrado en nuestras vidas y lo ha hecho para quedarse<\/b>. El monarca es consciente de ello y ha mostrado comprensi\u00f3n con aquellas personas que saben que su puesto de trabajo puede desaparecer si no se transforma correctamente. <\/p>\n<p class=\"paragraph\">Las nuevas herramientas tecnol\u00f3gicas nos sit\u00faan en una era entre la complejidad y la oportunidad. La econom\u00eda global enfrenta una <a rel=\"noopener\" href=\"\" target=\"_blank\" title=\"\">in\u00e9dita incertidumbre estructural<\/a> y es a esta cuesti\u00f3n a la que se dirige Felipe VI. \u201cCada tiempo hist\u00f3rico tiene sus propios desaf\u00edos. Los caminos f\u00e1ciles no existen. Los nuestros no lo son ni m\u00e1s ni menos que los de nuestros padres o abuelos. Pero tenemos un gran activo: nuestra capacidad de recorrerlos juntos\u201d, ha se\u00f1alado.<\/p>\n<p class=\"paragraph\">\u201cHag\u00e1moslo con la memoria de estos 50 a\u00f1os y hag\u00e1moslo con confianza. El miedo solo construye barreras y genera ruido, Mensaje de Navidad de Su Majestad el Rey Palacio Real de Madrid, 24 de diciembre de 2025 y las barreras y el ruido impiden comprender la realidad en toda su amplitud\u201d. Con estas palabras ha concluido su discurso en el que no ha hecho menci\u00f3n a la princesa Leonor. <\/p>\n","protected":false},"excerpt":{"rendered":"Discurso del rey Felipe en la Navidad de 2025. El rey Felipe ha optado por innovar en su&hellip;\n","protected":false},"author":2,"featured_media":305928,"comment_status":"","ping_status":"","sticky":false,"template":"","format":"standard","meta":{"footnotes":""},"categories":[5],"tags":[17,18,25,24,13,14,11,19,20,9,10,15,16,23,12,21,22],"class_list":{"0":"post-305927","1":"post","2":"type-post","3":"status-publish","4":"format-standard","5":"has-post-thumbnail","7":"category-titulares","8":"tag-breaking-news","9":"tag-breakingnews","10":"tag-es","11":"tag-espana","12":"tag-featured-news","13":"tag-featurednews","14":"tag-headlines","15":"tag-latest-news","16":"tag-latestnews","17":"tag-news","18":"tag-noticias","19":"tag-noticias-destacadas","20":"tag-noticiasdestacadas","21":"tag-spain","22":"tag-titulares","23":"tag-ultimas-noticias","24":"tag-ultimasnoticias"},"share_on_mastodon":{"url":"https:\/\/pubeurope.com\/@es\/115778488337580501","error":""},"_links":{"self":[{"href":"https:\/\/www.europesays.com\/es\/wp-json\/wp\/v2\/posts\/305927","targetHints":{"allow":["GET"]}}],"collection":[{"href":"https:\/\/www.europesays.com\/es\/wp-json\/wp\/v2\/posts"}],"about":[{"href":"https:\/\/www.europesays.com\/es\/wp-json\/wp\/v2\/types\/post"}],"author":[{"embeddable":true,"href":"https:\/\/www.europesays.com\/es\/wp-json\/wp\/v2\/users\/2"}],"replies":[{"embeddable":true,"href":"https:\/\/www.europesays.com\/es\/wp-json\/wp\/v2\/comments?post=305927"}],"version-history":[{"count":0,"href":"https:\/\/www.europesays.com\/es\/wp-json\/wp\/v2\/posts\/305927\/revisions"}],"wp:featuredmedia":[{"embeddable":true,"href":"https:\/\/www.europesays.com\/es\/wp-json\/wp\/v2\/media\/305928"}],"wp:attachment":[{"href":"https:\/\/www.europesays.com\/es\/wp-json\/wp\/v2\/media?parent=305927"}],"wp:term":[{"taxonomy":"category","embeddable":true,"href":"https:\/\/www.europesays.com\/es\/wp-json\/wp\/v2\/categories?post=305927"},{"taxonomy":"post_tag","embeddable":true,"href":"https:\/\/www.europesays.com\/es\/wp-json\/wp\/v2\/tags?post=305927"}],"curies":[{"name":"wp","href":"https:\/\/api.w.org\/{rel}","templated":true}]}}