{"id":305933,"date":"2025-12-25T05:20:24","date_gmt":"2025-12-25T05:20:24","guid":{"rendered":"https:\/\/www.europesays.com\/es\/305933\/"},"modified":"2025-12-25T05:20:24","modified_gmt":"2025-12-25T05:20:24","slug":"cristiano-ronaldo-y-georgina-se-regalan-por-navidad-dos-villas-de-lujo-en-el-mar-rojo","status":"publish","type":"post","link":"https:\/\/www.europesays.com\/es\/305933\/","title":{"rendered":"Cristiano Ronaldo y Georgina se regalan por Navidad dos villas de lujo en el Mar Rojo"},"content":{"rendered":"<p id=\"eEoI4Akg_6Z\" data-wc=\"96\">Los regalos navide\u00f1os ya han llegado a la casa de <strong>Cristiano Ronaldo y Georgina Rodr\u00edguez,<\/strong> aunque en su caso no caben debajo del \u00e1rbol ni tampoco los ha llevado Pap\u00e1 Noel en su trineo desde el Polo Norte. El jugador del Al-Nassr y la modelo han ampliado su cartera inmobiliaria con dos propiedades que refuerzan sus lazos con Arabia Saudita, pa\u00eds en el que<a class=\"hm-link ho-link\" href=\"https:\/\/www.hola.com\/actualidad\/20230103223998\/cristiano-ronaldo-presentacion-club-al-nassr\/\" data-mrf-recirculation=\"article-body-link\" rel=\"nofollow noopener\" target=\"_blank\"> se instalaron hace ahora tres a\u00f1os<\/a>. La pareja, que cuenta los meses para casarse,<strong>\u00a0ha adquirido a orillas del Mar Rojo dos exclusivas villas de las que te contamos todos los detalles. \u00a0<\/strong><\/p>\n<p> <img src=\"https:\/\/www.europesays.com\/es\/wp-content\/uploads\/2025\/12\/dfc188d1a621-from-guest-to-homeowner-football-icon-cristiano-ronaldo-has-chosen-nujuma-a-ri.jpg\"   width=\"819\" height=\"1024\" loading=\"lazy\" decoding=\"async\" alt=\"Cristiano Ronaldo y Georgina Rodr\u00edguez en su nueva casa del Mar Rojo\" fetchpriority=\"auto\" class=\"image ho-image\"\/>\u00a9 redseaglobal<\/p>\n<p id=\"e9JWwc7guz\" data-wc=\"86\">\u00abEl Mar Rojo es un lugar verdaderamente extraordinario. Desde nuestra primera visita, Georgina y yo sentimos una conexi\u00f3n con la isla y su belleza natural; <strong>es un lugar donde nos sentimos en paz<\/strong>. Ahora que tenemos un hogar aqu\u00ed, podemos disfrutar de tiempo de calidad con la familia en total privacidad y serenidad cuando queramos\u00bb, ha asegurado el ganador de cinco Balones de Oro, que ha elegido junto a su prometida dos exclusivas viviendas <strong>\u00a0inspiradas en la tradici\u00f3n \u00e1rabe de reunirse en casa para compartir historias.<\/strong><\/p>\n<p> <img src=\"https:\/\/www.europesays.com\/es\/wp-content\/uploads\/2025\/12\/3493bf971bbd-from-guest-to-homeowner-football-icon-cristiano-ronaldo-has-chosen-nujuma-a-ri.jpg\"   width=\"819\" height=\"1024\" loading=\"lazy\" decoding=\"async\" alt=\"La casa de Cristiano y Georgina en el Mar Rojo\" fetchpriority=\"auto\" class=\"image ho-image\"\/>\u00a9 redseaglobal<\/p>\n<p id=\"eJoXpXNG_6g\" data-wc=\"84\">Cris y Gio se han convertido en propietarios de Nujuma, a Ritz-Carlton Reserve Residence, un destino pionero de turismo regenerativo. Las viviendas \u00a0forman parte de la colecci\u00f3n de residencias de ultralujo de The Red Sea Residences, uno de los refugios isle\u00f1os m\u00e1s exclusivos del mundo. \u00a0<strong>Se trata de una urbanizaci\u00f3n con 19 villas privadas construidas sobre arena blanca, a 26 kil\u00f3metros del continente, y rodeadas de aguas cristalinas,<\/strong> en un entorno natural virgen. Solo es posible acceder a ellas en barco fletado o hidroavi\u00f3n.<\/p>\n<p> <img src=\"https:\/\/www.europesays.com\/es\/wp-content\/uploads\/2025\/12\/193b4a99c413-from-guest-to-homeowner-football-icon-cristiano-ronaldo-has-chosen-nujuma-a-ri.jpg\"   width=\"819\" height=\"1024\" loading=\"lazy\" decoding=\"async\" alt=\"La casa de Cristiano y Georgina en el Mar Rojo\" fetchpriority=\"auto\" class=\"image ho-image\"\/>\u00a9 redseaglobal<\/p>\n<p id=\"e4g3kvauTb\" data-wc=\"124\">Una de las villas consta de tres habitaciones, mientras que la otra tiene dos. Ambas disponen de piscinas privadas, vistas panor\u00e1micas, acceso directo al mar y telescopios en cada cubierta para ver los impresionantes cielos estrellados, una de las se\u00f1as de identidad de la zona. Forman parte de la isla privada de Ummahat, una de las m\u00e1s apartadas y protegidas del mundo, rodeada de arrecifes. Es un para\u00edso para los amantes del buceo y el esn\u00f3rquel, ya que se pueden ver delfines, tortugas marinas, rayas y el pez napole\u00f3n. <strong>El dise\u00f1o lo firma Foster and Partners, estudio de arquitectura fundado por Norman Foster que se ha inspirado en las conchas para hacer las estructuras, mientras que en los interiores se han usado materiales naturales. <\/strong><\/p>\n<p> <img src=\"https:\/\/www.europesays.com\/es\/wp-content\/uploads\/2025\/12\/cfc83895c953-from-guest-to-homeowner-football-icon-cristiano-ronaldo-has-chosen-nujuma-a-ri.jpg\"   width=\"819\" height=\"1024\" loading=\"lazy\" decoding=\"async\" alt=\"El para\u00edso de Cristiano y Georgina en el Mar Rojo\" fetchpriority=\"auto\" class=\"image ho-image\"\/>\u00a9 redseaglobal<\/p>\n<p id=\"eoGyMinVbJ1\" data-wc=\"147\">Se mueven entre citas astron\u00f3micas y en lugares al alcance de muy pocos, pero a la vez son capaces de mantener los pies en la tierra, especialmente cuando se trata de educar a sus hijos. Cristiano y Georgina han llegado a lo m\u00e1s alto y tienen todo a su alcance, pero siempre tienen presentes sus or\u00edgenes humildes porque saben igual de bien lo que es no tener nada. Quieren que Cris Jr, Eva, Mateo, Alana Martina y Bella Esmeralda tengan en cuenta que los privilegios con los que est\u00e1n creciendo no son un regalo ni un golpe de suerte, sino el resultado de mucho esfuerzo por parte de sus padres.<strong> \u00abSon educados, responsables y trabajan mucho en el colegio y en sus actividades; sobre todo, perseveran en sus sue\u00f1os. <\/strong>Les recordamos la importancia de ser luchadores y, especialmente, buenas personas\u00bb, contaba en ELLE la modelo y empresaria.<\/p>\n<p>Lo que se sabe de su esperad\u00edsima boda<\/p>\n<p id=\"eVQR8ohacI\" data-wc=\"102\">Formar una familia numerosa es el sue\u00f1o cumplido de Cristiano y Georgina, que se preparan para otro momento emocionante de su historia de amor: su boda. \u00a0<strong>Diez a\u00f1os despu\u00e9s de cruzarse en la tienda en la que ella trabajaba como dependienta, van a pronunciar el \u00abs\u00ed, quiero\u00bb<\/strong>. Fue el pasado verano cuando el jugador pidi\u00f3 matrimonio al amor de su vida con<a class=\"hm-link ho-link\" href=\"https:\/\/www.hola.com\/us-es\/celebrities\/20251218873771\/georgina-rodriguez-quedo-en-shock-anillo-compromiso-cristiano-ronaldo\/\" data-mrf-recirculation=\"article-body-link\" rel=\"nofollow noopener\" target=\"_blank\"> un anillo tan impresionante que sorprendi\u00f3 a la propia modelo<\/a>: \u00abTard\u00e9 mucho en asimilar la tremenda piedra que me regal\u00f3\u00bb. Se sabe que ser\u00e1 una celebraci\u00f3n \u00edntima porque ellos mismos lo han confirmado, pero han preferido no adelantar m\u00e1s detalles.<\/p>\n<p id=\"e8RwjX4ZqE\" data-wc=\"79\">La prensa portuguesa sostiene que la pareja<a class=\"hm-link ho-link\" href=\"https:\/\/www.hola.com\/actualidad\/20251125869379\/los-primeros-detalles-de-la-esperada-boda-entre-cristiano-y-georgina\/\" data-mrf-recirculation=\"article-body-link\" rel=\"nofollow noopener\" target=\"_blank\"> tiene pensado casarse despu\u00e9s del Mundial de 2026<\/a>, que se llevar\u00e1 a cabo entre el 11 de junio al 19 de julio en \u00a0M\u00e9xico, Estados Unidos y Canad\u00e1. <strong>El lugar escogido habr\u00eda escogido Madeira, la tierra natal del futbolista.<\/strong> Al parecer, barajan como escenario la catedral de Funchal, puesto que ambos tienen profundas creencias religiosas, y para el posterior convite y fiesta se desplazar\u00edan a un hotel de lujo de la zona<strong>.<\/strong><\/p>\n","protected":false},"excerpt":{"rendered":"Los regalos navide\u00f1os ya han llegado a la casa de Cristiano Ronaldo y Georgina Rodr\u00edguez, aunque en su&hellip;\n","protected":false},"author":2,"featured_media":305934,"comment_status":"","ping_status":"","sticky":false,"template":"","format":"standard","meta":{"footnotes":""},"categories":[174],"tags":[517,255,8432,146,147,25,24,256,5194,23],"class_list":{"0":"post-305933","1":"post","2":"type-post","3":"status-publish","4":"format-standard","5":"has-post-thumbnail","7":"category-famosos","8":"tag-actualidad","9":"tag-celebrities","10":"tag-cristiano-ronaldo","11":"tag-entertainment","12":"tag-entretenimiento","13":"tag-es","14":"tag-espana","15":"tag-famosos","16":"tag-georgina-rodriguez","17":"tag-spain"},"share_on_mastodon":{"url":"https:\/\/pubeurope.com\/@es\/115778528161902093","error":""},"_links":{"self":[{"href":"https:\/\/www.europesays.com\/es\/wp-json\/wp\/v2\/posts\/305933","targetHints":{"allow":["GET"]}}],"collection":[{"href":"https:\/\/www.europesays.com\/es\/wp-json\/wp\/v2\/posts"}],"about":[{"href":"https:\/\/www.europesays.com\/es\/wp-json\/wp\/v2\/types\/post"}],"author":[{"embeddable":true,"href":"https:\/\/www.europesays.com\/es\/wp-json\/wp\/v2\/users\/2"}],"replies":[{"embeddable":true,"href":"https:\/\/www.europesays.com\/es\/wp-json\/wp\/v2\/comments?post=305933"}],"version-history":[{"count":0,"href":"https:\/\/www.europesays.com\/es\/wp-json\/wp\/v2\/posts\/305933\/revisions"}],"wp:featuredmedia":[{"embeddable":true,"href":"https:\/\/www.europesays.com\/es\/wp-json\/wp\/v2\/media\/305934"}],"wp:attachment":[{"href":"https:\/\/www.europesays.com\/es\/wp-json\/wp\/v2\/media?parent=305933"}],"wp:term":[{"taxonomy":"category","embeddable":true,"href":"https:\/\/www.europesays.com\/es\/wp-json\/wp\/v2\/categories?post=305933"},{"taxonomy":"post_tag","embeddable":true,"href":"https:\/\/www.europesays.com\/es\/wp-json\/wp\/v2\/tags?post=305933"}],"curies":[{"name":"wp","href":"https:\/\/api.w.org\/{rel}","templated":true}]}}