{"id":305935,"date":"2025-12-25T05:23:21","date_gmt":"2025-12-25T05:23:21","guid":{"rendered":"https:\/\/www.europesays.com\/es\/305935\/"},"modified":"2025-12-25T05:23:21","modified_gmt":"2025-12-25T05:23:21","slug":"bienvenidos-a-derry-tuvo-un-episodio-piloto-muy-diferente-que-echaba-a-perder-uno-de-los-mayores-atractivos-de-la-serie","status":"publish","type":"post","link":"https:\/\/www.europesays.com\/es\/305935\/","title":{"rendered":"Bienvenidos a Derry tuvo un episodio piloto muy diferente que echaba a perder uno de los mayores atractivos de la serie"},"content":{"rendered":"<p class=\"c-paragraph\">Ya tenemos disponible en el cat\u00e1logo de\u00a0<a href=\"https:\/\/www.hobbyconsolas.com\/reportajes\/hbo-max-espana-planes-precio-compartir-cuenta-catalogo-1160429\" title=\"HBO Max Espa\u00f1a: planes, precio, compartir cuenta, cat\u00e1logo y m\u00e1s\" rel=\"nofollow noopener\" target=\"_blank\">HBO Max<\/a>\u00a0la temporada 1 al completo de <a href=\"https:\/\/www.hobbyconsolas.com\/hobbycine\/critica-it-bienvenidos-derry-un-paseo-perturbador-por-las-cloacas-ciudad_6883497_0.html\" title=\"Cr\u00edtica de It: Bienvenidos a Derry - Un paseo perturbador por las cloacas de la ciudad\" rel=\"nofollow noopener\" target=\"_blank\">It: Bienvenidos a Derry<\/a>, la nueva <b>serie<\/b> de televisi\u00f3n basada en la novela de\u00a0<a href=\"https:\/\/www.hobbyconsolas.com\/reportajes\/stephen-king-biografia-mejores-libros-recomendaciones-rey-terror-1156017\" title=\"Stephen King: biograf\u00eda, mejores libros y recomendaciones del Rey del Terror\" rel=\"nofollow noopener\" target=\"_blank\">Stephen King<\/a>\u00a0que expande su historia a trav\u00e9s de una precuela.<\/p>\n<p class=\"c-paragraph\">As\u00ed, su trama nos lleva al Derry de 1962, es decir, 27 a\u00f1os antes de que el Club de los Perdedores se enfrentara por primera vez a\u00a0<b><b>Pennywise<\/b><\/b>.<\/p>\n<p class=\"c-paragraph\">Varios de los habitantes del pueblo se ven envueltos en mayor o menor medida en la ola de muertes que deja a su paso la criatura que adopta m\u00faltiples formas, entre ellos <b>un grupo de j\u00f3venes que anda en busca de su amigo desaparecido<\/b>.<\/p>\n<p class=\"c-paragraph\">La serie no se and\u00f3 con chiquitas a la hora de mostrar las atrocidades de la entidad cambia formas, algo que se apreci\u00f3 con creces en su primer episodio.<\/p>\n<p class=\"c-paragraph\">Sin embargo, el impactante final del cap\u00edtulo iba a haber sido muy diferente de haberse lanzado el episodio piloto que hab\u00edan concebido originalmente. \u00a1Atenci\u00f3n, a partir de este punto habr\u00e1 <b>SPOILERS de It: Bienvenidos a Derry<\/b>, as\u00ed que si todav\u00eda no has visto la serie, te aconsejamos que no sigas leyendo!<\/p>\n<p>Ninguno de los ni\u00f1os iba a morir en el episodio piloto original de It: Bienvenidos a Derry<\/p>\n<p class=\"c-paragraph\">El final del primer episodio dio un giro bastante inesperado al ver c\u00f3mo Teddy, Phil y su hermana son asesinados por\u00a0<a href=\"https:\/\/www.hobbyconsolas.com\/hobbycine\/hbo-demuestra-por-que-pennywise-it-bienvenidos-derry-es-mucho-mejor-que-vecna-stranger-things_6904234_0.html\" title=\"HBO demuestra por qu\u00e9 Pennywise de It: bienvenidos a Derry es mucho mejor que Vecna de Stranger Things\" rel=\"nofollow noopener\" target=\"_blank\">Pennywise<\/a>\u00a0en el cine, matando de un plumazo a la mayor parte del grupo de ni\u00f1os protagonistas.<\/p>\n<p class=\"c-paragraph\">Pero esto no iba a ser as\u00ed originalmente, ya que, en el primer episodio piloto que realizaron Andy y Barbara Muschietti junto a Jason Fuchs y Brad Caleb Kane, <b>todos los ni\u00f1os terminaban sobreviviendo al ataque<\/b>.<\/p>\n<p class=\"c-paragraph\">\u00abB\u00e1sicamente, hab\u00eda un piloto para el que Andy, Barbara y Jason escribieron la historia. Ese fue b\u00e1sicamente el piloto que ven ahora, solo que todos esos ni\u00f1os sobrevivieron.<\/p>\n<p class=\"c-paragraph\">Y mi contribuci\u00f3n creativa, mi sugerencia a todos fue \u2014y esto podr\u00eda haberse descartado de inmediato porque es una idea loca\u2014 <b>\u00bfqu\u00e9 tal si los mat\u00e1bamos a todos? \u00bfQu\u00e9 tal si mat\u00e1bamos al 75% para demostrar que nadie est\u00e1 a salvo?<\/b>\u00ab, coment\u00f3 el coshowrunner Brad Caleb Kane (v\u00eda <a href=\"https:\/\/www.cbr.com\/it-welcome-to-derry-different-pilot\/\" rel=\"nofollow noreferrer noopener\" title=\"CBR\" target=\"_blank\">CBR<\/a>).<\/p>\n<p class=\"c-paragraph\">Desde luego su idea fue de lo m\u00e1s acertada ya que, de haber conservado el piloto original, habr\u00eda echado por tierra uno de los mayores atractivos de It: Bienvenidos a Derry. \u00bfQu\u00e9 te pareci\u00f3 el tono adoptado por la\u00a0<a href=\"https:\/\/www.hobbyconsolas.com\/listas\/8-grandes-series-multiples-adaptaciones-internacionales-1409784\" title=\"8 grandes series con una o m\u00faltiples adaptaciones internacionales\" rel=\"nofollow noopener\" target=\"_blank\">serie<\/a>?<\/p>\n","protected":false},"excerpt":{"rendered":"Ya tenemos disponible en el cat\u00e1logo de\u00a0HBO Max\u00a0la temporada 1 al completo de It: Bienvenidos a Derry, la&hellip;\n","protected":false},"author":2,"featured_media":305936,"comment_status":"","ping_status":"","sticky":false,"template":"","format":"standard","meta":{"footnotes":""},"categories":[171],"tags":[43245,67773,146,147,25,24,22802,23,15177,214,16743],"class_list":{"0":"post-305935","1":"post","2":"type-post","3":"status-publish","4":"format-standard","5":"has-post-thumbnail","7":"category-tv","8":"tag-bienvenidos","9":"tag-derry","10":"tag-entertainment","11":"tag-entretenimiento","12":"tag-es","13":"tag-espana","14":"tag-it","15":"tag-spain","16":"tag-tuvo","17":"tag-tv","18":"tag-un"},"share_on_mastodon":{"url":"https:\/\/pubeurope.com\/@es\/115778539133711159","error":""},"_links":{"self":[{"href":"https:\/\/www.europesays.com\/es\/wp-json\/wp\/v2\/posts\/305935","targetHints":{"allow":["GET"]}}],"collection":[{"href":"https:\/\/www.europesays.com\/es\/wp-json\/wp\/v2\/posts"}],"about":[{"href":"https:\/\/www.europesays.com\/es\/wp-json\/wp\/v2\/types\/post"}],"author":[{"embeddable":true,"href":"https:\/\/www.europesays.com\/es\/wp-json\/wp\/v2\/users\/2"}],"replies":[{"embeddable":true,"href":"https:\/\/www.europesays.com\/es\/wp-json\/wp\/v2\/comments?post=305935"}],"version-history":[{"count":0,"href":"https:\/\/www.europesays.com\/es\/wp-json\/wp\/v2\/posts\/305935\/revisions"}],"wp:featuredmedia":[{"embeddable":true,"href":"https:\/\/www.europesays.com\/es\/wp-json\/wp\/v2\/media\/305936"}],"wp:attachment":[{"href":"https:\/\/www.europesays.com\/es\/wp-json\/wp\/v2\/media?parent=305935"}],"wp:term":[{"taxonomy":"category","embeddable":true,"href":"https:\/\/www.europesays.com\/es\/wp-json\/wp\/v2\/categories?post=305935"},{"taxonomy":"post_tag","embeddable":true,"href":"https:\/\/www.europesays.com\/es\/wp-json\/wp\/v2\/tags?post=305935"}],"curies":[{"name":"wp","href":"https:\/\/api.w.org\/{rel}","templated":true}]}}