{"id":305943,"date":"2025-12-25T05:27:10","date_gmt":"2025-12-25T05:27:10","guid":{"rendered":"https:\/\/www.europesays.com\/es\/305943\/"},"modified":"2025-12-25T05:27:10","modified_gmt":"2025-12-25T05:27:10","slug":"asi-funcionara-la-prescripcion-diferida-en-los-centros-de-salud-de-mallorca","status":"publish","type":"post","link":"https:\/\/www.europesays.com\/es\/305943\/","title":{"rendered":"as\u00ed funcionar\u00e1 la prescripci\u00f3n diferida en los centros de salud de Mallorca"},"content":{"rendered":"<p class=\"ft-text ft-helper-closenews\">La <strong>Gerencia de Atenci\u00f3n Primaria de Mallorca<\/strong> aplicar\u00e1 a partir de <strong>2026<\/strong> dos nuevas estrategias dentro de su <strong>Programa de Optimizaci\u00f3n de Uso de <\/strong><a class=\"ft-link ft-link--decoration\" href=\"https:\/\/www.diariodemallorca.es\/mallorca\/2025\/12\/01\/farmacias-baleares-advierten-problemas-suministro-124214483.html\" rel=\"nofollow noopener\" target=\"_blank\"><strong>Antibi\u00f3ticos<\/strong><\/a> (PROA) para reducir la prescripci\u00f3n innecesaria de estos medicamentos en los <a class=\"ft-link ft-link--decoration\" href=\"https:\/\/www.diariodemallorca.es\/part-forana\/2025\/12\/14\/quirofano-centros-salud-mallorca-vencen-124731074.html\" rel=\"nofollow noopener\" target=\"_blank\">centros de salud<\/a>: la prescripci\u00f3n diferida y talleres de concienciaci\u00f3n ciudadana. As\u00ed lo explica en una entrevista a este diario la m\u00e9dica<strong> Aina Soler<\/strong>, especialista en Farmacolog\u00eda Cl\u00ednica y jefa de la unidad de investigaci\u00f3n de dicha gerencia.<\/p>\n<p class=\"ft-text\">La primera iniciativa, la prescripci\u00f3n diferida, se aplicar\u00e1 en todos los centros de salud para determinadas patolog\u00edas como algunos tipos de sinusitis, otitis e infecciones leves del sistema respiratorio. \u00abEl m\u00e9dico prescribe el antibi\u00f3tico, pero indica al paciente que solo lo tome si los s\u00edntomas empeoran al cabo de unos d\u00edas\u00bb, dice Soler.<\/p>\n<p class=\"ft-text\">Explica que esta pr\u00e1ctica, respaldada por evidencia cient\u00edfica, reduce el consumo de antibi\u00f3ticos sin que el paciente empeore o sufra m\u00e1s complicaciones. La segunda estrategia pasa por organizar talleres en centros de salud dirigidos a la poblaci\u00f3n. <strong>\u00abInvolucrar a la ciudadan\u00eda implica mejor autonom\u00eda del paciente\u00bb<\/strong>, destaca la especialista.<\/p>\n<p class=\"ft-text\">El objetivo es concienciar sobre el uso prudente de los antibi\u00f3ticos, su impacto en las resistencias bacterianas y advertir sobre los riesgos de reutilizar tratamientos de procesos anteriores. El equipo PROA de Atenci\u00f3n Primaria de Mallorca comenz\u00f3 su trabajo en la gerencia en 2022. Seg\u00fan Soler, ya se han observado mejoras, como una elecci\u00f3n m\u00e1s adecuada y una duraci\u00f3n m\u00e1s correcta del tratamiento en afecciones como faringitis y amigdalitis.<\/p>\n<p class=\"ft-text\">Tambi\u00e9n destaca el incremento de pruebas diagn\u00f3sticas r\u00e1pidas, como analizadores de PCR a nivel capilar, <strong>que permiten diferenciar r\u00e1pidamente si una infecci\u00f3n es v\u00edrica o bacteriana<\/strong>, evitando prescripciones innecesarias. La doctora reconoce que existen \u00abpacientes que son muy demandantes de antibi\u00f3ticos\u00bb, pero comenta que, <strong>cuando se les explica por qu\u00e9 no se recetan tan r\u00e1pidamente, la decisi\u00f3n suele ser bien aceptada. <\/strong><\/p>\n<p>Procesos leves<\/p>\n<p class=\"ft-text\">Soler indica, en todo caso, que la prescripci\u00f3n diferida se plantea para procesos leves, en ning\u00fan caso para pacientes en estado grave o que presentan m\u00faltiples patolog\u00edas.<strong> Soler anuncia que el equipo PROA de Mallorca solicitar\u00e1 este a\u00f1o la certificaci\u00f3n avanzada de la Agencia Espa\u00f1ola del Medicamento<\/strong>, un sello de calidad y reconocimiento a la labor de los equipos que trabajan en la optimizaci\u00f3n del uso de antimicrobianos.<\/p>\n<p class=\"ft-text\">Los expertos en salud p\u00fablica coinciden en alertar de que el desarrollo de bacterias resistentes a estos medicamentos amenaza la salud p\u00fablica. S\u00f3lo en Europa, se calcula que <strong>las bacterias multirresistentes causan 33.000 muertes al a\u00f1o. <\/strong><\/p>\n<p class=\"ft-text\">En este contexto, el gabinete t\u00e9cnico de <a class=\"ft-link ft-link--decoration\" href=\"https:\/\/www.diariodemallorca.es\/mallorca\/2025\/09\/07\/resistencia-antibioticos-mata-infeccion-baleares-121308107.html\" rel=\"nofollow noopener\" target=\"_blank\">Atenci\u00f3n Primaria de Mallorca ya lanz\u00f3 en diciembre de 2024 un macroensayo cl\u00ednico con pocos precedentes en la isla<\/a>. El plan se hace en todos los centros de salud y unidades b\u00e1sicas y consiste en trabajar conjuntamente con los m\u00e9dicos de familia para reducir la prescripci\u00f3n inadecuada de medicamentos como los antibi\u00f3ticos.<\/p>\n<p class=\"ft-text\">El ensayo se dividi\u00f3 en dos partes. Por un lado, se busca disminuir la prescripci\u00f3n de antibi\u00f3ticos a la poblaci\u00f3n en general, de acuerdo a los par\u00e1metros que marca el Plan Nacional de Resistencia a los Antibi\u00f3ticos (PRAN).<\/p>\n<p class=\"ft-text\">Por otro lado, centr\u00e1ndose en el colectivo de pacientes mayores de 65 a\u00f1os, el objetivo consist\u00eda en reducir la medicaci\u00f3n potencialmente inapropiada de benzodiacepinas; inhibidores de la bomba de protones (conocido como omeprazol) y de antipsic\u00f3ticos en pacientes diagnosticados de demencia.<\/p>\n<p>\u00abUso incorrecto\u00bb <\/p>\n<p class=\"ft-text\">\u00ab<strong>Como consecuencia del uso incorrecto, los antibi\u00f3ticos est\u00e1n perdiendo eficacia a un ritmo que era impensable hace tan s\u00f3lo cinco a\u00f1os<\/strong>. Si seguimos consumiendo antibi\u00f3ticos al ritmo actual, Europa podr\u00eda sufrir un retroceso a la era anterior a los antibi\u00f3ticos, cuando una infecci\u00f3n bacteriana corriente, como una neumon\u00eda, pod\u00eda suponer una sentencia de muerte\u00bb, puede leerse en el PRAN.<\/p>\n<p data-close=\"closedContent\" class=\"subscribeHideForDisplay\">Suscr\u00edbete para seguir leyendo<\/p>\n","protected":false},"excerpt":{"rendered":"La Gerencia de Atenci\u00f3n Primaria de Mallorca aplicar\u00e1 a partir de 2026 dos nuevas estrategias dentro de su&hellip;\n","protected":false},"author":2,"featured_media":305944,"comment_status":"","ping_status":"","sticky":false,"template":"","format":"standard","meta":{"footnotes":""},"categories":[92],"tags":[3417,2215,31365,18733,72366,25,24,18300,72365,165,2457,1817,8788,166,23],"class_list":{"0":"post-305943","1":"post","2":"type-post","3":"status-publish","4":"format-standard","5":"has-post-thumbnail","7":"category-salud","8":"tag-antibiotico","9":"tag-antibioticos","10":"tag-atencion-primaria","11":"tag-centros-de-salud","12":"tag-diferida","13":"tag-es","14":"tag-espana","15":"tag-esperar","16":"tag-funcionara","17":"tag-health","18":"tag-mallorca","19":"tag-pacientes","20":"tag-prescripcion","21":"tag-salud","22":"tag-spain"},"share_on_mastodon":{"url":"https:\/\/pubeurope.com\/@es\/115778554608253762","error":""},"_links":{"self":[{"href":"https:\/\/www.europesays.com\/es\/wp-json\/wp\/v2\/posts\/305943","targetHints":{"allow":["GET"]}}],"collection":[{"href":"https:\/\/www.europesays.com\/es\/wp-json\/wp\/v2\/posts"}],"about":[{"href":"https:\/\/www.europesays.com\/es\/wp-json\/wp\/v2\/types\/post"}],"author":[{"embeddable":true,"href":"https:\/\/www.europesays.com\/es\/wp-json\/wp\/v2\/users\/2"}],"replies":[{"embeddable":true,"href":"https:\/\/www.europesays.com\/es\/wp-json\/wp\/v2\/comments?post=305943"}],"version-history":[{"count":0,"href":"https:\/\/www.europesays.com\/es\/wp-json\/wp\/v2\/posts\/305943\/revisions"}],"wp:featuredmedia":[{"embeddable":true,"href":"https:\/\/www.europesays.com\/es\/wp-json\/wp\/v2\/media\/305944"}],"wp:attachment":[{"href":"https:\/\/www.europesays.com\/es\/wp-json\/wp\/v2\/media?parent=305943"}],"wp:term":[{"taxonomy":"category","embeddable":true,"href":"https:\/\/www.europesays.com\/es\/wp-json\/wp\/v2\/categories?post=305943"},{"taxonomy":"post_tag","embeddable":true,"href":"https:\/\/www.europesays.com\/es\/wp-json\/wp\/v2\/tags?post=305943"}],"curies":[{"name":"wp","href":"https:\/\/api.w.org\/{rel}","templated":true}]}}