{"id":305951,"date":"2025-12-25T05:32:09","date_gmt":"2025-12-25T05:32:09","guid":{"rendered":"https:\/\/www.europesays.com\/es\/305951\/"},"modified":"2025-12-25T05:32:09","modified_gmt":"2025-12-25T05:32:09","slug":"belen-vuelve-a-celebrar-la-navidad-con-alegria-dw-25-12-2025","status":"publish","type":"post","link":"https:\/\/www.europesays.com\/es\/305951\/","title":{"rendered":"Bel\u00e9n vuelve a celebrar la Navidad con alegr\u00eda \u2013 DW \u2013 25\/12\/2025"},"content":{"rendered":"<p>Bel\u00e9n volvi\u00f3 a tener este mi\u00e9rcoles (24.12.2025) una <a class=\"internal-link\" href=\"https:\/\/www.dw.com\/es\/navidad\/t-41620804\" rel=\"nofollow noopener\" target=\"_blank\">Navidad<\/a> festiva tras dos a\u00f1os ensombrecidos por la guerra en la <a class=\"internal-link\" href=\"https:\/\/www.dw.com\/es\/franja-de-gaza\/t-67111647\" rel=\"nofollow noopener\" target=\"_blank\">Franja de Gaza<\/a>.<\/p>\n<p>En la ciudad b\u00edblica donde naci\u00f3 Jesucristo, las celebraciones navide\u00f1as de los dos \u00faltimos a\u00f1os hab\u00edan estado opacadas por el devastador conflicto en Gaza, desencadenado por el ataque sin precedentes contra Israel del movimiento islamista palestino Ham\u00e1s el 7 de octubre de 2023.<\/p>\n<p>Pero el mi\u00e9rcoles las celebraciones volvieron con fuerza en esa ciudad de Cisjordania ocupada, mientras se mantiene una fr\u00e1gil tregua en la Franja, donde cientos de miles de habitantes afrontan el invierno y la lluvia en precarias carpas.<\/p>\n<p>Cientos de feligreses participaron en el desfile del grupo scout salesiano por la estrecha calle de la Estrella de Bel\u00e9n.<\/p>\n<p>\u00abSe siente que la Navidad lleg\u00f3 de verdad\u00bb, se alegr\u00f3 Milagros Anstas, de 17 a\u00f1os, con su uniforme azul y amarillo. \u00abEs un d\u00eda lleno de alegr\u00eda, porque antes no pod\u00edamos celebrar debido a la guerra\u00bb, declar\u00f3.<\/p>\n<p>Cristianos de todas las edades se dirigieron a la c\u00e9ntrica Plaza del Pesebre, donde espectadores se asomaban desde los balcones del edificio municipal para observar las celebraciones y escuchar los villancicos.<\/p>\n<p>Un imponente \u00e1rbol de Navidad, decorado con adornos rojos y dorados, brillaba junto a la Iglesia de la Natividad, bas\u00edlica que data del siglo IV y fue construida sobre una gruta donde los cristianos creen que Jes\u00fas naci\u00f3 hace m\u00e1s de 2.000 a\u00f1os.<\/p>\n<p>Bel\u00e9n hab\u00eda optado por reducir las celebraciones navide\u00f1as mientras la guerra asol\u00f3 Gaza, territorio costero palestino geogr\u00e1ficamente separado de Cisjordania por Israel.<\/p>\n<p>jc (afp, ap)<\/p>\n","protected":false},"excerpt":{"rendered":"Bel\u00e9n volvi\u00f3 a tener este mi\u00e9rcoles (24.12.2025) una Navidad festiva tras dos a\u00f1os ensombrecidos por la guerra en&hellip;\n","protected":false},"author":2,"featured_media":305952,"comment_status":"","ping_status":"","sticky":false,"template":"","format":"standard","meta":{"footnotes":""},"categories":[42],"tags":[17,18,13,14,11,61,62,63,64,19,20,9,10,15,16,12,21,22,65,66,67],"class_list":{"0":"post-305951","1":"post","2":"type-post","3":"status-publish","4":"format-standard","5":"has-post-thumbnail","7":"category-internacional","8":"tag-breaking-news","9":"tag-breakingnews","10":"tag-featured-news","11":"tag-featurednews","12":"tag-headlines","13":"tag-internacional","14":"tag-international","15":"tag-international-news","16":"tag-internationalnews","17":"tag-latest-news","18":"tag-latestnews","19":"tag-news","20":"tag-noticias","21":"tag-noticias-destacadas","22":"tag-noticiasdestacadas","23":"tag-titulares","24":"tag-ultimas-noticias","25":"tag-ultimasnoticias","26":"tag-world","27":"tag-world-news","28":"tag-worldnews"},"share_on_mastodon":{"url":"https:\/\/pubeurope.com\/@es\/115778574382802967","error":""},"_links":{"self":[{"href":"https:\/\/www.europesays.com\/es\/wp-json\/wp\/v2\/posts\/305951","targetHints":{"allow":["GET"]}}],"collection":[{"href":"https:\/\/www.europesays.com\/es\/wp-json\/wp\/v2\/posts"}],"about":[{"href":"https:\/\/www.europesays.com\/es\/wp-json\/wp\/v2\/types\/post"}],"author":[{"embeddable":true,"href":"https:\/\/www.europesays.com\/es\/wp-json\/wp\/v2\/users\/2"}],"replies":[{"embeddable":true,"href":"https:\/\/www.europesays.com\/es\/wp-json\/wp\/v2\/comments?post=305951"}],"version-history":[{"count":0,"href":"https:\/\/www.europesays.com\/es\/wp-json\/wp\/v2\/posts\/305951\/revisions"}],"wp:featuredmedia":[{"embeddable":true,"href":"https:\/\/www.europesays.com\/es\/wp-json\/wp\/v2\/media\/305952"}],"wp:attachment":[{"href":"https:\/\/www.europesays.com\/es\/wp-json\/wp\/v2\/media?parent=305951"}],"wp:term":[{"taxonomy":"category","embeddable":true,"href":"https:\/\/www.europesays.com\/es\/wp-json\/wp\/v2\/categories?post=305951"},{"taxonomy":"post_tag","embeddable":true,"href":"https:\/\/www.europesays.com\/es\/wp-json\/wp\/v2\/tags?post=305951"}],"curies":[{"name":"wp","href":"https:\/\/api.w.org\/{rel}","templated":true}]}}