{"id":305961,"date":"2025-12-25T05:44:17","date_gmt":"2025-12-25T05:44:17","guid":{"rendered":"https:\/\/www.europesays.com\/es\/305961\/"},"modified":"2025-12-25T05:44:17","modified_gmt":"2025-12-25T05:44:17","slug":"la-fiesta-de-despedida-que-estan-preparando-en-royal-lodge","status":"publish","type":"post","link":"https:\/\/www.europesays.com\/es\/305961\/","title":{"rendered":"la fiesta de despedida que est\u00e1n preparando en Royal Lodge"},"content":{"rendered":"<p id=\"eEAxMpn5gAm\" data-wc=\"121\">Este a\u00f1o no estar\u00e1n en las celebraciones de los Windsor, pero Andr\u00e9s Mountbatten-Windsor y Sarah Ferguson <strong>est\u00e1n preparando su propia fiesta navide\u00f1a<\/strong>. <a class=\"hm-link ho-link\" href=\"https:\/\/www.hola.com\/realeza\/casa_inglesa\/20251212872585\/andres-y-sarah-ferguson-reaparecen-en-el-bautizo-hija-beatriz-de-york\/\" data-mrf-recirculation=\"article-body-link\" rel=\"nofollow noopener\" target=\"_blank\">Tras ser despojados de todos sus t\u00edtulos<\/a>, el hermano del rey Carlos III y su exmujer tienen pensado reunirse con algunos de sus mejores amigos en Royal Lodge, la que ha sido su residencia durante muchos a\u00f1os. <strong>A pesar de los esc\u00e1ndalos y el momento tan delicado en el que se encuentran<\/strong> -especialmente por <a class=\"hm-link ho-link\" href=\"https:\/\/www.hola.com\/realeza\/casa_inglesa\/20251222874197\/principe-andres-mountbatten-windsor-foto-epstein-sandringham\/\" data-mrf-recirculation=\"article-body-link\" rel=\"nofollow noopener\" target=\"_blank\">la vinculaci\u00f3n de Andr\u00e9s con el caso de Jeffrey Epstein<\/a>-, han decidido seguir adelante con sus planes y hacer una fiesta de despedida que reunir\u00e1 a algunos de sus amigos m\u00e1s cercanos, aquellos que les han sido leales a lo largo de todo este tiempo.<\/p>\n<p> <img src=\"https:\/\/www.europesays.com\/es\/wp-content\/uploads\/2025\/12\/f8cf44bc45af-gettyimages-1157455192.jpg\"   width=\"941\" height=\"1024\" loading=\"lazy\" decoding=\"async\" alt=\"Sarah Ferguson y el expr\u00edncipe Andr\u00e9s\" fetchpriority=\"auto\" class=\"image ho-image\"\/>\u00a9 Getty Images<\/p>\n<p id=\"eQBXOeqmua8\" data-wc=\"60\">El bi\u00f3grafo real Andrew Lownie, autor de Entitled: El ascenso y la ca\u00edda de la Casa de York, considera que, a pesar de su ca\u00edda en desgracia, <strong>quieren aprovechar su \u00faltimo diciembre en Royal Lodge<\/strong> para organizar una \u00faltima fiesta y la lista de invitados estar\u00e1 llena de \u00abamigos que conocen desde hace mucho tiempo y que siguen con ellos\u00bb.\u00a0<\/p>\n<p id=\"e2b1NFdlwo9\" data-wc=\"81\">\u00abHabr\u00e1 alg\u00fan tipo de fiesta para sus amigos durante la Navidad. No estoy seguro de que la hayan llamado una fiesta de &#8216;despedida&#8217;, pero parece un \u00faltimo brindis\u00bb, ha dicho al peri\u00f3dico brit\u00e1nico Daily Mail una fuente de su entorno, que asegura que, a diferencia de otros a\u00f1os no habr\u00e1 fiesta para el personal de Royal Lodge \u00aba pesar de que muchos de ellos llevan a\u00f1os trabajando para Andr\u00e9s y Sarah\u00bb. \u00ab<strong>Definitivamente, se siente como el fin de una era<\/strong>\u00ab, a\u00f1ade.<\/p>\n<p> <img src=\"https:\/\/www.europesays.com\/es\/wp-content\/uploads\/2025\/12\/0c235999f03e-gettyimages-2235819225.jpg\"   width=\"722\" height=\"1024\" loading=\"lazy\" decoding=\"async\" alt=\"El pr\u00edncipe Andr\u00e9s y Sarah Ferguson, en el funeral de la Duquesa de Kent, en la Abad\u00eda de Westminster, el 16 de septiembre de 2025.\" fetchpriority=\"auto\" class=\"image ho-image\"\/>\u00a9 Getty Images<br \/>\n\u00bfQui\u00e9nes podr\u00edan acompa\u00f1arles?<\/p>\n<p id=\"eSa2zOO3KE\" data-wc=\"123\">Aunque no ha trascendido la lista oficial de los invitados, se sabe que en el c\u00edrculo social del exmatrimonio se encuentran destacadas personalidades. En los \u00faltimos a\u00f1os, Fergie se ha mostrado cercana a figuras como el arist\u00f3crata Mark Francis Vandelli e, incluso, celebridades como Elton John formaron parte de su c\u00edrculo de confianza. Uno de los nombres que suena con fuerza es el de <strong>Lady Victoria Hervey<\/strong>, exnovia y gran amiga de Andr\u00e9s, que ha sido una de sus defensoras, incluso en medio de las pol\u00e9micas derivadas de su vinculaci\u00f3n con Epstein. <strong>Charlie Butter<\/strong>, amigo de la infancia del hermano del rey Carlos III, o <strong>Shafira Huang<\/strong>, una socialit\u00e9 de Hong Kong, amiga de la exduquesa, tambi\u00e9n podr\u00edan acudir a este \u00faltimo brindis.<\/p>\n<p> <img src=\"https:\/\/www.europesays.com\/es\/wp-content\/uploads\/2025\/12\/78c374935b86-gettyimages-2157823703.jpg\"   width=\"682\" height=\"1024\" loading=\"lazy\" decoding=\"async\" alt=\"Lady Victoria Hervey \" fetchpriority=\"auto\" class=\"image ho-image\"\/>\u00a9 Getty ImagesLady Victoria Hervey <\/p>\n<p> <img src=\"https:\/\/www.europesays.com\/es\/wp-content\/uploads\/2025\/12\/ebabef3e1b89-gettyimages-2203512244.jpg\"   width=\"768\" height=\"1024\" loading=\"lazy\" decoding=\"async\" alt=\"Kate Moss\" fetchpriority=\"auto\" class=\"image ho-image\"\/>\u00a9 Getty ImagesKate Moss<\/p>\n<p> <img src=\"https:\/\/www.europesays.com\/es\/wp-content\/uploads\/2025\/12\/c562b1e85c3f-gettyimages-2241911722.jpg\"   width=\"700\" height=\"1024\" loading=\"lazy\" decoding=\"async\" alt=\"Naomi Campbell\" fetchpriority=\"auto\" class=\"image ho-image\"\/>\u00a9 Getty ImagesNaomi Campbell<\/p>\n<p id=\"eKx4VgnZSnJ\" data-wc=\"109\">Por otro lado, medios brit\u00e1nicos mencionan a <strong>Kate Moss<\/strong>, quien mantiene una relaci\u00f3n cercana con Sarah Ferguson aunque su v\u00ednculo podr\u00eda haberse visto afectado por los recientes esc\u00e1ndalos. <strong>Naomi Campbell<\/strong>, amiga leal de Sarah desde hace m\u00e1s de 20 a\u00f1os, tambi\u00e9n figurar\u00eda en la lista. Su relaci\u00f3n con la familia York ha sido s\u00f3lida, y la modelo ha compartido momentos con <a class=\"hm-link ho-link\" href=\"https:\/\/www.hola.com\/realeza\/casa_inglesa\/20251108866466\/las-princesas-eugenia-y-beatriz-mas-unidas-que-nunca-momento-mas-delicado-de-su-padre\/\" data-mrf-recirculation=\"article-body-link\" rel=\"nofollow noopener\" target=\"_blank\">las princesas Beatriz y Eugenia<\/a> en diversas ocasiones. La cantante <strong>Ellie Goulding<\/strong>, quien entabl\u00f3 una amistad con Sarah a trav\u00e9s de su hija Eugenia, podr\u00eda ser otra de las invitadas, aunque la situaci\u00f3n actual de los duques de York podr\u00eda generar dudas sobre la continuidad de esta amistad.<\/p>\n","protected":false},"excerpt":{"rendered":"Este a\u00f1o no estar\u00e1n en las celebraciones de los Windsor, pero Andr\u00e9s Mountbatten-Windsor y Sarah Ferguson est\u00e1n preparando&hellip;\n","protected":false},"author":2,"featured_media":305962,"comment_status":"","ping_status":"","sticky":false,"template":"","format":"standard","meta":{"footnotes":""},"categories":[174],"tags":[255,146,147,25,24,256,52087,1027,6856,12767,23],"class_list":{"0":"post-305961","1":"post","2":"type-post","3":"status-publish","4":"format-standard","5":"has-post-thumbnail","7":"category-famosos","8":"tag-celebrities","9":"tag-entertainment","10":"tag-entretenimiento","11":"tag-es","12":"tag-espana","13":"tag-famosos","14":"tag-principe-andres","15":"tag-realeza","16":"tag-realeza-inglesa","17":"tag-sarah-ferguson","18":"tag-spain"},"share_on_mastodon":{"url":"https:\/\/pubeurope.com\/@es\/115778622975098757","error":""},"_links":{"self":[{"href":"https:\/\/www.europesays.com\/es\/wp-json\/wp\/v2\/posts\/305961","targetHints":{"allow":["GET"]}}],"collection":[{"href":"https:\/\/www.europesays.com\/es\/wp-json\/wp\/v2\/posts"}],"about":[{"href":"https:\/\/www.europesays.com\/es\/wp-json\/wp\/v2\/types\/post"}],"author":[{"embeddable":true,"href":"https:\/\/www.europesays.com\/es\/wp-json\/wp\/v2\/users\/2"}],"replies":[{"embeddable":true,"href":"https:\/\/www.europesays.com\/es\/wp-json\/wp\/v2\/comments?post=305961"}],"version-history":[{"count":0,"href":"https:\/\/www.europesays.com\/es\/wp-json\/wp\/v2\/posts\/305961\/revisions"}],"wp:featuredmedia":[{"embeddable":true,"href":"https:\/\/www.europesays.com\/es\/wp-json\/wp\/v2\/media\/305962"}],"wp:attachment":[{"href":"https:\/\/www.europesays.com\/es\/wp-json\/wp\/v2\/media?parent=305961"}],"wp:term":[{"taxonomy":"category","embeddable":true,"href":"https:\/\/www.europesays.com\/es\/wp-json\/wp\/v2\/categories?post=305961"},{"taxonomy":"post_tag","embeddable":true,"href":"https:\/\/www.europesays.com\/es\/wp-json\/wp\/v2\/tags?post=305961"}],"curies":[{"name":"wp","href":"https:\/\/api.w.org\/{rel}","templated":true}]}}