{"id":305963,"date":"2025-12-25T05:45:19","date_gmt":"2025-12-25T05:45:19","guid":{"rendered":"https:\/\/www.europesays.com\/es\/305963\/"},"modified":"2025-12-25T05:45:19","modified_gmt":"2025-12-25T05:45:19","slug":"un-jardin-con-casa-no-una-casa-con-jardin-asi-es-la-premiada-vivienda-de-146-metros-cuadrados-que-se-camufla-con-la-vegetacion-icon-design","status":"publish","type":"post","link":"https:\/\/www.europesays.com\/es\/305963\/","title":{"rendered":"\u201cUn jard\u00edn con casa, no una casa con jard\u00edn\u201d: as\u00ed es la premiada vivienda de 146 metros cuadrados que se camufla con la vegetaci\u00f3n | ICON Design"},"content":{"rendered":"<p class=\"\">El <a href=\"https:\/\/elpais.com\/icon-design\/arquitectura\/\" rel=\"nofollow noopener\" target=\"_blank\">arquitecto<\/a> Bernat Llaurad\u00f3 no lo pod\u00eda creer. \u201cMe daban carta blanca, libertad absoluta\u201d, recuerda mientras relata la primera reuni\u00f3n que tuvo con unos clientes que buscaban un profesional que dise\u00f1ara su vivienda. No le dieron referencias, ni le pasaron im\u00e1genes, nombres o lista de materiales. Solo le dijeron que necesitaban tres habitaciones, dos ba\u00f1os y una sala de estar que ejerciera tambi\u00e9n de cocina. M\u00e1s all\u00e1, la \u00fanica pista que le ofrecieron era tan amplia que se convert\u00eda en reto: \u201cQuer\u00edan un jard\u00edn con casa, no una casa con jard\u00edn\u201d, relata Llaurad\u00f3. A partir de esos escasos elementos dibuj\u00f3 Casa Mariposa que, gracias a su cubierta en uve, pasa desapercibida entre una densa vegetaci\u00f3n que entra, sale y juguetea con los l\u00edmites del inmueble para cumplir con la premisa indicada. El proyecto obtuvo una menci\u00f3n de honor en <a href=\"https:\/\/www.premisarquitecturagirona.cat\/projecte\/a13_butterfly\/\" rel=\"nofollow noopener\" target=\"_blank\">los Premios de Arquitectura de Girona 2025<\/a>. <\/p>\n<p><img decoding=\"auto\" class=\"_re lazyload a_m-h\" height=\"311\"  width=\"414\"  src=\"https:\/\/www.europesays.com\/es\/wp-content\/uploads\/2025\/12\/NKRSOXWAZJDKTEPR7MCNRHLKYM.jpg\" loading=\"lazy\"\/>Madera, cer\u00e1mica y vidrio son los principales materiales de Casa Mariposa.<\/p>\n<p class=\"\">La situaci\u00f3n es de las m\u00e1s singulares a las que se ha enfrentado este profesional desde que fund\u00f3 su estudio en 2011 en Bordils (Girona) bajo el nombre de <a href=\"https:\/\/www.instagram.com\/_tallerdarquitectura_\/?hl=es\" rel=\"nofollow noopener\" target=\"_blank\">Taller de arquitectura<\/a>. En este tiempo se ha especializado en arquitectura rural, sobre todo casas particulares en su entorno, aunque tambi\u00e9n ha desarrollado proyectos urban\u00edsticos en el sur de Francia. Es un despacho peque\u00f1o desde el que dibuja, dise\u00f1a, atiende a sus clientes y coordina el equipo de colaboradores con los que trabaja en cada ocasi\u00f3n. Tambi\u00e9n es \u00e9l mismo quien se desplaz\u00f3 a ver la parcela para este trabajo, ubicada a las afueras del municipio de Vilopriu, en el <a href=\"https:\/\/elpais.com\/noticias\/comarca-baix-emporda\/\" rel=\"nofollow noopener\" target=\"_blank\">Baix Empord\u00e1<\/a>, con forma de proa de barco y unos mil metros cuadrados. <\/p>\n<p><img decoding=\"auto\" class=\"_re lazyload a_m-h\" height=\"311\"  width=\"414\"  src=\"https:\/\/www.europesays.com\/es\/wp-content\/uploads\/2025\/12\/IP4JMVPNGFETXD43LUT53PZYEE.jpg\" loading=\"lazy\"\/>Todos los espacios de Casa Mariposa tienen relaci\u00f3n con el jard\u00edn exterior gracias a grandes ventanales y puertas de vidrio.<\/p>\n<p class=\"\">Cuando fue a visitarla encontr\u00f3 que apenas ten\u00eda hierba y la vegetaci\u00f3n espont\u00e1nea era escasa. Todo el jard\u00edn estaba por hacer, as\u00ed que lo desarroll\u00f3 <a href=\"https:\/\/elpais.com\/noticias\/paisajismo\/\" rel=\"nofollow noopener\" target=\"_blank\">junto a la paisajista<\/a> M\u00f3nica Mart\u00ed en base a cinco elementos. Uno de ellos es un muro de piedra seca con mortero interior \u2014no se ve\u2014 similar a las construcciones hist\u00f3ricas del resto del pueblo. A ambos lados instal\u00f3 una malla cineg\u00e9tica en forma de zigzag entre las que se plantaron diversas especies mediterr\u00e1neas como lentisco o madro\u00f1o, <a href=\"https:\/\/elpais.com\/icon-design\/2025-09-30\/cabanificacion-como-la-gentrificacion-ha-llegado-a-las-cabanas-y-por-que-nos-obsesionan.html\" rel=\"nofollow noopener\" target=\"_blank\">que generan una capa vegetal tupida e irregular que busca reproducir el desarrollo de la vegetaci\u00f3n espont\u00e1nea de la zona<\/a>. Los especialistas tambi\u00e9n eligieron una serie de arbustos y \u00e1rboles \u2014magrano salvaje, arce, carpe, falso manzano\u2014 de baja demanda h\u00eddrica para crear un peque\u00f1o bosque al oeste de la vivienda. Despu\u00e9s, dibujaron una serie de jardineras que ayudan a diluir vol\u00famenes y donde crecen laurel, gaura, salvia, romero y otras plantas arom\u00e1ticas. Y, finalmente, dejaron una zona para que una capa vegetal creciera a su libre albedr\u00edo, aunque termin\u00f3 cubri\u00e9ndose de c\u00e9sped. Como toque final, que define como rom\u00e1ntico, cre\u00f3 un peque\u00f1o oasis subtropical <a href=\"https:\/\/elpais.com\/icon-design\/2025-07-26\/me-dijeron-que-nadie-queria-esta-casa-y-desperto-mi-curiosidad-como-un-terreno-irregular-y-sin-luz-se-convirtio-en-un-paraiso-en-mallorca.html\" rel=\"nofollow noopener\" target=\"_blank\">con especies ex\u00f3ticas que necesitan escaso riego<\/a> y aguantan bien las temperaturas bajo cero. Lo situ\u00f3 junto a la ventana del ba\u00f1o, a un nivel inferior al suelo. \u201cY as\u00ed genera la sensaci\u00f3n de que te est\u00e1s duchando en un vergel tropical\u201d, subraya Llaurad\u00f3.<\/p>\n<p><img decoding=\"auto\" class=\"_re lazyload a_m-h\" height=\"311\"  width=\"414\"  src=\"https:\/\/www.europesays.com\/es\/wp-content\/uploads\/2025\/12\/A4PLO53USBF2LEYOKBUGYYU4TY.jpg\" loading=\"lazy\"\/>La cubierta en uve hace que disminuya el volumen el inmueble se integre mejor en el entorno natural.<\/p>\n<p class=\"\">Tras el espacio verde, que ejerce de contenedor, lleg\u00f3 el turno de imaginar la casa, el contenido. <a href=\"https:\/\/elpais.com\/icon-design\/2025-10-09\/es-un-privilegio-la-representacion-del-lujo-del-espacio-como-el-patio-se-reinventa-para-sobrevivir-en-las-ciudades.html\" rel=\"nofollow noopener\" target=\"_blank\">La primera decisi\u00f3n fue plantear que tuviera solo una planta baja<\/a>, sin m\u00e1s alturas, para que la relaci\u00f3n con la vegetaci\u00f3n fuese m\u00e1s intensa. La segunda, experimentar con las relaciones entre el interior y el exterior con el objetivo de romper la frontera entre ambos espacios. La tercera, apostar por una cubierta en uve. \u201cEntiendo la arquitectura como algo que no impones en el entorno, sino que se integra y debe pasar desapercibida. La cubierta siempre aumenta el volumen, pero si la haces al rev\u00e9s es diferente: desaparece\u201d, cuenta Llaurad\u00f3, <a href=\"https:\/\/elpais.com\/icon-design\/2023-10-03\/por-que-el-legado-arquitectonico-moderno-se-ataca-mas-que-ningun-otro-especialmente-en-espana.html\" rel=\"nofollow noopener\" target=\"_blank\">seguidor de la Mid-century Architecture, movimiento de mediados del siglo pasado en Estados Unidos<\/a> que utiliz\u00f3 con frecuencia este tipo de tejado. \u00c9l mismo dise\u00f1\u00f3 uno para su casa, que sirvi\u00f3 de ejemplo para sus clientes y resolver dudas como qu\u00e9 ocurre con el agua de lluvia. \u201cSi se construye bien e impermeabilizas no hay problema alguno\u201d, subraya el arquitecto, que destaca que esta f\u00f3rmula, adem\u00e1s de fundirse con el entorno, ampl\u00eda los interiores. \u201cLos espacios se abren hacia afuera generando m\u00e1s volumen. Y, adem\u00e1s, permite tener alturas diferentes en las habitaciones y esa idea siempre me ha interesado\u201d, apunta. <\/p>\n<p><img decoding=\"auto\" class=\"_re lazyload a_m-h\" height=\"311\"  width=\"414\"  src=\"https:\/\/www.europesays.com\/es\/wp-content\/uploads\/2025\/12\/3DGH5YSKXNDKBHW2GFESOTOCFU.jpg\" loading=\"lazy\"\/>La vegetaci\u00f3n, que parece colarse en la vivienda, es la protagonistas de todas las vistas desde el interior.Cer\u00e1mica, madera y azulejos de Mas\u00f3<\/p>\n<p class=\"\">Casa Mariposa cuenta ahora con 146 metros cuadrados entre la zona privadas \u2014que queda a la derecha de la entrada, con dormitorio, ba\u00f1o y lavadero\u2014 y las p\u00fablicas, que incluyen un aseo para invitados, otra habitaci\u00f3n, una gran sala de estar con cocina, comedor y chimenea. Tambi\u00e9n hay espacios de transici\u00f3n de \u00e1ngulos redondeados y vistas al exterior \u2014y un banco a sus pies para sentarse y disfrutarlas\u2014 que permiten mantener la relaci\u00f3n con el jard\u00edn en todo momento, como los grandes ventanales que ocupan buena parte de los muros y las puertas, la mayor\u00eda de vidrio. \u201c<a href=\"https:\/\/elpais.com\/icon-design\/2024-08-10\/la-casa-de-jornaleros-que-ha-transformado-la-carrera-de-un-joven-arquitecto-malagueno.html\" rel=\"nofollow noopener\" target=\"_blank\">Me gusta crear rincones donde pasan cosas y que cada espacio tenga sus propias dimensiones<\/a>. La idea es que siempre haya conexiones entre el interior y el exterior y ning\u00fan recorrido sea mon\u00f3tono. Siempre que te vas moviendo hay puntos de vista diferentes a medida que crecen las plantas, cambia la luz o pasan las estaciones\u201d, apunta Llaurad\u00f3. \u201c<a href=\"https:\/\/elpais.com\/icon-design\/2025-07-12\/es-mas-barata-que-un-piso-y-estas-en-el-paraiso-asi-es-la-casa-que-se-parte-en-cuatro-en-plena-serrania-de-ronda.html\" rel=\"nofollow noopener\" target=\"_blank\">As\u00ed, una casa peque\u00f1a se hace grande<\/a>\u201d, destaca. <\/p>\n<p><img decoding=\"auto\" class=\"_re lazyload a_m-v\" height=\"552\"  width=\"414\"  src=\"https:\/\/www.europesays.com\/es\/wp-content\/uploads\/2025\/12\/2T44G4ATOVCRDBWAWC56E2SJQQ.jpg\" loading=\"lazy\"\/>Para el arquitecto Bernat Llaurad\u00f3 la vegetaci\u00f3n que rodea la casa tambi\u00e9n es arquitectura.<\/p>\n<p class=\"\">En cuanto a los materiales, las paredes de la vivienda son cer\u00e1micas con aislamiento intermedio, donde tambi\u00e9n hay una peque\u00f1a c\u00e1mara de aire. \u201cQuedan m\u00e1s gruesas, pero tambi\u00e9n m\u00e1s bonitas y funcionan muy bien t\u00e9rmicamente\u201d, a\u00f1ade el arquitecto. En el exterior hay baldosas elaboradas a mano en la vieja <a href=\"https:\/\/www.llensa.biz\/\" rel=\"nofollow noopener\" target=\"_blank\">rajoler\u00eda Llensa<\/a>, del municipio de Cor\u00e7\u00e0 (Girona). En la parte interior, cuentan con un z\u00f3calo creado con los propios ladrillos, para continuar con el fuste y finalmente acabar con madera en la parte alta y, as\u00ed, unificar con la cubierta invertida, construida a partir de una la estructura prefabricada de vigas de abeto. Por fuera los muros son de ladrillo, material que tambi\u00e9n entra hacia dentro de la casa en lugares singulares como las escaleras o la chimenea. El suelo es de hormig\u00f3n pulido. Para el ba\u00f1o se eligieron azulejos rayados producidos por <a href=\"https:\/\/ceramicaferres.com\/\" rel=\"nofollow noopener\" target=\"_blank\">Cer\u00e1mica Ferres<\/a> en La Bisbal bajo dise\u00f1o de <a href=\"https:\/\/elpais.com\/diario\/2006\/10\/26\/quaderncat\/1161823517_850215.html\" rel=\"nofollow noopener\" target=\"_blank\">Rafael Mas\u00f3<\/a>. Y tambi\u00e9n hay diversos elementos de madera certificada de bosques regenerados. \u201cYo no quiero nada de pl\u00e1stico\u201d, subraya el profesional. <\/p>\n<p><img decoding=\"auto\" class=\"_re lazyload a_m-h\" height=\"311\"  width=\"414\"  src=\"https:\/\/www.europesays.com\/es\/wp-content\/uploads\/2025\/12\/ZKYDD2Z5LFHANNTTZZS36KJWDI.jpg\" loading=\"lazy\"\/>\u00c1rboles, arbustos, plantas arom\u00e1ticas y vegetaci\u00f3n espont\u00e1nea rodean la casa.<\/p>\n<p class=\"\">La climatizaci\u00f3n se consigue con <a href=\"https:\/\/elpais.com\/eps\/2025-11-11\/lucia-tahan-la-artista-que-anticipo-que-las-empresas-pueden-monetizar-nuestros-movimientos.html\" rel=\"nofollow noopener\" target=\"_blank\">elementos arquitect\u00f3nicos<\/a>, aislantes y la propia vegetaci\u00f3n. El peque\u00f1o bosque que hay al oeste, por ejemplo, deja pasar el sol en invierno para que caliente la vivienda, porque todas las especies son de hoja caduca. En verano, ocurre al contrario: <a href=\"https:\/\/elpais.com\/icon-design\/2024-05-07\/vivir-en-torno-al-porche-la-casa-malaguena-cuyo-diseno-busca-el-disfrute-de-sus-habitantes.html\" rel=\"nofollow noopener\" target=\"_blank\">las hojas ofrecen sombra, como tambi\u00e9n hacen las p\u00e9rgolas de ca\u00f1izo situadas en distintas partes del exterior<\/a>. Hay igualmente un sistema de aerotermia por suelo radiante, que tambi\u00e9n es refrigerante en la temporada estival. \u201c<a href=\"https:\/\/elpais.com\/icon-design\/2025-08-09\/un-refugio-climatico-en-barcelona-asi-es-la-casa-de-26000-ladrillos-que-evita-el-frio-y-el-calor-sin-ninguna-climatizacion.html\" rel=\"nofollow noopener\" target=\"_blank\">La calefacci\u00f3n se usa muy poco y, de momento, no tienen aire acondicionado<\/a>\u201d, explica el arquitecto quien, eso s\u00ed, cree que por muchos sistemas pasivos \u2014como la ventilaci\u00f3n cruzada\u2014 y naturales que se hayan dise\u00f1ado, en plena ola de calor igual s\u00ed hace falta alguna refrigeraci\u00f3n. \u201cAunque de momento ya ha pasado alg\u00fan verano y no lo han necesitado, viven bien\u201d, concluye. <\/p>\n<p><script async src=\"\/\/www.instagram.com\/embed.js\"><\/script><\/p>\n","protected":false},"excerpt":{"rendered":"El arquitecto Bernat Llaurad\u00f3 no lo pod\u00eda creer. \u201cMe daban carta blanca, libertad absoluta\u201d, recuerda mientras relata la&hellip;\n","protected":false},"author":2,"featured_media":305964,"comment_status":"","ping_status":"","sticky":false,"template":"","format":"standard","meta":{"footnotes":""},"categories":[173],"tags":[801,229,233,231,230,3738,232,234,3740,146,147,25,24,7181,1147,12234,29803,24509,23,3633],"class_list":{"0":"post-305963","1":"post","2":"type-post","3":"status-publish","4":"format-standard","5":"has-post-thumbnail","7":"category-arte-y-diseno","8":"tag-arquitectura","9":"tag-arte","10":"tag-arte-y-diseno","11":"tag-arts","12":"tag-arts-and-design","13":"tag-casas","14":"tag-design","15":"tag-diseno","16":"tag-diseno-arquitectura","17":"tag-entertainment","18":"tag-entretenimiento","19":"tag-es","20":"tag-espana","21":"tag-estilo-vida","22":"tag-girona","23":"tag-interiorismo","24":"tag-jardineria","25":"tag-paisajismo","26":"tag-spain","27":"tag-vivienda"},"share_on_mastodon":{"url":"https:\/\/pubeurope.com\/@es\/115778625563272683","error":""},"_links":{"self":[{"href":"https:\/\/www.europesays.com\/es\/wp-json\/wp\/v2\/posts\/305963","targetHints":{"allow":["GET"]}}],"collection":[{"href":"https:\/\/www.europesays.com\/es\/wp-json\/wp\/v2\/posts"}],"about":[{"href":"https:\/\/www.europesays.com\/es\/wp-json\/wp\/v2\/types\/post"}],"author":[{"embeddable":true,"href":"https:\/\/www.europesays.com\/es\/wp-json\/wp\/v2\/users\/2"}],"replies":[{"embeddable":true,"href":"https:\/\/www.europesays.com\/es\/wp-json\/wp\/v2\/comments?post=305963"}],"version-history":[{"count":0,"href":"https:\/\/www.europesays.com\/es\/wp-json\/wp\/v2\/posts\/305963\/revisions"}],"wp:featuredmedia":[{"embeddable":true,"href":"https:\/\/www.europesays.com\/es\/wp-json\/wp\/v2\/media\/305964"}],"wp:attachment":[{"href":"https:\/\/www.europesays.com\/es\/wp-json\/wp\/v2\/media?parent=305963"}],"wp:term":[{"taxonomy":"category","embeddable":true,"href":"https:\/\/www.europesays.com\/es\/wp-json\/wp\/v2\/categories?post=305963"},{"taxonomy":"post_tag","embeddable":true,"href":"https:\/\/www.europesays.com\/es\/wp-json\/wp\/v2\/tags?post=305963"}],"curies":[{"name":"wp","href":"https:\/\/api.w.org\/{rel}","templated":true}]}}