{"id":305965,"date":"2025-12-25T05:47:16","date_gmt":"2025-12-25T05:47:16","guid":{"rendered":"https:\/\/www.europesays.com\/es\/305965\/"},"modified":"2025-12-25T05:47:16","modified_gmt":"2025-12-25T05:47:16","slug":"que-el-hater-nos-pille-cantando","status":"publish","type":"post","link":"https:\/\/www.europesays.com\/es\/305965\/","title":{"rendered":"Que el hater nos pille cantando"},"content":{"rendered":"<p class=\"article-text\">\n        <strong>Lo de \u00c9vole<\/strong> ha aprovechado las fechas navide\u00f1as para lanzar la primera promo de su s\u00e9ptima temporada en<strong> laSexta<\/strong>. Lo hace 9 meses despu\u00e9s de que la anterior emitiera su \u00faltima entrega con la <a href=\"https:\/\/www.eldiario.es\/vertele\/noticias\/maria-leon-agradecio-evole-hablar-metoo-espanol-conto-version-hechos-noche-detuvieron_1_12177374.html\" target=\"_blank\" data-mrf-recirculation=\"links-noticia\" class=\"link\" rel=\"nofollow noopener\">entrevista a Mar\u00eda Le\u00f3n<\/a>. Y tras seis meses del<a href=\"https:\/\/www.eldiario.es\/vertele\/noticias\/evole-pone-fecha-entrevista-final-ricky-rubio-pidio-decidio-contar-habia-contado_1_12424881.html\" target=\"_blank\" data-mrf-recirculation=\"links-noticia\" class=\"link\" rel=\"nofollow noopener\"> especial con Ricky Rubio<\/a>.\n    <\/p>\n<p>    <a href=\"https:\/\/www.eldiario.es\/vertele\/noticias\/eduardo-casanova-anuncia-vih-documental-evole-atresmedia-rompo-silencio-desagradable_1_12856058.html\" data-mrf-recirculation=\"saber-mas\" data-dl-event=\"saber-mas\" rel=\"nofollow noopener\" target=\"_blank\"><\/p>\n<p class=\"know-more__title\">Eduardo Casanova anuncia que tiene VIH en un documental de \u00c9vole y Atresmedia: \u00abRompo este silencio tan desagradable\u00bb<\/p>\n<p>            <img decoding=\"async\" class=\"lazy\" loading=\"lazy\" data-src=\"https:\/\/static.eldiario.es\/clip\/62edaf46-7b92-4992-a4f6-b69fd0b250b4_16-9-aspect-ratio_default_0.jpg\" src=\"data:image\/svg+xml,%3Csvg xmlns=\" http:=\"\" viewbox=\"0 0 880 495\" alt=\"Eduardo Casanova anuncia que tiene VIH en un documental de \u00c9vole y Atresmedia: &quot;Rompo este silencio tan desagradable&quot;\"\/><\/p>\n<p>                        <\/a><\/p>\n<p class=\"article-text\">\n        <strong>\u201cEs el primer anuncio de la nueva temporada de Lo de \u00c9vole\u201d<\/strong> dice el presentador en su cuenta de X. \u201cEstamos deseando empezar. Pero de momento os dejamos con nuestros mejores deseos de Paz y Amor, tan habituales en esta red social\u201d ironiza.\n    <\/p>\n<p class=\"article-text\">\n        \u201cQue el hater nos pille cantando\u201d acaba escribiendo el catal\u00e1n en el comentario que acompa\u00f1a al v\u00eddeo. En el adelanto se ve a <strong>Jordi \u00c9vole <\/strong>como director de un coro que canta: \u201cLo Lo Lo Lo Looo Loooo Loooo\u201d. Y acaba con un \u201cLo Lo Lo de \u00c9vole, noches de paz. <strong>Muy pronto en laSexta\u201d. <\/strong>\n    <\/p>\n<blockquote class=\"twitter-tweet\" data-lang=\"es\"><p><a href=\"https:\/\/twitter.com\/X\/status\/2003470405244453155?ref_src=twsrc%5Etfw\" rel=\"nofollow noopener\" target=\"_blank\"><\/p><\/blockquote>\n<p class=\"article-text\">\n        De esta manera, el programa calienta motores para lanzar sus nuevas entregas, tras una sexta temporada que le convirti\u00f3, un a\u00f1o m\u00e1s, en un activo valioso para el canal de Atresmedia, como concluimos en nuestro <a href=\"https:\/\/www.eldiario.es\/vertele\/analisis\/lo-de-evole-audiencias-final-temporada-lasexta-consolida-apuesta-siete-tipos-invitado-maria-leon-entrevistas_1_12168956.html\" target=\"_blank\" data-mrf-recirculation=\"links-noticia\" class=\"link\" rel=\"nofollow noopener\">an\u00e1lisis de audiencias<\/a>.\n    <\/p>\n<p>    <a href=\"https:\/\/www.eldiario.es\/vertele\/videos\/actualidad\/roberto-leal-lapsus-pasapalabra-rosco-infarto-rosa-letra-millonario-bote_7_12868962.html\" data-mrf-recirculation=\"saber-mas-abajo\" data-dl-event=\"saber-mas-abajo\" rel=\"nofollow noopener\" target=\"_blank\"><\/p>\n<p class=\"know-more__title\">Roberto Leal sufri\u00f3 un lapsus en &#8216;Pasapalabra&#8217; antes de un &#8216;Rosco&#8217; de infarto: Rosa, a una letra del millonario bote<\/p>\n<p>            <img decoding=\"async\" class=\"lazy\" loading=\"lazy\" data-src=\"https:\/\/static.eldiario.es\/clip\/b5d48d42-489e-4f40-8ed8-bfc8ddd65002_16-9-aspect-ratio_default_0.jpg\" src=\"data:image\/svg+xml,%3Csvg xmlns=\" http:=\"\" viewbox=\"0 0 880 495\" alt=\"Roberto Leal sufri\u00f3 un lapsus en 'Pasapalabra' antes de un 'Rosco' de infarto: Rosa, a una letra del millonario bote\"\/><\/p>\n<p>                        <\/a><\/p>\n<p class=\"article-text\">\n        Y es que, Lo de \u00c9vole\u00a0estren\u00f3 su sexta temporada el pasado 19 de enero con\u00a0<strong>Juan y Medio<\/strong>\u00a0como protagonista y con una\u00a0<a href=\"https:\/\/www.eldiario.es\/vertele\/audiencias-tv\/domingo-19-enero-2025-cqc-vuelve-timido-telecinco-17-anos-despues-lo-de-evole-regresa-fuerza-lasexta_1_11976696.html\" target=\"_blank\" data-mrf-recirculation=\"links-noticia\" class=\"link\" rel=\"nofollow noopener\">audiencia media<\/a>\u00a0del\u00a0<strong>10.7% de cuota y 1.449.000 espectadores<\/strong>. Por ponerla en contexto, el programa llevaba tres cursos seguidos arrancando por debajo del doble d\u00edgito de share, as\u00ed que fue, a todos los efectos, un buen regreso para \u00c9vole y su equipo, que pone el list\u00f3n alto para la s\u00e9ptima.\n    <\/p>\n<p>                                <script async src=\"https:\/\/platform.twitter.com\/widgets.js\" charset=\"utf-8\"><\/script><\/p>\n","protected":false},"excerpt":{"rendered":"Lo de \u00c9vole ha aprovechado las fechas navide\u00f1as para lanzar la primera promo de su s\u00e9ptima temporada en&hellip;\n","protected":false},"author":2,"featured_media":305966,"comment_status":"","ping_status":"","sticky":false,"template":"","format":"standard","meta":{"footnotes":""},"categories":[171],"tags":[70999,146,147,25,24,72369,72370,2629,795,20824,1078,21541,23,1152,214],"class_list":{"0":"post-305965","1":"post","2":"type-post","3":"status-publish","4":"format-standard","5":"has-post-thumbnail","7":"category-tv","8":"tag-cantando","9":"tag-entertainment","10":"tag-entretenimiento","11":"tag-es","12":"tag-espana","13":"tag-evole","14":"tag-hater","15":"tag-lanza","16":"tag-nueva","17":"tag-pille","18":"tag-primera","19":"tag-promo","20":"tag-spain","21":"tag-temporada","22":"tag-tv"},"share_on_mastodon":{"url":"https:\/\/pubeurope.com\/@es\/115778633345200840","error":""},"_links":{"self":[{"href":"https:\/\/www.europesays.com\/es\/wp-json\/wp\/v2\/posts\/305965","targetHints":{"allow":["GET"]}}],"collection":[{"href":"https:\/\/www.europesays.com\/es\/wp-json\/wp\/v2\/posts"}],"about":[{"href":"https:\/\/www.europesays.com\/es\/wp-json\/wp\/v2\/types\/post"}],"author":[{"embeddable":true,"href":"https:\/\/www.europesays.com\/es\/wp-json\/wp\/v2\/users\/2"}],"replies":[{"embeddable":true,"href":"https:\/\/www.europesays.com\/es\/wp-json\/wp\/v2\/comments?post=305965"}],"version-history":[{"count":0,"href":"https:\/\/www.europesays.com\/es\/wp-json\/wp\/v2\/posts\/305965\/revisions"}],"wp:featuredmedia":[{"embeddable":true,"href":"https:\/\/www.europesays.com\/es\/wp-json\/wp\/v2\/media\/305966"}],"wp:attachment":[{"href":"https:\/\/www.europesays.com\/es\/wp-json\/wp\/v2\/media?parent=305965"}],"wp:term":[{"taxonomy":"category","embeddable":true,"href":"https:\/\/www.europesays.com\/es\/wp-json\/wp\/v2\/categories?post=305965"},{"taxonomy":"post_tag","embeddable":true,"href":"https:\/\/www.europesays.com\/es\/wp-json\/wp\/v2\/tags?post=305965"}],"curies":[{"name":"wp","href":"https:\/\/api.w.org\/{rel}","templated":true}]}}