{"id":306035,"date":"2025-12-25T06:54:10","date_gmt":"2025-12-25T06:54:10","guid":{"rendered":"https:\/\/www.europesays.com\/es\/306035\/"},"modified":"2025-12-25T06:54:10","modified_gmt":"2025-12-25T06:54:10","slug":"conservacion-y-exploracion-una-relacion-simbiotica","status":"publish","type":"post","link":"https:\/\/www.europesays.com\/es\/306035\/","title":{"rendered":"Conservaci\u00f3n y exploraci\u00f3n, una relaci\u00f3n simbi\u00f3tica"},"content":{"rendered":"<p class=\"\">Se suele pensar que el turismo y la conservaci\u00f3n avanzan por caminos separados, e incluso opuestos. Sin embargo, la experiencia en terreno nos ha mostrado lo contrario: cuando se <a href=\"https:\/\/elpais.com\/sociedad\/2013\/01\/03\/actualidad\/1357230802_555243.html\" target=\"_self\" rel=\"nofollow noopener\" title=\"https:\/\/elpais.com\/sociedad\/2013\/01\/03\/actualidad\/1357230802_555243.html\">explora<\/a> con conciencia, se convierte en una poderosa herramienta para proteger la naturaleza. Caminar junto a otras personas, detenerse a observar la flora nativa, explicar el comportamiento de un ave o mostrar c\u00f3mo el viento y el agua moldean el paisaje abre un espacio \u00fanico para sensibilizar sobre el valor de lo que estamos viendo. <\/p>\n<p class=\"\">Hablar de c\u00f3mo el <a href=\"https:\/\/elpais.com\/chile\/2024-11-08\/la-metamorfosis-de-la-patagonia-chilena-los-rios-y-glaciares-en-peligro-a-causa-del-cambio-climatico.html\" target=\"_self\" rel=\"nofollow noopener\" title=\"https:\/\/elpais.com\/chile\/2024-11-08\/la-metamorfosis-de-la-patagonia-chilena-los-rios-y-glaciares-en-peligro-a-causa-del-cambio-climatico.html\">calentamiento global<\/a> afecta a los glaciares o c\u00f3mo la sequ\u00eda modifica los ecosistemas se vuelve real cuando se observa con los propios ojos. Ah\u00ed surge entre las personas una conexi\u00f3n m\u00e1s profunda, emocional y duradera con la naturaleza. La exploraci\u00f3n se transforma as\u00ed en una v\u00eda directa hacia la conciencia ambiental y, por lo tanto, hacia la conservaci\u00f3n. De esa manera, las compa\u00f1\u00edas de turismo tienen una gran oportunidad y responsabilidad en educar a los viajeros sobre la importancia que tiene proteger el medioambiente y los paisajes que recorren.<\/p>\n<p class=\"\">En ese contexto, las reservas de <a href=\"https:\/\/elpais.com\/chile\/2023-12-09\/chile-avanza-en-la-conservacion-de-sus-rios-en-la-patagonia-futaleufu-y-puelo-seran-los-primeros-caudales-protegidos.html\" target=\"_self\" rel=\"nofollow noopener\" title=\"https:\/\/elpais.com\/chile\/2023-12-09\/chile-avanza-en-la-conservacion-de-sus-rios-en-la-patagonia-futaleufu-y-puelo-seran-los-primeros-caudales-protegidos.html\">conservaci\u00f3n, \u00e1reas p\u00fablicas o privadas<\/a> destinadas voluntariamente a la preservaci\u00f3n de ecosistemas, especies y recursos naturales, tienen un gran potencial en nuestro pa\u00eds. Al mismo tiempo que se protege, se puede impulsar el crecimiento del turismo de conservaci\u00f3n, el cual es cada vez m\u00e1s demandado por los viajeros.<\/p>\n<p class=\"\">Pero conservar no solo implica proteger un territorio delimitado: tambi\u00e9n requiere cuidar el entorno que lo rodea, los corredores biol\u00f3gicos, las fuentes de agua y las comunidades humanas que habitan esos espacios. Adem\u00e1s, este esfuerzo no puede hacerse desde una mirada aislada. La <a href=\"https:\/\/elpais.com\/internacional\/2017\/03\/16\/actualidad\/1489630315_709386.html\" target=\"_self\" rel=\"nofollow noopener\" title=\"https:\/\/elpais.com\/internacional\/2017\/03\/16\/actualidad\/1489630315_709386.html\">conservaci\u00f3n<\/a> es m\u00e1s efectiva cuando se construye de la mano con la comunidad. No solo se trata de preservar la naturaleza; tambi\u00e9n es esencial proteger la cultura que la rodea, la memoria de quienes han habitado esos territorios por generaciones, sus pr\u00e1cticas, su relaci\u00f3n con la tierra y sus historias. La comunidad no es un actor externo: es parte del ecosistema que se busca resguardar.<\/p>\n<p class=\"\">La exploraci\u00f3n puede inspirar esa sinergia. Un ejemplo concreto es Puritama, en <a href=\"https:\/\/elpais.com\/elpais\/2017\/10\/20\/planeta_futuro\/1508500000_513361.html\" target=\"_self\" rel=\"nofollow noopener\" title=\"https:\/\/elpais.com\/elpais\/2017\/10\/20\/planeta_futuro\/1508500000_513361.html\">San Pedro de Atacama<\/a>, donde la compa\u00f1\u00eda de turismo de lujo Explora administra m\u00e1s de 7.000 hect\u00e1reas. All\u00ed, 95% del territorio est\u00e1 protegido y solo un 5% se destina al turismo y la exploraci\u00f3n. En el caso de nuestra Reserva de Torres del Paine, administramos 6.000 hect\u00e1reas, de las cuales 97% est\u00e1n protegidas y 3%, destinada a turismo. <\/p>\n<p class=\"\">Sin embargo, este modelo no solo permite conservar, tambi\u00e9n impulsar el financiamiento, una de las principales problem\u00e1ticas que enfrenta hoy la conservaci\u00f3n. En la reserva de <a href=\"https:\/\/cincodias.elpais.com\/cincodias\/2016\/01\/21\/sentidos\/1453396879_855996.html\" target=\"_self\" rel=\"nofollow noopener\" title=\"https:\/\/cincodias.elpais.com\/cincodias\/2016\/01\/21\/sentidos\/1453396879_855996.html\">Torres del Paine<\/a>, las visitas no solo permiten que m\u00e1s personas conozcan el lugar, sino que inspiran a inversionistas a invertir directamente la conservaci\u00f3n del inmenso territorio que permanece intacto. Es un c\u00edrculo virtuoso: la exploraci\u00f3n bien gestionada genera recursos, conciencia y protecci\u00f3n a largo plazo.<\/p>\n<p class=\"\">Este enfoque deber\u00eda guiar el futuro del turismo en Chile y en la regi\u00f3n: experiencias profundas, respetuosas y educativas, que no exploten la naturaleza, sino que la sostengan. Nuestro pa\u00eds ofrece paisajes \u00fanicos y diversos que, sin conservaci\u00f3n, son finitos. He ah\u00ed la importancia de conservarlos, no solo porque es lo correcto, sino que tambi\u00e9n porque as\u00ed protegemos una fuente de gran relevancia para el crecimiento del pa\u00eds, como lo es el turismo.<\/p>\n<p class=\"\">La exploraci\u00f3n es mucho m\u00e1s que recorrer un territorio. Es una invitaci\u00f3n a entenderlo, a cuidarlo y a ser parte de su historia. Porque entre conservaci\u00f3n y exploraci\u00f3n, hay una \u00edntima relaci\u00f3n de mutuo beneficio.<\/p>\n<p><strong>Romina Da Pieve<\/strong> es subgerente de Conservaci\u00f3n de Explora<\/p>\n","protected":false},"excerpt":{"rendered":"Se suele pensar que el turismo y la conservaci\u00f3n avanzan por caminos separados, e incluso opuestos. Sin embargo,&hellip;\n","protected":false},"author":2,"featured_media":306036,"comment_status":"","ping_status":"","sticky":false,"template":"","format":"standard","meta":{"footnotes":""},"categories":[42],"tags":[889,17,18,2047,61547,13,14,72376,11,61,62,63,64,19,20,1804,6688,9,10,15,16,23880,12,4664,21,22,65,66,67],"class_list":{"0":"post-306035","1":"post","2":"type-post","3":"status-publish","4":"format-standard","5":"has-post-thumbnail","7":"category-internacional","8":"tag-america","9":"tag-breaking-news","10":"tag-breakingnews","11":"tag-chile","12":"tag-fauna","13":"tag-featured-news","14":"tag-featurednews","15":"tag-flor-alsa","16":"tag-headlines","17":"tag-internacional","18":"tag-international","19":"tag-international-news","20":"tag-internationalnews","21":"tag-latest-news","22":"tag-latestnews","23":"tag-latinoamerica","24":"tag-medio-ambiente","25":"tag-news","26":"tag-noticias","27":"tag-noticias-destacadas","28":"tag-noticiasdestacadas","29":"tag-parques-naturales","30":"tag-titulares","31":"tag-turismo","32":"tag-ultimas-noticias","33":"tag-ultimasnoticias","34":"tag-world","35":"tag-world-news","36":"tag-worldnews"},"share_on_mastodon":{"url":"https:\/\/pubeurope.com\/@es\/115778896851048349","error":""},"_links":{"self":[{"href":"https:\/\/www.europesays.com\/es\/wp-json\/wp\/v2\/posts\/306035","targetHints":{"allow":["GET"]}}],"collection":[{"href":"https:\/\/www.europesays.com\/es\/wp-json\/wp\/v2\/posts"}],"about":[{"href":"https:\/\/www.europesays.com\/es\/wp-json\/wp\/v2\/types\/post"}],"author":[{"embeddable":true,"href":"https:\/\/www.europesays.com\/es\/wp-json\/wp\/v2\/users\/2"}],"replies":[{"embeddable":true,"href":"https:\/\/www.europesays.com\/es\/wp-json\/wp\/v2\/comments?post=306035"}],"version-history":[{"count":0,"href":"https:\/\/www.europesays.com\/es\/wp-json\/wp\/v2\/posts\/306035\/revisions"}],"wp:featuredmedia":[{"embeddable":true,"href":"https:\/\/www.europesays.com\/es\/wp-json\/wp\/v2\/media\/306036"}],"wp:attachment":[{"href":"https:\/\/www.europesays.com\/es\/wp-json\/wp\/v2\/media?parent=306035"}],"wp:term":[{"taxonomy":"category","embeddable":true,"href":"https:\/\/www.europesays.com\/es\/wp-json\/wp\/v2\/categories?post=306035"},{"taxonomy":"post_tag","embeddable":true,"href":"https:\/\/www.europesays.com\/es\/wp-json\/wp\/v2\/tags?post=306035"}],"curies":[{"name":"wp","href":"https:\/\/api.w.org\/{rel}","templated":true}]}}