{"id":306040,"date":"2025-12-25T07:08:27","date_gmt":"2025-12-25T07:08:27","guid":{"rendered":"https:\/\/www.europesays.com\/es\/306040\/"},"modified":"2025-12-25T07:08:27","modified_gmt":"2025-12-25T07:08:27","slug":"el-proximo-lleno-en-territorio-hostil-para-un-popular-ucam","status":"publish","type":"post","link":"https:\/\/www.europesays.com\/es\/306040\/","title":{"rendered":"El pr\u00f3ximo lleno, en territorio hostil para un popular UCAM"},"content":{"rendered":"<p>La hist\u00f3rica temporada que est\u00e1 realizando el UCAM causa sensaci\u00f3n m\u00e1s all\u00e1 de la Regi\u00f3n. Segundo clasificado con nueve victorias, el mejor &#8216;basket-average&#8217; y  &#8230; un espectacular baloncesto, los de Sito Alonso han alcanzado a ser un reclamo como visitantes. Son el aliciente que puede hacer que en una jornada m\u00e1s un equipo local venda m\u00e1s entradas de la cuenta, y, para este s\u00e1bado a las 20.00 horas en Granada, se espera el &#8216;no hay billetes&#8217;.<\/p>\n<p class=\"v-p\">Aprovechando la cercan\u00eda del rival, el propio UCAM organiz\u00f3 un viaje que aunaba el desplazamiento en autob\u00fas y la entrada para a un precio \u00fanico de 20 euros. Abri\u00f3 la venta el pasado d\u00eda 15, es decir, con doce de antelaci\u00f3n para el partido, y las plazas \u00abse agotaron en diez minutos\u00bb, cuentan desde las oficinas del club, donde contabilizan alrededor de 200 aficionados.<\/p>\n<p class=\"v-p\">Eso s\u00ed, que este sea el segundo viaje m\u00e1s corto del mapa de la Liga Endesa para el UCAM ha servido para que multitud de aficionados no se echen para atr\u00e1s pese al visto y no visto del viaje organizado, y est\u00e1n comprando entradas por su cuenta para un partido \u00aben un lugar siempre especial\u00bb, cuenta Alberto, de la pe\u00f1a Triple-Doble, que siempre recordar\u00e1 Granada como la ciudad de la primera Copa del Rey del UCAM. El d\u00e9cimo triunfo de la temporada no dar\u00eda a\u00fan el pase matem\u00e1tico para la pr\u00f3xima, pero lo pondr\u00eda en bandeja.<\/p>\n<p>El equipo de moda<\/p>\n<p class=\"v-p\">Otros ven en el partido de este s\u00e1bado la oportunidad perfecta para una escapada. \u00abEste a\u00f1o estamos disfrutando mucho y vamos a aprovechar para hacer fin de semana all\u00ed\u00bb, cuentan Jos\u00e9 Javier y Mar\u00eda, que ser\u00e1n dos de los muchos visitantes que recibe Granada en estas fechas navide\u00f1as, con mayor\u00eda murciana asegurada para esta ocasi\u00f3n.<\/p>\n<p class=\"v-p\">Quienes a\u00fan se lo est\u00e9n pensando no podr\u00e1n remolonear mucho m\u00e1s. En el pabell\u00f3n nazar\u00ed, a cuatro d\u00edas del partido, son cerca de 600 las entradas que quedan a la venta en un pabell\u00f3n con capacidad m\u00e1xima para 9.000 espectadores. Es decir, que el lleno est\u00e1 garantizado para ver al equipo de moda en la Liga Endesa, que est\u00e1 previsto que movilice a m\u00e1s aficionados que equipos tan medi\u00e1ticos como los que ya han pasado por Granada esta temporada, caso del Joventut (7.489 espectadores), el Baskonia (7.219), el Valencia (6.397) o el Real Madrid (7.727 aficionados).<\/p>\n<p class=\"v-p\">Mucha culpa de ello tendr\u00e1 la invasi\u00f3n de la afici\u00f3n murciana, que tambi\u00e9n est\u00e1 cumpliendo con creces en la casa propia. Acontecidos seis partidos de Liga Endesa como local, el Palacio no ha bajado de los 6.488 espectadores, para una media de 6.874,7 por partido, con lleno el pasado domingo ante el Valencia y otro en camino para el martes siguiente a las 21.00 contra el Real Madrid. A mismo n\u00famero de partidos la temporada pasada, la siguiente al subcampeonato, la media era de 6.008,7.<\/p>\n","protected":false},"excerpt":{"rendered":"La hist\u00f3rica temporada que est\u00e1 realizando el UCAM causa sensaci\u00f3n m\u00e1s all\u00e1 de la Regi\u00f3n. Segundo clasificado con&hellip;\n","protected":false},"author":2,"featured_media":306041,"comment_status":"","ping_status":"","sticky":false,"template":"","format":"standard","meta":{"footnotes":""},"categories":[269],"tags":[299,298,168,25,24,41540,5586,7108,3444,23,167,702,9413],"class_list":{"0":"post-306040","1":"post","2":"type-post","3":"status-publish","4":"format-standard","5":"has-post-thumbnail","7":"category-baloncesto","8":"tag-baloncesto","9":"tag-basketball","10":"tag-deportes","11":"tag-es","12":"tag-espana","13":"tag-hostil","14":"tag-lleno","15":"tag-popular","16":"tag-proximo","17":"tag-spain","18":"tag-sports","19":"tag-territorio","20":"tag-ucam"},"share_on_mastodon":{"url":"https:\/\/pubeurope.com\/@es\/115778951896871155","error":""},"_links":{"self":[{"href":"https:\/\/www.europesays.com\/es\/wp-json\/wp\/v2\/posts\/306040","targetHints":{"allow":["GET"]}}],"collection":[{"href":"https:\/\/www.europesays.com\/es\/wp-json\/wp\/v2\/posts"}],"about":[{"href":"https:\/\/www.europesays.com\/es\/wp-json\/wp\/v2\/types\/post"}],"author":[{"embeddable":true,"href":"https:\/\/www.europesays.com\/es\/wp-json\/wp\/v2\/users\/2"}],"replies":[{"embeddable":true,"href":"https:\/\/www.europesays.com\/es\/wp-json\/wp\/v2\/comments?post=306040"}],"version-history":[{"count":0,"href":"https:\/\/www.europesays.com\/es\/wp-json\/wp\/v2\/posts\/306040\/revisions"}],"wp:featuredmedia":[{"embeddable":true,"href":"https:\/\/www.europesays.com\/es\/wp-json\/wp\/v2\/media\/306041"}],"wp:attachment":[{"href":"https:\/\/www.europesays.com\/es\/wp-json\/wp\/v2\/media?parent=306040"}],"wp:term":[{"taxonomy":"category","embeddable":true,"href":"https:\/\/www.europesays.com\/es\/wp-json\/wp\/v2\/categories?post=306040"},{"taxonomy":"post_tag","embeddable":true,"href":"https:\/\/www.europesays.com\/es\/wp-json\/wp\/v2\/tags?post=306040"}],"curies":[{"name":"wp","href":"https:\/\/api.w.org\/{rel}","templated":true}]}}